{"id":23716,"date":"2020-08-06T20:20:49","date_gmt":"2020-08-06T20:20:49","guid":{"rendered":"https:\/\/redsemlac.com\/semmexico\/?p=23716"},"modified":"2023-07-21T16:27:09","modified_gmt":"2023-07-21T21:27:09","slug":"el-ministro-gutierrez-ortiz-mena-analizara-tema-de-aborto-en-veracruz","status":"publish","type":"post","link":"https:\/\/redsemlac.com\/semmexico\/el-ministro-gutierrez-ortiz-mena-analizara-tema-de-aborto-en-veracruz\/","title":{"rendered":"El ministro Guti\u00e9rrez Ortiz Mena analizar\u00e1 tema de aborto en Veracruz"},"content":{"rendered":"\n<p class=\"wp-block-paragraph\"><strong>Por: Ana Alicia Osorio\/Testigo P\u00farpura<\/strong><\/p>\n\n\n\n<p class=\"wp-block-paragraph\">SemM\u00e9xico\/ Billie Parker Noticias. Veracruz.  06 agosto 2020.- El tema del aborto en Veracruz ya fue entregado a otro ministro de la Suprema Corte de Justicia de la Naci\u00f3n para que lo analice y presente un nuevo proyecto ante la Primera Sala.<\/p>\n\n\n\n<p class=\"wp-block-paragraph\">Ahora el ministro Alfredo Guti\u00e9rrez Ortiz Mena ser\u00e1 el encargado de analizar el amparo y su resoluci\u00f3n, presentado por asociaciones civiles porque el Congreso del Estado se neg\u00f3 a modificar las causas de aborto legal en la entidad veracruzana.<\/p>\n\n\n\n<p class=\"wp-block-paragraph\">Este ministro, quien ya estuvo a cargo de un proyecto donde se dictamin\u00f3 que negar el aborto en casos de que haya posibles complicaciones a la salud de las mujeres es una violaci\u00f3n a sus derechos, ser\u00e1 el nuevo encargado de elaborar un posicionamiento.<\/p>\n\n\n\n<p class=\"wp-block-paragraph\">&nbsp;\u201cEl Ministro Guti\u00e9rrez Ortiz Mena ha sido consistente en proponer que los casos sean analizados con perspectiva de g\u00e9nero. Su manera de pensar sobre la equidad y discriminaci\u00f3n lo ha llevado a pronunciarse en favor de declarar la inconstitucionalidad de normas secundarias que, a su juicio, resultar\u00edan en un reforzamiento de estereotipos de g\u00e9nero\u201d, se\u00f1ala la p\u00e1gina de la Corte.<\/p>\n\n\n\n<p class=\"wp-block-paragraph\">Ello luego de que el pasado 29 de julio los y las ministras rechazaron un proyecto donde se determinaba que el Congreso deb\u00eda hacer las modificaciones necesarias ya que consideraron que la forma en que se planteaba (omisi\u00f3n legislativa) no era la correcta.<\/p>\n\n\n\n<p class=\"wp-block-paragraph\">El caso del aborto en Veracruz lleg\u00f3 a la Suprema Corte de Justicia de la Naci\u00f3n luego de que el Congreso se negara a ampliar las causas de interrupci\u00f3n legal del embarazo como lo marcaba la Alerta de Violencia de G\u00e9nero (hasta las 12 semanas de gestaci\u00f3n sin restricci\u00f3n, por salud de la mujer y sin tiempo l\u00edmite por violaci\u00f3n).<\/p>\n\n\n\n<p class=\"wp-block-paragraph\">Ante ello algunas organizaciones feministas presentaron un amparo que fue resuelto a su favor pero el Congreso apel\u00f3 esa decisi\u00f3n y la SCJN decidi\u00f3 que le toca decidir al respecto por la importancia del tema.<\/p>\n\n\n\n<p class=\"wp-block-paragraph\">El Observatorio Ciudadano Nacional del Feminicidio hab\u00eda se\u00f1alado que es necesario que el nuevo ministro act\u00fae de manera r\u00e1pida para que el proyecto se vote a la mayor brevedad posible.<\/p>\n","protected":false},"excerpt":{"rendered":"<p>Ahora el ministro Alfredo Guti\u00e9rrez Ortiz Mena ser\u00e1 el encargado de analizar el amparo y su resoluci\u00f3n, presentado por asociaciones civiles porque el Congreso del Estado se neg\u00f3 a modificar las causas de aborto legal en la entidad veracruzana.<\/p>\n","protected":false},"author":3,"featured_media":23717,"comment_status":"open","ping_status":"open","sticky":false,"template":"","format":"standard","meta":{"_monsterinsights_skip_tracking":false,"footnotes":""},"categories":[691,51],"tags":[],"class_list":["post-23716","post","type-post","status-publish","format-standard","has-post-thumbnail","category-691","category-ejecutivo"],"_links":{"self":[{"href":"https:\/\/redsemlac.com\/semmexico\/wp-json\/wp\/v2\/posts\/23716","targetHints":{"allow":["GET"]}}],"collection":[{"href":"https:\/\/redsemlac.com\/semmexico\/wp-json\/wp\/v2\/posts"}],"about":[{"href":"https:\/\/redsemlac.com\/semmexico\/wp-json\/wp\/v2\/types\/post"}],"author":[{"embeddable":true,"href":"https:\/\/redsemlac.com\/semmexico\/wp-json\/wp\/v2\/users\/3"}],"replies":[{"embeddable":true,"href":"https:\/\/redsemlac.com\/semmexico\/wp-json\/wp\/v2\/comments?post=23716"}],"version-history":[{"count":0,"href":"https:\/\/redsemlac.com\/semmexico\/wp-json\/wp\/v2\/posts\/23716\/revisions"}],"wp:featuredmedia":[{"embeddable":true,"href":"https:\/\/redsemlac.com\/semmexico\/wp-json\/wp\/v2\/media\/23717"}],"wp:attachment":[{"href":"https:\/\/redsemlac.com\/semmexico\/wp-json\/wp\/v2\/media?parent=23716"}],"wp:term":[{"taxonomy":"category","embeddable":true,"href":"https:\/\/redsemlac.com\/semmexico\/wp-json\/wp\/v2\/categories?post=23716"},{"taxonomy":"post_tag","embeddable":true,"href":"https:\/\/redsemlac.com\/semmexico\/wp-json\/wp\/v2\/tags?post=23716"}],"curies":[{"name":"wp","href":"https:\/\/api.w.org\/{rel}","templated":true}]}}