{"id":2370,"date":"2018-07-11T23:15:44","date_gmt":"2018-07-11T23:15:44","guid":{"rendered":"https:\/\/redsemlac.com\/semmexico\/?p=2370"},"modified":"2023-07-21T14:32:18","modified_gmt":"2023-07-21T19:32:18","slug":"para-entrar-a-la-politica-hay-que-pedir-permiso-al-marido-narran-en-foro-sobre-sus-vivencias-en-la-contienda-electoral","status":"publish","type":"post","link":"https:\/\/redsemlac.com\/semmexico\/para-entrar-a-la-politica-hay-que-pedir-permiso-al-marido-narran-en-foro-sobre-sus-vivencias-en-la-contienda-electoral\/","title":{"rendered":"Para entrar a la pol\u00edtica, hay que pedir permiso al marido, narran en foro sobre sus vivencias en la contienda electoral"},"content":{"rendered":"\n<p class=\"wp-block-paragraph\"><a href=\"https:\/\/www.semmexico.com\/gallery-post.php?id=5286#\">Martha Elba Torres<\/a><\/p>\n\n\n\n<p class=\"wp-block-paragraph\">SemM\u00e9xico. Michoac\u00e1n. 11 de julio de 2018.- -\u00bfYa le pediste permiso a tu marido para que te dejara participar?, le preguntaban a menudo, a Mar\u00eda Salud, candidata a presidenta municipal de Morena en Nuevo Urecho, cuando andaba en campa\u00f1a.<\/p>\n\n\n\n<p class=\"wp-block-paragraph\">-Claro que s\u00ed, les dec\u00eda, pero no era cierto. Tuvo que dejar al marido para hacer pol\u00edtica, \u201cporque las mujeres s\u00ed podemos cambiar las cosas y no es que nos dejen, tenemos que hacerlo por nuestras familias\u201d.<\/p>\n\n\n\n<p class=\"wp-block-paragraph\">El testimonio de Mar\u00eda Salud sobre su primera experiencia en pol\u00edtica, fue parte del Foro \u201cEl Reto de la Mujer en su Participaci\u00f3n Pol\u00edtica\u201d, que realiz\u00f3 la secretaria de Organizaci\u00f3n del Comit\u00e9 Directivo Estatal de Morena, Mary Ch\u00e1vez P\u00e9rez y en el que otras precandidatas y candidatas narraron sus peripecias en un mundo \u2013su mundo- agobiado por el machismo y \u201cmalinchismo\u201d.<\/p>\n\n\n\n<p class=\"wp-block-paragraph\">Ang\u00e9lica compiti\u00f3 en Tepalcatepec, tambi\u00e9n por la presidencia municipal. Perdi\u00f3. \u201cPero por la compra de votos. Estoy aqu\u00ed para ver mis fallas como mujer, pero hubo muchas piedras en el camino para llegar a la candidatura\u201d.<\/p>\n\n\n\n<p class=\"wp-block-paragraph\">A Catalina, de Coahuayana, primero la hicieron candidata el 27 de marzo; para el 9 de abril, ya la hab\u00edan quitado para poner a otra. Aide, de Turicato, era la candidata a s\u00edndica en la planilla, pero tambi\u00e9n el comit\u00e9 estatal la baj\u00f3.<\/p>\n\n\n\n<p class=\"wp-block-paragraph\">Jovany Meza, que compiti\u00f3 en Gabriel Zamora est\u00e1 en proceso de impugnaci\u00f3n, pues perdi\u00f3 aparentemente por 270 votos. \u201cLuchar\u00e9, porque ah\u00ed se compr\u00f3 el voto\u201d.<\/p>\n\n\n\n<p class=\"wp-block-paragraph\">Rosa, de Chuc\u00e1ndiro, est\u00e1 consciente de que gan\u00f3 Morena por el efecto Obrador, pero reconoce que la lucha, primero por la candidatura y luego por el cargo, para las mujeres es muy dif\u00edcil. \u201cEs muy fuerte el machismo que hay. Piensan los hombres que si llegamos a los cargos, nos vamos a levantar en armas y les vamos a pegar\u201d.<\/p>\n\n\n\n<p class=\"wp-block-paragraph\">A Jenifer, de Villa Madero, le impusieron el dedazo y le gan\u00f3 el dinero. Pero la experiencia de recorrer y conocer su municipio en busca de la candidatura, le da \u00e1nimos para seguir adelante en la pol\u00edtica. \u201cLas mujeres tenemos la fuerza y el poder por luchar por lo que anhelamos, que es el cambio que representa Andr\u00e9s Manuel L\u00f3pez Obrador\u201d.<\/p>\n\n\n\n<p class=\"wp-block-paragraph\">Mar\u00eda del Carmen, es regidora electa de Morelia, que gan\u00f3, pero quer\u00eda compartir su experiencia de haber tenido en contra de su registro, al propio comit\u00e9 estatal de Morena.<\/p>\n\n\n\n<p class=\"wp-block-paragraph\">&nbsp;&nbsp;&nbsp;&nbsp;&nbsp;&nbsp;&nbsp;&nbsp;&nbsp;&nbsp;&nbsp;&nbsp;&nbsp;&nbsp;&nbsp;&nbsp;&nbsp;&nbsp;&nbsp;&nbsp;&nbsp;&nbsp;&nbsp;&nbsp;&nbsp;&nbsp;&nbsp;&nbsp;&nbsp;&nbsp;&nbsp;&nbsp;&nbsp;&nbsp;&nbsp;&nbsp;&nbsp;&nbsp;&nbsp;&nbsp;&nbsp;&nbsp;&nbsp;&nbsp;&nbsp;&nbsp;&nbsp;&nbsp;&nbsp;&nbsp;&nbsp;&nbsp;&nbsp;&nbsp;&nbsp;&nbsp;&nbsp;&nbsp;&nbsp;&nbsp;&nbsp;&nbsp;&nbsp;&nbsp;&nbsp;&nbsp;&nbsp;&nbsp;&nbsp;&nbsp;&nbsp;&nbsp;&nbsp;&nbsp;&nbsp;&nbsp;&nbsp;&nbsp;&nbsp;&nbsp;&nbsp;&nbsp;&nbsp;&nbsp;&nbsp;&nbsp;&nbsp;&nbsp;<strong>La diputada 15<\/strong><\/p>\n\n\n\n<p class=\"wp-block-paragraph\">Mary Ch\u00e1vez Ch\u00e1vez es maestra jubilada y milit\u00f3 en la CNTE. No lo tuvo que decir, pero result\u00f3 evidente que no se lleva bien con la dirigencia estatal morenista, que encabeza Roberto Pantoja, y menos con la titular de la cartera de la Mujer, Senaida, que ni siquiera se present\u00f3 en el foro.<\/p>\n\n\n\n<p class=\"wp-block-paragraph\">En la lista plurinominal de la V Circunscripci\u00f3n, la anotaron en el lugar n\u00famero 15 porque creyeron que no iba a llegar. Pero ya es diputada federal electa porque entr\u00f3 hasta el sitio 17. \u201cY cuando presentan a las y los candidatos, del 14 se pasan al 16 y 17 y a m\u00ed&nbsp;ni me mencionan, pero ya soy\u201d, dice burlona.<\/p>\n\n\n\n<p class=\"wp-block-paragraph\">\u201cTraje los testimonios de estas compa\u00f1eras, que son pocas, porque apenas nos estamos conociendo y queremos que se sepa la realidad en la contienda electoral; que se sepa si hubo o no apoyo. Pero lo m\u00e1s importante es la perspectivas que tienen ellas, a partir de sus vivencias. \u00bfA d\u00f3nde vamos como mujeres, c\u00f3mo vamos a trabajar y para qui\u00e9nes vamos a trabajar?<\/p>\n\n\n\n<p class=\"wp-block-paragraph\">\u201cMi visi\u00f3n es que hay malinchismo, machismo y violencia pol\u00edtica, porque te dicen: qu\u00edtate porque tu no sirves, o no hay mujeres competentes para una candidatura. La mujer de aqu\u00ed \u2013se toca la cadera-, para abajo, que no nada m\u00e1s servimos sexualmente y para hacer de comer\u201d, expone.<\/p>\n\n\n\n<p class=\"wp-block-paragraph\">La violencia intrapartidista y en campa\u00f1as no lleg\u00f3 a los institutos electorales \u2013reconoce- porque \u201clas compa\u00f1eras no recibieron la orientaci\u00f3n de la secretaria de la mujer del comit\u00e9, ni del IEM, pero a mi si me preocup\u00f3. Senaida se fue de candidata a Zit\u00e1cuaro y no digo que sea buena o no, solo que ese aspecto se desatendi\u00f3 y lo asum\u00ed yo\u201d.<\/p>\n\n\n\n<p class=\"wp-block-paragraph\">&nbsp;&nbsp;&nbsp;&nbsp;&nbsp;&nbsp;&nbsp;&nbsp;&nbsp;&nbsp;&nbsp;&nbsp;&nbsp;&nbsp;&nbsp;&nbsp;&nbsp;&nbsp;&nbsp;&nbsp;&nbsp;&nbsp;&nbsp;&nbsp;&nbsp;&nbsp;&nbsp;&nbsp;&nbsp;&nbsp;&nbsp;&nbsp;&nbsp;&nbsp;&nbsp;&nbsp;&nbsp;&nbsp;&nbsp;&nbsp;&nbsp;&nbsp;&nbsp;&nbsp;&nbsp;&nbsp;&nbsp;&nbsp;&nbsp;&nbsp;&nbsp;&nbsp;&nbsp;&nbsp;&nbsp;&nbsp;&nbsp;&nbsp;&nbsp;&nbsp;&nbsp;&nbsp;&nbsp;&nbsp;&nbsp;&nbsp;&nbsp;&nbsp;&nbsp;&nbsp;&nbsp;&nbsp;&nbsp;&nbsp;&nbsp;&nbsp;&nbsp;&nbsp;&nbsp;&nbsp;&nbsp;&nbsp;&nbsp;&nbsp;&nbsp;&nbsp;&nbsp;&nbsp;<strong>La oportunista<\/strong><\/p>\n\n\n\n<p class=\"wp-block-paragraph\">La maestra Mary Ch\u00e1vez cuenta de su participaci\u00f3n en un foro sobre participaci\u00f3n pol\u00edtica, que organiz\u00f3 Seimujer en 2016. \u201cNo me invit\u00f3 Fabiola Alan\u00eds, porque ni la conoc\u00eda. \u00a1Ahora s\u00ed! porque ya est\u00e1&nbsp;de este lado. Pero fui y particip\u00e9. Yo era centista de las que gritaba en las calles, y puse en claro que las mujeres debemos ser reales para que nos vean en la realidad; si no levantamos la voz y que sea una realidad el proyecto de naci\u00f3n, que si venga la transformaci\u00f3n, entonces qu\u00e9 hacemos.<\/p>\n\n\n\n<p class=\"wp-block-paragraph\">\u201cYo le dije ese d\u00eda a Fabiola: hay que ver una realidad. Las diputadas hablan de muchas maravillas y cu\u00e1nto trabajo les cost\u00f3 llegar a los cargos, pero nunca dicen, me acost\u00e9 con el presidente del partido, con el diputado o senador para que me empoderaran y me hicieran candidata. Y eso es lo que callamos las mujeres y es una realidad, sabemos aguantar y sufrir. Tenemos a los hijos en el vientre y si no defendemos a nuestros hijos, si no nos defendemos entre mujeres y si no defendemos a las mujeres, va a seguir siendo lo mismo\u201d.<br><\/p>\n","protected":false},"excerpt":{"rendered":"<p>Martha Elba Torres SemM\u00e9xico. Michoac\u00e1n. 11 de julio de 2018.- -\u00bfYa le pediste permiso a tu marido para que te dejara participar?, le preguntaban a menudo, a Mar\u00eda Salud, candidata a presidenta municipal de Morena en Nuevo Urecho, cuando andaba en campa\u00f1a. -Claro que s\u00ed, les dec\u00eda, pero no era cierto. Tuvo que dejar al [&hellip;]<\/p>\n","protected":false},"author":3,"featured_media":2371,"comment_status":"open","ping_status":"open","sticky":false,"template":"","format":"standard","meta":{"_monsterinsights_skip_tracking":false,"footnotes":""},"categories":[689,33],"tags":[],"class_list":["post-2370","post","type-post","status-publish","format-standard","has-post-thumbnail","category-689","category-elecciones-2018"],"_links":{"self":[{"href":"https:\/\/redsemlac.com\/semmexico\/wp-json\/wp\/v2\/posts\/2370","targetHints":{"allow":["GET"]}}],"collection":[{"href":"https:\/\/redsemlac.com\/semmexico\/wp-json\/wp\/v2\/posts"}],"about":[{"href":"https:\/\/redsemlac.com\/semmexico\/wp-json\/wp\/v2\/types\/post"}],"author":[{"embeddable":true,"href":"https:\/\/redsemlac.com\/semmexico\/wp-json\/wp\/v2\/users\/3"}],"replies":[{"embeddable":true,"href":"https:\/\/redsemlac.com\/semmexico\/wp-json\/wp\/v2\/comments?post=2370"}],"version-history":[{"count":0,"href":"https:\/\/redsemlac.com\/semmexico\/wp-json\/wp\/v2\/posts\/2370\/revisions"}],"wp:featuredmedia":[{"embeddable":true,"href":"https:\/\/redsemlac.com\/semmexico\/wp-json\/wp\/v2\/media\/2371"}],"wp:attachment":[{"href":"https:\/\/redsemlac.com\/semmexico\/wp-json\/wp\/v2\/media?parent=2370"}],"wp:term":[{"taxonomy":"category","embeddable":true,"href":"https:\/\/redsemlac.com\/semmexico\/wp-json\/wp\/v2\/categories?post=2370"},{"taxonomy":"post_tag","embeddable":true,"href":"https:\/\/redsemlac.com\/semmexico\/wp-json\/wp\/v2\/tags?post=2370"}],"curies":[{"name":"wp","href":"https:\/\/api.w.org\/{rel}","templated":true}]}}