{"id":2367,"date":"2018-07-12T23:13:38","date_gmt":"2018-07-12T23:13:38","guid":{"rendered":"https:\/\/redsemlac.com\/semmexico\/?p=2367"},"modified":"2023-07-21T14:32:18","modified_gmt":"2023-07-21T19:32:18","slug":"promete-llevar-a-tribuna-el-fortalecimiento-de-los-derechos-de-las-mujeres","status":"publish","type":"post","link":"https:\/\/redsemlac.com\/semmexico\/promete-llevar-a-tribuna-el-fortalecimiento-de-los-derechos-de-las-mujeres\/","title":{"rendered":"Promete llevar a tribuna el fortalecimiento de los derechos de las mujeres"},"content":{"rendered":"\n<p class=\"wp-block-paragraph\"><a href=\"https:\/\/www.semmexico.com\/gallery-post.php?id=5288#\">Lizbeth \u00c1lvarez<\/a><\/p>\n\n\n\n<p class=\"wp-block-paragraph\">SemM\u00e9xico, Cd. de M\u00e9xico, 12 julio 2018.- Ser pobre, ind\u00edgena y tener baja estatura fueron motivos para vivir discriminaci\u00f3n, pero nada de ello significo un obst\u00e1culo para seguir adelante, dice In\u00e9s Parra Ju\u00e1rez, por el distrito 4, Ajalpan, Puebla.<\/p>\n\n\n\n<p class=\"wp-block-paragraph\">Antes de reunirse con el presidente electo Andr\u00e9s Manuel L\u00f3pez Obrador, Parra Ju\u00e1rez se\u00f1al\u00f3 a SemM\u00e9xico que le preocupa la condici\u00f3n social de las mujeres, en especial, de las ind\u00edgenas.<\/p>\n\n\n\n<p class=\"wp-block-paragraph\">In\u00e9s Parra gan\u00f3 con la elecci\u00f3n al obtener 64 mil 739 votos durante la jornada comicial del pasado 1 de julio, distrito donde buena parte de sus residentes hablan el n\u00e1huatl.<\/p>\n\n\n\n<p class=\"wp-block-paragraph\">La futura legisladora afirm\u00f3 que llevar\u00e1 al congreso el fortalecimiento de las mujeres a trav\u00e9s de sus derechos, los mismos que pese a la discriminaci\u00f3n que vivi\u00f3, la llevaron a ser hoy una diputada electa.<\/p>\n\n\n\n<p class=\"wp-block-paragraph\">A puerta cerrada, los futuros legisladores por MORENA escucharon a L\u00f3pez Obrador quien expuso las iniciativas de reformas que enviar\u00e1 al Congreso para llevar a cabo la \u201ccuarta transformaci\u00f3n del pa\u00eds\u201d.<\/p>\n\n\n\n<p class=\"wp-block-paragraph\">SEM\/la\/sj<\/p>\n","protected":false},"excerpt":{"rendered":"<p>Lizbeth \u00c1lvarez SemM\u00e9xico, Cd. de M\u00e9xico, 12 julio 2018.- Ser pobre, ind\u00edgena y tener baja estatura fueron motivos para vivir discriminaci\u00f3n, pero nada de ello significo un obst\u00e1culo para seguir adelante, dice In\u00e9s Parra Ju\u00e1rez, por el distrito 4, Ajalpan, Puebla. Antes de reunirse con el presidente electo Andr\u00e9s Manuel L\u00f3pez Obrador, Parra Ju\u00e1rez se\u00f1al\u00f3 [&hellip;]<\/p>\n","protected":false},"author":3,"featured_media":2368,"comment_status":"open","ping_status":"open","sticky":false,"template":"","format":"standard","meta":{"_monsterinsights_skip_tracking":false,"footnotes":""},"categories":[689,33],"tags":[],"class_list":["post-2367","post","type-post","status-publish","format-standard","has-post-thumbnail","category-689","category-elecciones-2018"],"_links":{"self":[{"href":"https:\/\/redsemlac.com\/semmexico\/wp-json\/wp\/v2\/posts\/2367","targetHints":{"allow":["GET"]}}],"collection":[{"href":"https:\/\/redsemlac.com\/semmexico\/wp-json\/wp\/v2\/posts"}],"about":[{"href":"https:\/\/redsemlac.com\/semmexico\/wp-json\/wp\/v2\/types\/post"}],"author":[{"embeddable":true,"href":"https:\/\/redsemlac.com\/semmexico\/wp-json\/wp\/v2\/users\/3"}],"replies":[{"embeddable":true,"href":"https:\/\/redsemlac.com\/semmexico\/wp-json\/wp\/v2\/comments?post=2367"}],"version-history":[{"count":0,"href":"https:\/\/redsemlac.com\/semmexico\/wp-json\/wp\/v2\/posts\/2367\/revisions"}],"wp:featuredmedia":[{"embeddable":true,"href":"https:\/\/redsemlac.com\/semmexico\/wp-json\/wp\/v2\/media\/2368"}],"wp:attachment":[{"href":"https:\/\/redsemlac.com\/semmexico\/wp-json\/wp\/v2\/media?parent=2367"}],"wp:term":[{"taxonomy":"category","embeddable":true,"href":"https:\/\/redsemlac.com\/semmexico\/wp-json\/wp\/v2\/categories?post=2367"},{"taxonomy":"post_tag","embeddable":true,"href":"https:\/\/redsemlac.com\/semmexico\/wp-json\/wp\/v2\/tags?post=2367"}],"curies":[{"name":"wp","href":"https:\/\/api.w.org\/{rel}","templated":true}]}}