{"id":23597,"date":"2020-08-03T18:30:44","date_gmt":"2020-08-03T18:30:44","guid":{"rendered":"https:\/\/redsemlac.com\/semmexico\/?p=23597"},"modified":"2023-07-21T16:27:14","modified_gmt":"2023-07-21T21:27:14","slug":"jo-tuckman","status":"publish","type":"post","link":"https:\/\/redsemlac.com\/semmexico\/jo-tuckman\/","title":{"rendered":"Jo Tuckman"},"content":{"rendered":"\n<h2 class=\"wp-block-heading\">La ex corresponsal en M\u00e9xico para The Guardian, comprometida periodista en su pa\u00eds adoptivo<\/h2>\n\n\n\n<p class=\"wp-block-paragraph\"><strong>Elizabeth Mistry&nbsp;<\/strong><\/p>\n\n\n\n<p class=\"wp-block-paragraph\">SemM\u00e9xico, 3 de agosto, 2020.- Cuando, la periodista brit\u00e1nica Jo Tuckman jugaba con su hermana Philippa mientras ambos crec\u00edan en Inglaterra, fue evidente que desde ni\u00f1a, \u201cJo tenia opiniones ya muy fuertes y una actitud muy enfocada\u201d. &nbsp;<\/p>\n\n\n\n<p class=\"wp-block-paragraph\">Tuckman, quien fungi\u00f3 como corresponsal en M\u00e9xico para el diario Londinense The Guardian antes de colaborar con <em>Vice Mexico<\/em>, falleci\u00f3 en la Cuidad de M\u00e9xico, el 9 de julio despu\u00e9s una breve lucha contra un c\u00e1ncer muy agresiva. &nbsp;<\/p>\n\n\n\n<p class=\"wp-block-paragraph\">A pesar de un diagnostico que le recordaba la lucha de su mam\u00e1 -una activista ambiental- d\u00e9cadas antes, Jo no dej\u00f3 de pensar en su familia y sus amigas de muchos a\u00f1os. Despu\u00e9s de vivir tanto tiempo en M\u00e9xico, su pa\u00eds adoptivo, Jo contaba con un sinf\u00edn de gente, entre ellas, la investigadora de CIESAS, Rachel Sieder, Marion Lloyd, Ediurne X y su compa\u00f1ero de trabajo, Mark Stevenson.&nbsp;<\/p>\n\n\n\n<p class=\"wp-block-paragraph\">Ellas y ellos formaron -con la ayuda de muchas otras- la red de apoyo durante sus \u00faltimos meses, cuando Tuckman continuaba su labor period\u00edstica incluso llevando a cabo una entrevista con Evo Morales, durante su exilio en M\u00e9xico. &nbsp;<\/p>\n\n\n\n<p class=\"wp-block-paragraph\">Pero fue la serie de notas extraordinarias refiriendo a supuestos convenios entre el PRI y Televisa para promover un candidato para a la presidencia mexicana que mostr\u00f3 su diligencia y compromiso con la verdad.&nbsp; No obstante que los abogados&nbsp;negaron las alegaciones en The Guardian, la cual sac\u00f3, despu\u00e9s una fuerte presi\u00f3n de la emisora una retracci\u00f3n, el episodio fue uno de los retos m\u00e1s grandes de su vida, tuvo mucho impacto.<\/p>\n\n\n\n<p class=\"wp-block-paragraph\">Jo lleg\u00f3 en M\u00e9xico en el a\u00f1o 2000 despu\u00e9s de un rato trabajando con la agencia AP en Madrid. Pero su inter\u00e9s fue enfocado en Am\u00e9rica Latina -a\u00f1os antes formaba parte de un grupo de voluntarios preocupados con las violaciones de derechos humanos en Am\u00e9rica Central, sobre todo los derechos de las mujeres.<\/p>\n\n\n\n<p class=\"wp-block-paragraph\">Cuando ten\u00eda que escoger un proyecto para su maestr\u00eda en El Centro de Estudios Latinoamericanos (ILAS, por sus siglas en ingl\u00e9s) en Londres, escrib\u00eda sobre la situaci\u00f3n de las mujeres mineras de la industria de esta\u00f1o en Bolivia. Su supervisor, el distinguido Profesor James Dunkerley record\u00f3 que era un documento que le llam\u00f3 la atenci\u00f3n por la calidad de&nbsp;la investigaci\u00f3n tanto como el an\u00e1lisis.<\/p>\n\n\n\n<p class=\"wp-block-paragraph\">Llegando en las v\u00edsperas de la elecci\u00f3n hist\u00f3rica, Jo no se limit\u00f3 como muchos reporteros en la pol\u00edtica. Habl\u00f3 con todos y todas y, adem\u00e1s, se dio cuenta, que el futuro del periodismo en el extranjero, sobre M\u00e9xico, no ser\u00e1 en las manos de las y los reporteros extranjeros sino en la nueva generaci\u00f3n de comunicadores y comunicadoras j\u00f3venes del propio pa\u00eds.<\/p>\n\n\n\n<p class=\"wp-block-paragraph\">Al formar parte del equipo de VICE News, Jo actu\u00f3 como mentora de muchos y muchas, quienes, al saber de su muerte, expresaron su pesar por los medios sociales como Twitter y Facebook.&nbsp; Es m\u00e1s, la Ciudad de M\u00e9xico hizo un reconocimiento a su labor con unas esquelas en twitter.<\/p>\n\n\n\n<p class=\"wp-block-paragraph\">Sus colegas tanto como sus interlocutores, la admiraron por sus observaciones y por el hecho de que ella crey\u00f3 que es posible ser cr\u00edtica. El libro de Tuckman, <em>Mexico: Democracy Interrupted<\/em> fue publicado en espa\u00f1ol e ingl\u00e9s. En ello Tuckman no se mordi\u00f3 la lengua con su an\u00e1lisis sobre las secuelas del voto en 2000 o su impacto sobre la lucha contra la corrupci\u00f3n y la inseguridad en el pa\u00eds. Hace un par de a\u00f1os, ella fue invitada para hablar sobre M\u00e9xico como panelista durante un evento en <em>The London School of Economics<\/em>.&nbsp; Aquella tarde Jo&nbsp;habl\u00f3 con fluidez y pasi\u00f3n.<\/p>\n\n\n\n<p class=\"wp-block-paragraph\">Han surgido muchas an\u00e9cdotas sobre su generosidad. Andalusia Knoll, la autora del primer a novela gr\u00e1fica acerca del caso de Ayotzinapa,&nbsp;<em>Vivos se los Llevaron: Buscando a los 43 de Ayotzinapa,<\/em> que se publicar\u00e1 pr\u00f3ximamente, record\u00f3 cuando Tuckman ofreci\u00f3 llevar una copia a unos conocidos, cuando la periodista fue a visitar a su padre quien radica en Nueva York.<\/p>\n\n\n\n<p class=\"wp-block-paragraph\">Adem\u00e1s de ser una de las pocas corresponsales extranjereas (foreign correspondents) o sea especialistas con suficiente tiempo en el pa\u00eds para comprender la vida compleja y los retos que enfrentan las y los mexicanos,<\/p>\n\n\n\n<p class=\"wp-block-paragraph\">era m\u00e1s que todo, la mam\u00e1 orgullosa de una hija, Natasha y de su hijo, Oli, fruto de su relaci\u00f3n con el economista mexicano Eduardo Prud\u2019homme. &nbsp;<\/p>\n\n\n\n<p class=\"wp-block-paragraph\">Periodista, Polit\u00f3loga, Observadora, Madre, Hermana, Compa\u00f1era y Amiga, Jo era tambi\u00e9n feminista, aunque, dice su hermana, no utiliz\u00f3 mucho la palabra.<\/p>\n\n\n\n<p class=\"wp-block-paragraph\">En marzo de este a\u00f1o, Tuckman expres\u00f3 su fuerte deseo de acudir con miles de otras mujeres a la marcha por el D\u00eda Internacional de las Mujeres. Fue evidente para sus amigas m\u00e1s cercanas que no se encontraba fuerte, parec\u00eda imposible ir contra su determinaci\u00f3n.&nbsp;\u201cNos cost\u00f3 mucho insistir que ese a\u00f1o no pod\u00eda marchar\u201d, dijo Rachel Sieder. Por suerte, su hija Natasha si pudo salir para gritar: \u201cNi Una Menos\u201d.<\/p>\n\n\n\n<p class=\"wp-block-paragraph\">La pasi\u00f3n por su oficio s\u00f3lo fue superado por su amor a su hija e hijo y en la compa\u00f1\u00eda de su gente m\u00e1s querida sol\u00eda para caminar en los alrededores de la Cuidad de M\u00e9xico, en el Ajusco, y cuando regres\u00f3 a Londres, por Hampstead Heath.&nbsp; Aunque su coraz\u00f3n se quedar\u00e1 en la pr\u00f3xima generaci\u00f3n, se prev\u00e9 que sus cenizas se llevar\u00e1n a estos lugares tan importante a ella.<\/p>\n\n\n\n<p class=\"wp-block-paragraph\">Johanna Tuckman, periodista y autora, 1967-2020<\/p>\n","protected":false},"excerpt":{"rendered":"<p>La ex corresponsal en M\u00e9xico para The Guardian, comprometida periodista en su pa\u00eds adoptivo<\/p>\n","protected":false},"author":3,"featured_media":23598,"comment_status":"open","ping_status":"open","sticky":false,"template":"","format":"standard","meta":{"_monsterinsights_skip_tracking":false,"footnotes":""},"categories":[691,82],"tags":[],"class_list":["post-23597","post","type-post","status-publish","format-standard","has-post-thumbnail","category-691","category-la-opinion"],"_links":{"self":[{"href":"https:\/\/redsemlac.com\/semmexico\/wp-json\/wp\/v2\/posts\/23597","targetHints":{"allow":["GET"]}}],"collection":[{"href":"https:\/\/redsemlac.com\/semmexico\/wp-json\/wp\/v2\/posts"}],"about":[{"href":"https:\/\/redsemlac.com\/semmexico\/wp-json\/wp\/v2\/types\/post"}],"author":[{"embeddable":true,"href":"https:\/\/redsemlac.com\/semmexico\/wp-json\/wp\/v2\/users\/3"}],"replies":[{"embeddable":true,"href":"https:\/\/redsemlac.com\/semmexico\/wp-json\/wp\/v2\/comments?post=23597"}],"version-history":[{"count":0,"href":"https:\/\/redsemlac.com\/semmexico\/wp-json\/wp\/v2\/posts\/23597\/revisions"}],"wp:featuredmedia":[{"embeddable":true,"href":"https:\/\/redsemlac.com\/semmexico\/wp-json\/wp\/v2\/media\/23598"}],"wp:attachment":[{"href":"https:\/\/redsemlac.com\/semmexico\/wp-json\/wp\/v2\/media?parent=23597"}],"wp:term":[{"taxonomy":"category","embeddable":true,"href":"https:\/\/redsemlac.com\/semmexico\/wp-json\/wp\/v2\/categories?post=23597"},{"taxonomy":"post_tag","embeddable":true,"href":"https:\/\/redsemlac.com\/semmexico\/wp-json\/wp\/v2\/tags?post=23597"}],"curies":[{"name":"wp","href":"https:\/\/api.w.org\/{rel}","templated":true}]}}