{"id":23581,"date":"2020-08-02T21:24:55","date_gmt":"2020-08-02T21:24:55","guid":{"rendered":"https:\/\/redsemlac.com\/semmexico\/?p=23581"},"modified":"2023-07-21T16:27:15","modified_gmt":"2023-07-21T21:27:15","slug":"alfa-omega-27","status":"publish","type":"post","link":"https:\/\/redsemlac.com\/semmexico\/alfa-omega-27\/","title":{"rendered":"Alfa Omega"},"content":{"rendered":"\n<h2 class=\"wp-block-heading\"><strong>Dram\u00e1tico Final del Cura Miguel Hidalgo<\/strong><\/h2>\n\n\n\n<p class=\"wp-block-paragraph\"><strong>Jorge Herrera Valenzuela<\/strong><\/p>\n\n\n\n<p class=\"wp-block-paragraph\">SemM\u00e9xico. 02 de agosto 2020.- Dos \u201ctiros de gracia\u201d sobre el coraz\u00f3n le cortaron la vida al ajusticiado, tras resistir tres descargas de fusiles. Era la calurosa ma\u00f1ana del martes 30 de julio de 1811 en la Plaza de San Felipe, en la capital del norte\u00f1o Chihuahua. M\u00e1s de mil soldados, cientos de mujeres y hombres, presenciaron el suceso. En las parroquias e iglesias hicieron sonar las campanas para acompa\u00f1ar a quien escoltado iba rumbo al pared\u00f3n.<\/p>\n\n\n\n<p class=\"wp-block-paragraph\">A diez meses y d\u00edas de haber encabezado el inicio del Movimiento Insurgente en el pueblo de Dolores, Guanajuato, el sacerdote <strong>Miguel Hidalgo<\/strong>, de 58 a\u00f1os de edad, se resist\u00eda a morir.&nbsp; La orden era sentarlo en una silla, colocarlo de espaldas al pelot\u00f3n de fusilamiento, pero el cura nacido en P\u00e9njamo, Guanajuato, no acept\u00f3. Le vendaron los ojos, pero en una de las descargas se desplom\u00f3 y cay\u00f3 la venda.<\/p>\n\n\n\n<p class=\"wp-block-paragraph\">\u201cLas bocas de sus fusiles, sobre el coraz\u00f3n\u201d, orden\u00f3 el teniente <strong>Pedro Armend\u00e1riz<\/strong> (por supuesto, hom\u00f3nimo del actor mexicano) a dos de los soldados y enseguida: \u201c\u00a1fuego!\u201d. Hidalgo qued\u00f3 tendido, bocaarriba, en un charco de su propia sangre. Despu\u00e9s se le decapit\u00f3 como ocurri\u00f3 con <strong>Ignacio Allende, Juan Aldama y Mariano Jim\u00e9nez<\/strong>, fusilados el 26 de junio anterior, ah\u00ed en Chihuahua.<\/p>\n\n\n\n<p class=\"wp-block-paragraph\">Mi estimado amigo y colega <strong>Francisco Fonseca Notario <\/strong>en reciente remembranza nos record\u00f3 que \u201cDurante el mes de agosto siguiente, las cabezas de Hidalgo, Allende, Aldama y Jim\u00e9nez fueron enviadas en una gran caja de sal a Guanajuato, en donde fueron colocadas en cuatro escarpias (ganchos) de la famosa Alh\u00f3ndiga de Granaditas. All\u00ed permanecieron durante diez a\u00f1os\u201d. Las jaulas colocadas en las esquinas de la construcci\u00f3n. Consumada la Independencia en 1821, se procedi\u00f3 a dar inhumaci\u00f3n a las cabezas de los h\u00e9roes, despu\u00e9s los restos fueron llevados al Altar de los Reyes en la Catedral Metropolitana de la Ciudad de M\u00e9xico. En 1925 fueron trasladados a la Columna de la Intendencia.<\/p>\n\n\n\n<p class=\"wp-block-paragraph\">El nombre completo de quien desde 1824 es reconocido como <strong>El Padre de la Patria <\/strong>por ser el iniciador de la lucha para desligar a nuestro pa\u00eds de la subyugaci\u00f3n en que Espa\u00f1a nos mantuvo, por 302 a\u00f1os, fue <strong>Miguel Gregorio Antonio Ignacio Hidalgo y Costilla. <\/strong>Solamente uno de sus tres hermanos lo acompa\u00f1\u00f3 en la insurgente y fue <strong>Mariano<\/strong>, tambi\u00e9n capturado con los dem\u00e1s jefes del movimiento; lo fusilaron el 6 de junio de ese tr\u00e1gico 1811.<\/p>\n\n\n\n<p class=\"wp-block-paragraph\">La Hacienda de San Diego de Corralejo, de la que el padre de don Miguel era el administrador, fue su residencia hasta que emigr\u00f3 a Valladolid (hoy Morelia) para ingresar al Colegio de San Nicol\u00e1s donde estudi\u00f3 la carrera eclesi\u00e1stica.<\/p>\n\n\n\n<p class=\"wp-block-paragraph\">P\u00e1rroco de la iglesia en Dolores, la madrugada del 16 de septiembre de 1810 con el estandarte de la Virgen de Guadalupe sali\u00f3 a dar \u201cEl Grito\u201d que desde 1840 se recuerda la noche del 15 de septiembre. A las siete de la ma\u00f1ana del d\u00eda en que lo fusilaron, excomulgado y despojado de su calidad sacerdotal, adem\u00e1s de sentenciado como civil, lleg\u00f3 hasta una capilla, se confes\u00f3 y sali\u00f3 al pared\u00f3n.<\/p>\n\n\n\n<p class=\"wp-block-paragraph\">PRISIONEROS<strong> EN ACATITA DE BAJ\u00c1N<\/strong><\/p>\n\n\n\n<p class=\"wp-block-paragraph\">Derrotados por las fuerzas realistas, Hidalgo y Allende tuvieron una fuerte discusi\u00f3n y ambos pacificados determinaron dirigirse hacia el Norte. El puente, escenario de la cruenta batalla del 11 de enero de 1811, se localiza en Zapotlanejo y en el Siglo XIX un\u00eda Guadalajara con Los Altos de Jalisco. El nombre corresponde a <strong>Francisco Calder\u00f3n y Romero<\/strong> que era la m\u00e1xima autoridad de la Nueva Galicia. Construido en 1672, en 1932 el puente fue declarado \u201cmonumento hist\u00f3rico de la Naci\u00f3n\u201d.<\/p>\n\n\n\n<p class=\"wp-block-paragraph\">En la primaria nos dijeron que a los jefes insurgentes los capturaron en Acatita de Baj\u00e1n y se los llevaron a Chihuahua. La aprehensi\u00f3n la hizo un tal Elizondo, militar realista que se dijo \u201cinsurgente\u201d. Hasta ah\u00ed y el profesor o la profesora no a\u00f1adieron nada m\u00e1s.<\/p>\n\n\n\n<p class=\"wp-block-paragraph\">El&nbsp; comentario es que Acatita de Baj\u00e1n no llega ni a rancher\u00eda. Se ubica a 33 kil\u00f3metros de la cabecera municipal de Casta\u00f1os, Estado de Coahuila. Datos del INEGI revelan que actualmente tiene 19 habitantes, 10 son hombres y 9 mujeres. En estos tiempos es un paraje des\u00e9rtico. Los insurgentes caminaban despu\u00e9s de ser derrotados por las tropas realistas en Puente de Calder\u00f3n.&nbsp;<\/p>\n\n\n\n<p class=\"wp-block-paragraph\">Ah\u00ed el 21 de marzo de 1811 (Benito Ju\u00e1rez apenas ten\u00eda 5 a\u00f1os de edad) fueron declarados presos por las tropas que comandaba <strong>Francisco Ignacio Elizondo Villarreal<\/strong>, quien al encontrar resistencia principalmente de Ignacio Allende, ordena disparar los fusiles y en el enfrentamiento muere el joven <strong>Indalecio Allende<\/strong>, por lo que su padre decide entregarse junto con Miguel Hidalgo y sus seguidores, entre ellos <strong>Manuel de Santa Mar\u00eda<\/strong>, a quien tambi\u00e9n llevaron al pared\u00f3n.<\/p>\n\n\n\n<p class=\"wp-block-paragraph\">Elizondo encontr\u00f3 a los insurgentes que se dirig\u00edan hacia territorio norteamericano. Hidalgo y su gente llegaban a San Andr\u00e9s Bejar y el realista les hizo creer que hab\u00eda cambiado de bando y que los escoltar\u00eda hasta la frontera. Al detenerse en Acatita para abastecerse de agua, Elizondo les dijo que eran sus prisioneros. En la capital chihuahuense los entreg\u00f3. El <strong>virrey Francisco Javier Venegas<\/strong> le extendi\u00f3 una felicitaci\u00f3n \u201caunque no fue en un hecho de guerra\u201d. \u00a1Claro! fue un acto de traici\u00f3n.<\/p>\n\n\n\n<p class=\"wp-block-paragraph\">Al estar en San Marcos, Texas, Elizondo fue identificado por el <strong>teniente Miguel Serrano<\/strong>, militante de la insurgencia. No dio tiempo a que el sujeto se defendiera y lo acuchill\u00f3 hasta dejarlo muerto. Eso ocurri\u00f3 el 2 de septiembre de 1813. En ese a\u00f1o, el principal enemigo de los insurgentes, <strong>F\u00e9lix Mar\u00eda Calleja del Rey<\/strong> fue nombrado virrey de la Nueva Espa\u00f1a.<\/p>\n\n\n\n<p class=\"wp-block-paragraph\">Estimados visitantes de este diario digital, quedo en deuda. No hay no segunda parte, sino datos muy interesantes de los personajes que participaron en el Movimiento de Independencia de 1810. Hay aspectos individuales que comentar\u00e9 el pr\u00f3ximo fin de semana.<\/p>\n\n\n\n<p class=\"wp-block-paragraph\"><strong>TRES TEMAS RELIGIOSOS<\/strong><\/p>\n\n\n\n<p class=\"wp-block-paragraph\">En el \u00faltimo d\u00eda del s\u00e9ptimo mes, entre las efem\u00e9rides encontr\u00e9 tres de un solo tema: el catolicismo. <strong>Bartolom\u00e9 de Casaux <\/strong>nacido en Sevilla en 1484 llega a la Nueva Espa\u00f1a en calidad de comendador y este jurista, fil\u00f3sofo, es nombrado obispo de Yucat\u00e1n y para entonces su nombre era <strong>Fray Bartolom\u00e9 de las Casas<\/strong>, a quien por sus obras mereci\u00f3 el t\u00edtulo de \u201cEl Ap\u00f3stol de los Indios\u201d y su labor se extendi\u00f3 por nuestro continente, por lo que fue llamado \u201cProtector Universal de Todos los Indios\u201d. Este ilustre personaje muri\u00f3 el 31 de julio de 1866\u2026En un d\u00eda igual pero en 1556 se registra el fallecimiento de otro gran personaje: <strong>Ignacio de Loyola<\/strong>, fundador de la Compa\u00f1\u00eda de Jes\u00fas, de la que fue el primer superior general. Obvio es una historia muy extensa de quien originalmente se llam\u00f3 I\u00f1igo L\u00f3pez de Loyola o de Ricalde\u2026En el a\u00f1o 2002 en la Bas\u00edlica de Guadalupe, Ciudad de M\u00e9xico, <strong>Juan Pablo II<\/strong> canoniz\u00f3 al ind\u00edgena <strong>Juan Diego Cuauhtlatoatzin<\/strong>, a quien en el Cerro del Tepeyac se le apareci\u00f3 la Virgen de Guadalupe. Fue 31 de julio cuando Juan Diego fue elevado a Santo.<\/p>\n\n\n\n<p class=\"wp-block-paragraph\"><strong>P.D.<\/strong> Recordaba que el primer periodista de Hispanoam\u00e9rica fue <strong>Juan Ignacio Castorena y Urs\u00faa, <\/strong>editor de los primeros 8 n\u00fameros de <strong>La Gazeta de M\u00e9xico,<\/strong> en 1722. Era ocho hojas de papel y apareci\u00f3 mensualmente. El zacatecano muri\u00f3 a los 65 a\u00f1os de edad, en 1733 y poco tiempo despu\u00e9s otro editor reanud\u00f3 la publicaci\u00f3n durante 14 a\u00f1os\u2026En Tlalpujahua, Michoac\u00e1n, el 31 de julio de 1773 naci\u00f3 el pol\u00e9mico insurgente <strong>Ignacio L\u00f3pez Ray\u00f3n<\/strong>, quien fue secretario particular del cura Miguel Hidalgo.Abogado egresado del Colegio de San Ildefonso, promovi\u00f3 la creaci\u00f3n de la Suprema Junta Nacional Americana tambi\u00e9n conocida como Suprema Junta Gubernativa de Am\u00e9rica. Organiz\u00f3 el Congreso Constituyente de Chilpancingo que presidi\u00f3 <strong>Jos\u00e9 Mar\u00eda Morelos y Pav\u00f3n.<\/strong><\/p>\n\n\n\n<p class=\"wp-block-paragraph\"><strong>jherrerav@live.com.mx<\/strong><\/p>\n","protected":false},"excerpt":{"rendered":"<p>Dram\u00e1tico Final del Cura Miguel Hidalgo<\/p>\n","protected":false},"author":3,"featured_media":23582,"comment_status":"open","ping_status":"open","sticky":false,"template":"","format":"standard","meta":{"_monsterinsights_skip_tracking":false,"footnotes":""},"categories":[691,94],"tags":[],"class_list":["post-23581","post","type-post","status-publish","format-standard","has-post-thumbnail","category-691","category-jorge-herrera-valenzuela"],"_links":{"self":[{"href":"https:\/\/redsemlac.com\/semmexico\/wp-json\/wp\/v2\/posts\/23581","targetHints":{"allow":["GET"]}}],"collection":[{"href":"https:\/\/redsemlac.com\/semmexico\/wp-json\/wp\/v2\/posts"}],"about":[{"href":"https:\/\/redsemlac.com\/semmexico\/wp-json\/wp\/v2\/types\/post"}],"author":[{"embeddable":true,"href":"https:\/\/redsemlac.com\/semmexico\/wp-json\/wp\/v2\/users\/3"}],"replies":[{"embeddable":true,"href":"https:\/\/redsemlac.com\/semmexico\/wp-json\/wp\/v2\/comments?post=23581"}],"version-history":[{"count":0,"href":"https:\/\/redsemlac.com\/semmexico\/wp-json\/wp\/v2\/posts\/23581\/revisions"}],"wp:featuredmedia":[{"embeddable":true,"href":"https:\/\/redsemlac.com\/semmexico\/wp-json\/wp\/v2\/media\/23582"}],"wp:attachment":[{"href":"https:\/\/redsemlac.com\/semmexico\/wp-json\/wp\/v2\/media?parent=23581"}],"wp:term":[{"taxonomy":"category","embeddable":true,"href":"https:\/\/redsemlac.com\/semmexico\/wp-json\/wp\/v2\/categories?post=23581"},{"taxonomy":"post_tag","embeddable":true,"href":"https:\/\/redsemlac.com\/semmexico\/wp-json\/wp\/v2\/tags?post=23581"}],"curies":[{"name":"wp","href":"https:\/\/api.w.org\/{rel}","templated":true}]}}