{"id":23542,"date":"2020-07-30T21:11:29","date_gmt":"2020-07-30T21:11:29","guid":{"rendered":"https:\/\/redsemlac.com\/semmexico\/?p=23542"},"modified":"2023-07-21T16:26:24","modified_gmt":"2023-07-21T21:26:24","slug":"ambigu-35","status":"publish","type":"post","link":"https:\/\/redsemlac.com\/semmexico\/ambigu-35\/","title":{"rendered":"Ambig\u00fa"},"content":{"rendered":"\n<h2 class=\"wp-block-heading\"><strong>Isabel Arvide y las casacas verdes<\/strong><\/h2>\n\n\n\n<p class=\"wp-block-paragraph\"><strong>+ Periodista s\u00ed es; representaciones: para exiliar o favorecer<\/strong><\/p>\n\n\n\n<p class=\"wp-block-paragraph\"><strong>Por Martha Elba Torres Mart\u00ednez<\/strong><\/p>\n\n\n\n<p class=\"wp-block-paragraph\">SemM\u00e9xico. 30 de julio 2020.- El desconcierto del presidente L\u00f3pez Obrador por la tormenta medi\u00e1tica que provoc\u00f3 su designaci\u00f3n en el consulado de Estambul, ahora s\u00ed, fue genuino. \u201cYo pens\u00e9 que les iba a gustar\u201d (a los periodistas) el nombramiento de una periodista: Isabel Arvide.<\/p>\n\n\n\n<p class=\"wp-block-paragraph\">Y en dos cosas coincido, tambi\u00e9n ahora s\u00ed, con el Presidente: Isabel es periodista, buena periodista, con todos sus defectos y virtudes, y que la carrera diplom\u00e1tica siempre ha valido madres cuando se trataba de exiliar pol\u00edticos o favorecer con residencias en el extranjero, a amigos o amigas.<\/p>\n\n\n\n<p class=\"wp-block-paragraph\">Y en esto baso precisamente mi planteamiento hipot\u00e9tico sobre la designaci\u00f3n de Isabel: una recomendaci\u00f3n de las casacas verdes para ayudar a una vieja amiga en desgracia.<\/p>\n\n\n\n<p class=\"wp-block-paragraph\">Porque vaya que la periodista fue famosa entre la tropa. Corrijo: entre generales y coroneles.<\/p>\n\n\n\n<p class=\"wp-block-paragraph\">Comenzaba mis pininos como reportera al lado de grandes amigos como Miguel Segundo Gonz\u00e1lez, Manolito Ponce, Humberto L\u00f3pez y Moi S\u00e1nchez Lim\u00f3n, cuando conoc\u00ed -de lejitos-, a principios de los ochenta, a Isabel Arvide.<\/p>\n\n\n\n<p class=\"wp-block-paragraph\">Y ya era \u00a1Isabel Arvide! Una de las \u201cvacas sagradas\u201d del periodismo de entonces, que recib\u00edan un trato especial y de muchos privilegios, en giras o eventos importantes. Pero lo que m\u00e1s llamaba mi atenci\u00f3n era su fascinaci\u00f3n por el uniforme militar. Y el que iba dentro. Unas hermosuras de hombres. Pero lo que hizo o deshizo no es el tema, sino su especializaci\u00f3n en temas de seguridad y la milicia. Hasta su nombramiento, dirigi\u00f3 su portal estadomayor.mx lo que confirma su gran cercan\u00eda con este sector militar.<\/p>\n\n\n\n<p class=\"wp-block-paragraph\">Me consta la gran relaci\u00f3n que mantuvo con el general Graciliano Alpuche, quien fue gobernador de Yucat\u00e1n, y a quien le manejaba prensa y relaciones p\u00fablicas. Algunos rozones, pues tras su ca\u00edda, en 1984, de El Nacional me enviaron un mes a realizar un diagn\u00f3stico de c\u00f3mo dejaba el estado. Un acuerdo que hizo seguramente el entrante, V\u00edctor Cervera, con el peri\u00f3dico.<\/p>\n\n\n\n<p class=\"wp-block-paragraph\">En enero pasado, despu\u00e9s de madrugar para conseguir un lugar en Palacio Nacional para las conferencias, Isabel pidi\u00f3 al Presidente publicidad oficial para medios emergentes digitales. Dicen que ese fue el pago. A ver: \u00bfqui\u00e9n jodidos se hab\u00eda atrevido a eso, cuando es de lo que se quejaban muchos? Porque publicidad, hay, pero no para todos. Se sigue manejando igualito. Para comprar conciencias, no espacios.<\/p>\n\n\n\n<p class=\"wp-block-paragraph\">El caso que la Arvide ten\u00eda que hacer su lucha, porque de la gran periodista en fama y riqueza en el siglo pasado, le sobrevino la desgracia con los juicios en su contra que tuvo que enfrentar por calumnias y difamaci\u00f3n.<\/p>\n\n\n\n<p class=\"wp-block-paragraph\">A finales de los novena escribi\u00f3 de la actriz Sasha Montenegro, entonces esposa de Jos\u00e9 L\u00f3pez Portillo, \u201cencueratriz venida a menos\u201d y a sus hijos les llam\u00f3 bastardos. Enfrent\u00f3 tres demandas que perdi\u00f3 y tuvo que vender su casa y joyas para pagar la millonaria indemnizaci\u00f3n, as\u00ed como a los abogados.<\/p>\n\n\n\n<p class=\"wp-block-paragraph\">En 2001, acus\u00f3 al entonces procurador de Justicia de Chihuahua, Jes\u00fas Sol\u00eds Silva, de ser parte del c\u00e1rtel del narcotr\u00e1fico, y el ex funcionario respondi\u00f3 con una denuncia penal por difamaci\u00f3n. En 2003 fue detenida y tuvo que pagar fianza para no pisar la c\u00e1rcel, as\u00ed como 200 mil pesos como reparaci\u00f3n del da\u00f1o. Otra vez, tuvo que recurrir a los viejos amigos para pagar las cuentas.<\/p>\n\n\n\n<p class=\"wp-block-paragraph\">Y lo que son las cosas, entonces vimos a la periodista venida a menos.<\/p>\n\n\n\n<p class=\"wp-block-paragraph\">Encontr\u00e9 en el sitio de David Estrada (<a href=\"http:\/\/www.davidestrada.org\/index.php\/historia\/13-historia\/71-isable-y-echeverria-cronica-de-un-amor-presidencial\">http:\/\/www.davidestrada.org\/index.php\/historia\/13-historia\/71-isable-y-echeverria-cronica-de-un-amor-presidencial<\/a>) una an\u00e9cdota que le cont\u00f3 en su canal de YouTube en 2013, y que describir\u00eda con puntualidad porqu\u00e9 tan famosa y temida la Arvide:<\/p>\n\n\n\n<p class=\"wp-block-paragraph\">\u201cUna tarde de diciembre de 1976, lleg\u00f3 a la redacci\u00f3n de Exc\u00e9lsior \u2018Junior\u2019, uno de los ayudantes del entonces ex presidente Luis Echeverria. \u201cEl se\u00f1or quiere verla. Ma\u00f1ana paso a las siete de la noche por usted\u201d, le dijo a la periodista Isabel Arvide, sin oportunidad a la resistencia.<\/p>\n\n\n\n<p class=\"wp-block-paragraph\">\u201cPuntual, al d\u00eda siguiente, la reportera acudi\u00f3 a la cita. Echeverr\u00eda la recibi\u00f3 con m\u00fasica de tr\u00edos y una mesa puesta con platos de quesos y carnes fr\u00edas. Narra Arvide: \u201cY luego, recuerdo dos instantes exactos. Uno, el cobertor el\u00e9ctrico color rosa, que estaba prendido sobre la cama y que nos tapaba. Y el otro, que pens\u00e9 que ten\u00eda un cuerpo muy joven para su edad\u201d. Aqu\u00ed comenz\u00f3 el romance.<\/p>\n\n\n\n<p class=\"wp-block-paragraph\">\u201cIsabel Arvide trabaj\u00f3 para Luis Echeverria en el Centro de Estudios Econ\u00f3micos del Tercer Mundo y lo visit\u00f3 regularmente en Par\u00eds, donde fue embajador de M\u00e9xico ante la UNESCO (el exilio pol\u00edtico). Un dato adicional, que en parte desnuda las relaciones de los poderosos: cuenta Isabel que era tal el respeto que sent\u00eda por aquel hombre, que a\u00fan en los momentos de m\u00e1s intimidad, para ella sigui\u00f3 siendo el \u2018se\u00f1or\u2019. \u201cNo pod\u00eda ser de otra forma \u2013justifica. Yo ten\u00eda 25 a\u00f1os y el 55\u201d.<\/p>\n\n\n\n<p class=\"wp-block-paragraph\">\u201c\u00bfSe termin\u00f3 el amor? Arvide no lo sabe bien. Como tampoco sabe bien si Luis Echeverr\u00eda era bisexual. Pero una tarde en Par\u00eds, cuando todo estaba planeado para una noche rom\u00e1ntica, de pronto lleg\u00f3 \u201cun acad\u00e9mico que estudiaba un posgrado en Par\u00eds, bien parecido, joven y que jugaba habitualmente tenis con el \u2018se\u00f1or\u2019\u201d. El hombre, que a decir de la propia Arvide ten\u00eda \u201cuna actitud de due\u00f1o de la casa\u201d, la mir\u00f3 con ojos de odio al entrar. \u201c\u00bfQui\u00e9n es?\u201d, pregunt\u00f3 sorprendida. Nadie pudo acertar una buena contestaci\u00f3n.<\/p>\n\n\n\n<p class=\"wp-block-paragraph\">\u201cAnte la visita inesperada y alegando muchas ocupaciones, el ex mandatario mand\u00f3 a Isabel de regreso a M\u00e9xico. No sin antes obsequiarle una comida en un lujoso restaurante parisino, y un viaje a Grecia. Ese regalo exagerado que ofrendan los maridos con remordimientos a sus esposas cuando le son infieles\u2026<\/p>\n\n\n\n<p class=\"wp-block-paragraph\">\u201cAunque intermitente, la relaci\u00f3n entre Echeverr\u00eda e Isabel se prolong\u00f3 unos a\u00f1os m\u00e1s. Pero de manera m\u00e1s afectiva, ya no tan amorosa. \u00bfY qu\u00e9 fue de aquel joven acad\u00e9mico de buen ver? Se sabe que termin\u00f3 asesinado. Dicen que fue un crimen pasional. Su cad\u00e1ver fue encontrado en la cajuela de un auto y nunca se dijo nada m\u00e1s\u2026\u201d.<\/p>\n\n\n\n<p class=\"wp-block-paragraph\">As\u00ed era Isabel y quien est\u00e9 libre de culpas e historias, que tire la piedra.<\/p>\n\n\n\n<p class=\"wp-block-paragraph\">Pero Amlo, aut\u00e9nticamente, crey\u00f3 que caer\u00eda bien el nombramiento. Aunque quien o quienes la recomendaron, debieron aportar el contexto completo.<\/p>\n\n\n\n<p class=\"wp-block-paragraph\">Nada tuvo que ver su petici\u00f3n de publicidad, pues su portal no cuenta ni con un banner del Gobierno Federal; el 11 de junio, en una cr\u00f3nica sobre las ma\u00f1aneras, reprocha airadamente las desatenciones del vocero de Palacio Nacional, Jes\u00fas Ram\u00edrez, y del caos que predomina. As\u00ed que por los civiles, nada.<\/p>\n\n\n\n<p class=\"wp-block-paragraph\">Los \u00fanicos que hoy gozan de una buena relaci\u00f3n con el Presidente, son los militares. Donde Isabel cuenta con viejos y buenos amigos. Cada quien su lucha\u2026<\/p>\n\n\n\n<p class=\"wp-block-paragraph\">&nbsp;&nbsp;&nbsp;&nbsp;&nbsp;&nbsp;&nbsp;&nbsp;&nbsp;&nbsp;&nbsp;&nbsp;&nbsp;&nbsp;&nbsp;&nbsp;&nbsp;&nbsp;&nbsp;&nbsp;&nbsp;&nbsp;&nbsp;&nbsp;&nbsp;&nbsp;&nbsp;&nbsp;&nbsp;&nbsp;&nbsp;&nbsp;&nbsp;&nbsp;&nbsp;&nbsp;&nbsp;&nbsp;&nbsp;&nbsp;&nbsp;&nbsp;&nbsp;&nbsp;&nbsp;&nbsp;&nbsp;&nbsp;&nbsp;&nbsp;&nbsp;&nbsp;&nbsp;&nbsp;&nbsp;&nbsp;&nbsp;&nbsp;&nbsp;&nbsp;&nbsp;&nbsp;&nbsp;&nbsp;&nbsp;&nbsp;&nbsp;&nbsp;&nbsp;&nbsp;&nbsp;&nbsp;&nbsp;&nbsp;&nbsp;&nbsp;&nbsp;&nbsp;&nbsp;&nbsp;&nbsp;&nbsp;&nbsp;&nbsp;&nbsp;&nbsp;&nbsp;&nbsp;&nbsp;&nbsp;&nbsp;&nbsp;&nbsp; ***<\/p>\n","protected":false},"excerpt":{"rendered":"<p>Isabel Arvide y las casacas verdes<\/p>\n","protected":false},"author":3,"featured_media":9303,"comment_status":"open","ping_status":"open","sticky":false,"template":"","format":"standard","meta":{"_monsterinsights_skip_tracking":false,"footnotes":""},"categories":[691,99,90],"tags":[],"class_list":["post-23542","post","type-post","status-publish","format-standard","has-post-thumbnail","category-691","category-ambigu","category-martha-elba-torres-martinez"],"_links":{"self":[{"href":"https:\/\/redsemlac.com\/semmexico\/wp-json\/wp\/v2\/posts\/23542","targetHints":{"allow":["GET"]}}],"collection":[{"href":"https:\/\/redsemlac.com\/semmexico\/wp-json\/wp\/v2\/posts"}],"about":[{"href":"https:\/\/redsemlac.com\/semmexico\/wp-json\/wp\/v2\/types\/post"}],"author":[{"embeddable":true,"href":"https:\/\/redsemlac.com\/semmexico\/wp-json\/wp\/v2\/users\/3"}],"replies":[{"embeddable":true,"href":"https:\/\/redsemlac.com\/semmexico\/wp-json\/wp\/v2\/comments?post=23542"}],"version-history":[{"count":0,"href":"https:\/\/redsemlac.com\/semmexico\/wp-json\/wp\/v2\/posts\/23542\/revisions"}],"wp:featuredmedia":[{"embeddable":true,"href":"https:\/\/redsemlac.com\/semmexico\/wp-json\/wp\/v2\/media\/9303"}],"wp:attachment":[{"href":"https:\/\/redsemlac.com\/semmexico\/wp-json\/wp\/v2\/media?parent=23542"}],"wp:term":[{"taxonomy":"category","embeddable":true,"href":"https:\/\/redsemlac.com\/semmexico\/wp-json\/wp\/v2\/categories?post=23542"},{"taxonomy":"post_tag","embeddable":true,"href":"https:\/\/redsemlac.com\/semmexico\/wp-json\/wp\/v2\/tags?post=23542"}],"curies":[{"name":"wp","href":"https:\/\/api.w.org\/{rel}","templated":true}]}}