{"id":23539,"date":"2020-07-30T18:52:10","date_gmt":"2020-07-30T18:52:10","guid":{"rendered":"https:\/\/redsemlac.com\/semmexico\/?p=23539"},"modified":"2023-07-21T16:26:24","modified_gmt":"2023-07-21T21:26:24","slug":"pandemia-agudiza-la-pobreza-y-aumenta-vulnerabilidad-de-mujeres-ante-la-trata","status":"publish","type":"post","link":"https:\/\/redsemlac.com\/semmexico\/pandemia-agudiza-la-pobreza-y-aumenta-vulnerabilidad-de-mujeres-ante-la-trata\/","title":{"rendered":"Pandemia agudiza la pobreza y aumenta vulnerabilidad de mujeres ante la trata"},"content":{"rendered":"\n<p class=\"wp-block-paragraph\">* Directora del UNFPA pide no tolerar la trata de personas<\/p>\n\n\n\n<p class=\"wp-block-paragraph\">* Mujeres y hombres sometidos a toda clase de violencias y actos abominables&nbsp;<\/p>\n\n\n\n<p class=\"wp-block-paragraph\">Lorena Vaniezcot<\/p>\n\n\n\n<p class=\"wp-block-paragraph\">SemM\u00e9xico, Nueva York., 30 de julio, 2020.- Es necesario realizar esfuerzos adicionales durante la pandemia de COVID-19, que est\u00e1 afectando medios de vida, agudizando la pobreza y aumentando la vulnerabilidad de las mujeres a los tratantes, cuyas artima\u00f1as se pueden volver m\u00e1s dif\u00edciles de detectar durante los periodos de confinamiento, afirm\u00f3 hoy Natalia Kanem, directora Ejecutiva del UNFPA.<\/p>\n\n\n\n<p class=\"wp-block-paragraph\">A prop\u00f3sito del D\u00eda Mundial contra la Trata de Personas 2020, Kanem asegur\u00f3 que la trata jam\u00e1s debe ser tolerada, y nuestra lucha contra la misma debe continuar incluso durante la pandemia. No debemos detenernos hasta que logremos que esta violaci\u00f3n a los derechos humanos llegue a su fin.<\/p>\n\n\n\n<p class=\"wp-block-paragraph\">Cada a\u00f1o, decenas de personas son v\u00edctimas de trata entre fronteras y al interior de las mismas. Mientras que los hombres y los ni\u00f1os tienden a ser objeto de trata con fines de trabajo forzado, las mujeres y las ni\u00f1as tienden a serlo para obligarlas a realizar trabajo sexual, dijo la directora del Fondo de Poblaci\u00f3n de las Naciones Unidas (UNFPA, por sus siglas en ingl\u00e9s).&nbsp;<\/p>\n\n\n\n<p class=\"wp-block-paragraph\">Las v\u00edctimas preferidas por los traficantes de personas son las personas pobres y vulnerables, a las que obligan a vivir en condiciones abominables en las que se violan todos los derechos humanos. Hacen uso de la violencia f\u00edsica y psicol\u00f3gica, las drogas y el abuso sexual como armas para controlar a sus v\u00edctimas. Y junto con la explotaci\u00f3n y el abuso sexual se genera un mayor riesgo de contraer infecciones de transmisi\u00f3n sexual, incluido el VIH, lo que provoca que una situaci\u00f3n ya de por s\u00ed terrible se vuelva mortal.<\/p>\n\n\n\n<p class=\"wp-block-paragraph\">Incluso en la mejor de las circunstancias, las mujeres y las ni\u00f1as en todo el mundo tienen menores probabilidades que los hombres y los ni\u00f1os de disfrutar sus derechos fundamentales a la salud, la autonom\u00eda, la integridad corporal y a vivir libres de violencia. La trata lleva todas las desigualdades al extremo.<\/p>\n\n\n\n<p class=\"wp-block-paragraph\">Por ello llam\u00f3 a los gobiernos nacionales y locales, las fuerzas del orden, los sistemas de justicia penal y las organizaciones de derechos humanos, de modo que redoblen sus esfuerzos para identificar y denunciar la trata, llevar a sus perpetradores ante la justicia, y apoyar a las y los sobrevivientes.<\/p>\n\n\n\n<p class=\"wp-block-paragraph\">De igual forma pidi\u00f3 a los gobiernos, las organizaciones comunitarias, las escuelas y otras instituciones, para que inviertan en las mujeres y las ni\u00f1as y garanticen su igualdad de derechos y oportunidades, de modo que puedan desarrollar su potencial y vivir una vida digna, libres de da\u00f1os.<\/p>\n\n\n\n<p class=\"wp-block-paragraph\">SEM\/lv\/sj<\/p>\n","protected":false},"excerpt":{"rendered":"<p>* Directora del UNFPA pide no tolerar la trata de personas * Mujeres y hombres sometidos a toda clase de violencias y actos abominables&nbsp; Lorena Vaniezcot SemM\u00e9xico, Nueva York., 30 de julio, 2020.- Es necesario realizar esfuerzos adicionales durante la pandemia de COVID-19, que est\u00e1 afectando medios de vida, agudizando la pobreza y aumentando la [&hellip;]<\/p>\n","protected":false},"author":3,"featured_media":23540,"comment_status":"open","ping_status":"open","sticky":false,"template":"","format":"standard","meta":{"_monsterinsights_skip_tracking":false,"footnotes":""},"categories":[691,51],"tags":[],"class_list":["post-23539","post","type-post","status-publish","format-standard","has-post-thumbnail","category-691","category-ejecutivo"],"_links":{"self":[{"href":"https:\/\/redsemlac.com\/semmexico\/wp-json\/wp\/v2\/posts\/23539","targetHints":{"allow":["GET"]}}],"collection":[{"href":"https:\/\/redsemlac.com\/semmexico\/wp-json\/wp\/v2\/posts"}],"about":[{"href":"https:\/\/redsemlac.com\/semmexico\/wp-json\/wp\/v2\/types\/post"}],"author":[{"embeddable":true,"href":"https:\/\/redsemlac.com\/semmexico\/wp-json\/wp\/v2\/users\/3"}],"replies":[{"embeddable":true,"href":"https:\/\/redsemlac.com\/semmexico\/wp-json\/wp\/v2\/comments?post=23539"}],"version-history":[{"count":0,"href":"https:\/\/redsemlac.com\/semmexico\/wp-json\/wp\/v2\/posts\/23539\/revisions"}],"wp:featuredmedia":[{"embeddable":true,"href":"https:\/\/redsemlac.com\/semmexico\/wp-json\/wp\/v2\/media\/23540"}],"wp:attachment":[{"href":"https:\/\/redsemlac.com\/semmexico\/wp-json\/wp\/v2\/media?parent=23539"}],"wp:term":[{"taxonomy":"category","embeddable":true,"href":"https:\/\/redsemlac.com\/semmexico\/wp-json\/wp\/v2\/categories?post=23539"},{"taxonomy":"post_tag","embeddable":true,"href":"https:\/\/redsemlac.com\/semmexico\/wp-json\/wp\/v2\/tags?post=23539"}],"curies":[{"name":"wp","href":"https:\/\/api.w.org\/{rel}","templated":true}]}}