{"id":23536,"date":"2020-07-30T18:49:45","date_gmt":"2020-07-30T18:49:45","guid":{"rendered":"https:\/\/redsemlac.com\/semmexico\/?p=23536"},"modified":"2023-07-21T16:26:25","modified_gmt":"2023-07-21T21:26:25","slug":"pide-onu-redoblar-esfuerzos-en-la-lucha-contra-la-trata-de-personas","status":"publish","type":"post","link":"https:\/\/redsemlac.com\/semmexico\/pide-onu-redoblar-esfuerzos-en-la-lucha-contra-la-trata-de-personas\/","title":{"rendered":"Pide ONU redoblar esfuerzos en la lucha contra la trata de personas"},"content":{"rendered":"\n<p class=\"wp-block-paragraph\">* Es prioritaria la dignidad y los derechos humanos para una sociedad posterior al COVID 19<\/p>\n\n\n\n<p class=\"wp-block-paragraph\">* Reconocen hoy personal que atiende de manera inicial a v\u00edctimas de trata<\/p>\n\n\n\n<p class=\"wp-block-paragraph\">Lorena Vaniezcot<\/p>\n\n\n\n<p class=\"wp-block-paragraph\">SemM\u00e9xico, Nueva York, 30 de julio, 2020.- Ant\u00f3nio Guterres, Secretario General de las Naciones Unidas, dijo hoy que para que la respuesta al COVID-19 y la recuperaci\u00f3n posterior a nivel mundial asignen un lugar prioritario a la dignidad humana y los derechos humanos, es necesario redoblar los esfuerzos para proteger a las v\u00edctimas de la trata y evitar que las personas vulnerables sean explotadas por delincuentes.&nbsp;<\/p>\n\n\n\n<p class=\"wp-block-paragraph\">Esto en el D\u00eda Mundial contra la Trata de Personas en el que llam\u00f3 a comprometernos \u201ca luchar por lograr sociedades y econom\u00edas inclusivas que no dejen a nadie atr\u00e1s\u201d.<\/p>\n\n\n\n<p class=\"wp-block-paragraph\">Dijo que este d\u00eda est\u00e1 dedicado a las y los trabajadores de respuesta inicial que ayudan a poner fin al delito de la trata de personas, e insto a todos los Gobiernos y sociedades a que se sumen a su causa, en particular por medio del Fondo Fiduciario de Contribuciones Voluntarias de las Naciones Unidas para las V\u00edctimas de la Trata de Personas.<\/p>\n\n\n\n<p class=\"wp-block-paragraph\">\u201cAl igual que las hero\u00ednas y h\u00e9roes de primera l\u00ednea que salvan vidas y sirven de sost\u00e9n a nuestras sociedades durante la pandemia del COVID-19, estos trabajadores siguen prestando servicios vitales durante la crisis, localizando a las v\u00edctimas y ayud\u00e1ndolas a tener acceso a la justicia, la salud y la asistencia y protecci\u00f3n sociales, y evitando que se produzcan m\u00e1s actos de abuso y explotaci\u00f3n\u201d.<\/p>\n\n\n\n<p class=\"wp-block-paragraph\">El secretario general de la ONU dijo que la pandemia del COVID-19 ha expuesto y exacerbado muchas desigualdades a nivel mundial, ha creado nuevos obst\u00e1culos en el camino hacia la consecuci\u00f3n de los Objetivos de Desarrollo Sostenible y ha expuesto a millones de personas a un mayor riesgo de ser objeto de trata con fines de explotaci\u00f3n sexual, trabajo forzoso, matrimonio forzado y otros delitos.<\/p>\n\n\n\n<p class=\"wp-block-paragraph\">Las mujeres y las ni\u00f1as ya representan m\u00e1s del 70&nbsp;% de las v\u00edctimas de la trata de personas detectadas y actualmente se encuentran entre las m\u00e1s afectadas por la pandemia. Dado que en recesiones anteriores ha quedado demostrado que las mujeres tienen mayor dificultad para volver a conseguir empleos remunerados despu\u00e9s de una crisis, es especialmente importante que nos mantengamos vigilantes en este momento.<\/p>\n\n\n\n<p class=\"wp-block-paragraph\">SEM\/lv\/sj<\/p>\n","protected":false},"excerpt":{"rendered":"<p>* Es prioritaria la dignidad y los derechos humanos para una sociedad posterior al COVID 19 * Reconocen hoy personal que atiende de manera inicial a v\u00edctimas de trata Lorena Vaniezcot SemM\u00e9xico, Nueva York, 30 de julio, 2020.- Ant\u00f3nio Guterres, Secretario General de las Naciones Unidas, dijo hoy que para que la respuesta al COVID-19 [&hellip;]<\/p>\n","protected":false},"author":3,"featured_media":23537,"comment_status":"open","ping_status":"open","sticky":false,"template":"","format":"standard","meta":{"_monsterinsights_skip_tracking":false,"footnotes":""},"categories":[691,51],"tags":[],"class_list":["post-23536","post","type-post","status-publish","format-standard","has-post-thumbnail","category-691","category-ejecutivo"],"_links":{"self":[{"href":"https:\/\/redsemlac.com\/semmexico\/wp-json\/wp\/v2\/posts\/23536","targetHints":{"allow":["GET"]}}],"collection":[{"href":"https:\/\/redsemlac.com\/semmexico\/wp-json\/wp\/v2\/posts"}],"about":[{"href":"https:\/\/redsemlac.com\/semmexico\/wp-json\/wp\/v2\/types\/post"}],"author":[{"embeddable":true,"href":"https:\/\/redsemlac.com\/semmexico\/wp-json\/wp\/v2\/users\/3"}],"replies":[{"embeddable":true,"href":"https:\/\/redsemlac.com\/semmexico\/wp-json\/wp\/v2\/comments?post=23536"}],"version-history":[{"count":0,"href":"https:\/\/redsemlac.com\/semmexico\/wp-json\/wp\/v2\/posts\/23536\/revisions"}],"wp:featuredmedia":[{"embeddable":true,"href":"https:\/\/redsemlac.com\/semmexico\/wp-json\/wp\/v2\/media\/23537"}],"wp:attachment":[{"href":"https:\/\/redsemlac.com\/semmexico\/wp-json\/wp\/v2\/media?parent=23536"}],"wp:term":[{"taxonomy":"category","embeddable":true,"href":"https:\/\/redsemlac.com\/semmexico\/wp-json\/wp\/v2\/categories?post=23536"},{"taxonomy":"post_tag","embeddable":true,"href":"https:\/\/redsemlac.com\/semmexico\/wp-json\/wp\/v2\/tags?post=23536"}],"curies":[{"name":"wp","href":"https:\/\/api.w.org\/{rel}","templated":true}]}}