{"id":23531,"date":"2020-07-30T17:22:19","date_gmt":"2020-07-30T17:22:19","guid":{"rendered":"https:\/\/redsemlac.com\/semmexico\/?p=23531"},"modified":"2023-07-21T16:26:25","modified_gmt":"2023-07-21T21:26:25","slug":"detienen-a-militar-acusado-de-intento-de-feminicidio","status":"publish","type":"post","link":"https:\/\/redsemlac.com\/semmexico\/detienen-a-militar-acusado-de-intento-de-feminicidio\/","title":{"rendered":"Detienen a militar acusado de intento de feminicidio"},"content":{"rendered":"\n<p class=\"wp-block-paragraph\">* Golpe\u00f3 a su ex pareja quien presenta graves lesiones<\/p>\n\n\n\n<p class=\"wp-block-paragraph\">* Servicios del Pueblo Mixe pide a Fiscal\u00eda aplique todo el pese de la ley<\/p>\n\n\n\n<p class=\"wp-block-paragraph\">Patricia Brise\u00f1o<\/p>\n\n\n\n<p class=\"wp-block-paragraph\">SemM\u00e9xico, Oaxaca, 30 de julio, 2020.- Un militar, miembro activo de la Secretar\u00eda de la Defensa Nacional fue acusado de intento de feminicidio en contra de su ex pareja, hechos ocurridos en la poblaci\u00f3n de Santiago Ixcuintepec, en la zona Mixe, regi\u00f3n de la Sierra Norte.<\/p>\n\n\n\n<p class=\"wp-block-paragraph\">Ante los hechos, la organizaci\u00f3n Servicios del Pueblo Mixe exigir\u00f3 que el caso no quede en la impunidad y denunciaron que en lo que va de este a\u00f1o han denunciado otros casos de violencia machista en la regi\u00f3n.<\/p>\n\n\n\n<p class=\"wp-block-paragraph\">El militar Feliciano, quien es hijo del s\u00edndico municipal de Santiago Ixcuintepec, Apolinar Valois. fue detenido en un operativo realizado por las autoridades comunitarias de la zona, en tanto la v\u00edctima tuvo que ser internada en el hospital regional del Instituto Mexicano del\u00a0Seguro Social (IMSS), donde recibe atenci\u00f3n especializada por traumatismo craneoencef\u00e1lico y heridas en distintas partes del cuerpo.<\/p>\n\n\n\n<p class=\"wp-block-paragraph\">La violenta agresi\u00f3n ocurri\u00f3 el pasado martes cuando el soldado  Feliciano V., irrumpi\u00f3 en la vivienda de su ex pareja para atacarla a golpes, fue la intervenci\u00f3n de la familia de la v\u00edctima lo que llev\u00f3 al agresor a detenerse, pretendi\u00f3 huir, pero fue localizado, gracias a la intervenci\u00f3n de autoridades de Ixcuitepec y de otras comunidades cercanas.<\/p>\n\n\n\n<p class=\"wp-block-paragraph\">La movilizaci\u00f3n de los pueblos serranos prosper\u00f3 con la detenci\u00f3n del militar en San Miguel Quetzaltepec, y despu\u00e9s puesto a disposici\u00f3n de la Polic\u00eda Municipal de Ixcuintepec, hasta donde lleg\u00f3 el Ministerio P\u00fablico de la Fiscal\u00eda General del Estado.<\/p>\n\n\n\n<p class=\"wp-block-paragraph\"><strong>No m\u00e1s impunidad: Servicios del Pueblo Mixe<\/strong><\/p>\n\n\n\n<p class=\"wp-block-paragraph\">Al llamado para evitar la impunidad de la familia, se uni\u00f3 la organizaci\u00f3n Servicios del Pueblo Mixe quien conden\u00f3 la agresi\u00f3n y se\u00f1al\u00f3 que en lo que va de este a\u00f1o han sido denunciados otros casos,&nbsp;como el ocurrido el 20 de mayo de este a\u00f1o con una mujer mixe originaria de la comunidad de San Juan Metaltepec, Mixe.<\/p>\n\n\n\n<p class=\"wp-block-paragraph\">La violencia contra  la mujer, no se debe tolerar de ninguna manera y se debe erradicar con la participaci\u00f3n y coordinaci\u00f3n de los tres niveles de gobierno.<\/p>\n\n\n\n<p class=\"wp-block-paragraph\">En una carta p\u00fablica, hacen un llamado a las autoridades del pueblo mixe, a velar por los derechos de las mujeres mixes y a no tolerar ning\u00fan tipo de violencia que menoscabe los derechos, integridad y la salud de las mujeres, es vital generar pol\u00edticas p\u00fablicas para prevenir y atender integralmente casos de violencia de g\u00e9nero.<\/p>\n\n\n\n<p class=\"wp-block-paragraph\">Instamos a la Fiscal\u00eda General del Estado para que brinde una investigaci\u00f3n exhaustiva, veraz e imparcial, para que se aplique todo el peso de la Ley por la violencia hacia Margarita, mujer mixe de la comunidad de Santiago Ixcuintepec.<\/p>\n\n\n\n<p class=\"wp-block-paragraph\">Exigieron se brinde una atenci\u00f3n integral e intercultural para la atenci\u00f3n de su salud, as\u00ed como apoyo psicol\u00f3gico y seguridad para sus familiares, como lo establece el art\u00edculo 20 Bis de Ley Estatal de Acceso a las Mujeres relativo a una Vida Libre de Violencia, la cual obliga a las autoridades estatales y municipales, a proporcionar a las v\u00edctimas atenci\u00f3n m\u00e9dica, psicol\u00f3gica y jur\u00eddica.<\/p>\n\n\n\n<p class=\"wp-block-paragraph\">SEM\/pb\/sj<\/p>\n","protected":false},"excerpt":{"rendered":"<p>* Golpe\u00f3 a su ex pareja quien presenta graves lesiones * Servicios del Pueblo Mixe pide a Fiscal\u00eda aplique todo el pese de la ley Patricia Brise\u00f1o SemM\u00e9xico, Oaxaca, 30 de julio, 2020.- Un militar, miembro activo de la Secretar\u00eda de la Defensa Nacional fue acusado de intento de feminicidio en contra de su ex [&hellip;]<\/p>\n","protected":false},"author":3,"featured_media":23532,"comment_status":"open","ping_status":"open","sticky":false,"template":"","format":"standard","meta":{"_monsterinsights_skip_tracking":false,"footnotes":""},"categories":[691,47],"tags":[],"class_list":["post-23531","post","type-post","status-publish","format-standard","has-post-thumbnail","category-691","category-no-mas-impunidad"],"_links":{"self":[{"href":"https:\/\/redsemlac.com\/semmexico\/wp-json\/wp\/v2\/posts\/23531","targetHints":{"allow":["GET"]}}],"collection":[{"href":"https:\/\/redsemlac.com\/semmexico\/wp-json\/wp\/v2\/posts"}],"about":[{"href":"https:\/\/redsemlac.com\/semmexico\/wp-json\/wp\/v2\/types\/post"}],"author":[{"embeddable":true,"href":"https:\/\/redsemlac.com\/semmexico\/wp-json\/wp\/v2\/users\/3"}],"replies":[{"embeddable":true,"href":"https:\/\/redsemlac.com\/semmexico\/wp-json\/wp\/v2\/comments?post=23531"}],"version-history":[{"count":0,"href":"https:\/\/redsemlac.com\/semmexico\/wp-json\/wp\/v2\/posts\/23531\/revisions"}],"wp:featuredmedia":[{"embeddable":true,"href":"https:\/\/redsemlac.com\/semmexico\/wp-json\/wp\/v2\/media\/23532"}],"wp:attachment":[{"href":"https:\/\/redsemlac.com\/semmexico\/wp-json\/wp\/v2\/media?parent=23531"}],"wp:term":[{"taxonomy":"category","embeddable":true,"href":"https:\/\/redsemlac.com\/semmexico\/wp-json\/wp\/v2\/categories?post=23531"},{"taxonomy":"post_tag","embeddable":true,"href":"https:\/\/redsemlac.com\/semmexico\/wp-json\/wp\/v2\/tags?post=23531"}],"curies":[{"name":"wp","href":"https:\/\/api.w.org\/{rel}","templated":true}]}}