{"id":2353,"date":"2018-07-28T23:03:13","date_gmt":"2018-07-28T23:03:13","guid":{"rendered":"https:\/\/redsemlac.com\/semmexico\/?p=2353"},"modified":"2023-07-21T14:32:48","modified_gmt":"2023-07-21T19:32:48","slug":"en-guerrero-buscan-genear-una-agenda-para-incidir-en-las-politicas-publicas","status":"publish","type":"post","link":"https:\/\/redsemlac.com\/semmexico\/en-guerrero-buscan-genear-una-agenda-para-incidir-en-las-politicas-publicas\/","title":{"rendered":"En Guerrero buscan genear una agenda para incidir en las pol\u00edticas p\u00fablicas"},"content":{"rendered":"\n<p class=\"wp-block-paragraph\"><a href=\"https:\/\/www.semmexico.com\/gallery-post.php?id=5405#\">Magaly Rodriguez<\/a><\/p>\n\n\n\n<p class=\"wp-block-paragraph\">Semm\u00e9xico, Chilpancingo, Gro., 28 julio de 2018.- La Red para el Avance Pol\u00edtico de las Mujeres Guerrerenses e instituciones electorales, promueven foros regionales de Avaluaci\u00f3n sobre la Participaci\u00f3n Pol\u00edtica de las Mujeres, con el prop\u00f3sito de identificar la violencia pol\u00edtica en raz\u00f3n de g\u00e9nero, proceder a su denuncia y canalizar los casos y hacer el acompa\u00f1amiento.<\/p>\n\n\n\n<p class=\"wp-block-paragraph\">En esta ciudad se realiz\u00f3 el segundo Foro Regional de Evaluaci\u00f3n sobre la Participaci\u00f3n Pol\u00edtica de las Mujeres, el primero se realiz\u00f3 el mi\u00e9rcoles en la ciudad de Iguala y quedar\u00ed, el pasado fin de semana en Acapulco, y quedar\u00eda pendiente un tercero en Tlapa son impulsados por la Red para el Avance Pol\u00edtico de las Mujeres Guerrerenses, Grupo Feministas, los Institutos Nacional Electoral (INE) y de Participaci\u00f3n Ciudadana (IEPC), dijo la coordinadora de los foros Muriel Salinas D\u00edaz.<\/p>\n\n\n\n<p class=\"wp-block-paragraph\">El objetivo es hacer un diagn\u00f3stico de la violencia pol\u00edtica hacia las mujeres en el proceso electoral en el Estado de Guerrero y a partir de ellos generar una agenda de incidencia en materia legislativa y de pol\u00edticas p\u00fablicas y seguir insistiendo, en la tipificaci\u00f3n, sanci\u00f3n y atenci\u00f3n la violencia pol\u00edtica en raz\u00f3n de g\u00e9nero.<\/p>\n\n\n\n<p class=\"wp-block-paragraph\">\u201cSe trata de saber qu\u00e9 pas\u00f3 con las mujeres y la participaci\u00f3n pol\u00edtica, con la paridad, porque tenemos que medir y analizar como la violencia pol\u00edtica contra las mujeres en raz\u00f3n de g\u00e9nero, afect\u00f3 el logro de la paridad en el Estado de Guerrero, tanto en el registro de la candidaturas como en el resultado final\u201d, explic\u00f3 Salinas.<\/p>\n\n\n\n<p class=\"wp-block-paragraph\">Previo a los foros, la Red para el Avance Pol\u00edtico de las Mujeres Guerrerenses, lanz\u00f3 a trav\u00e9s de las redes sociales, un pre registro de casos de violencia pol\u00edtica en raz\u00f3n de g\u00e9nero, del cual, hasta el 17 de julio, eran 19 casos registrados, tres de los cuales, fueron homicidios dolosos, de dos precandidatas y una promotora del voto.<\/p>\n\n\n\n<p class=\"wp-block-paragraph\">Buscamos hacer un an\u00e1lisis de c\u00f3mo la pol\u00edtica, como sucede en Guerrero, combinan m\u00faltiples violencias en la vida cotidiana en los municipios y ciudades, y distinguir si esta violencia en el caso de los homicidios, contiene elementos de g\u00e9nero, dijo y explic\u00f3 que la violencia contra las mujeres son s\u00edntomas del contrato local, de c\u00f3mo est\u00e1 impactando la violencia en la vida democr\u00e1tica\u201d, precis\u00f3 la activista.<\/p>\n\n\n\n<p class=\"wp-block-paragraph\">Estos foros se realizan en el marco del programa \u201cImpulso a la participaci\u00f3n pol\u00edtica de las Mujeres\u201d, a trav\u00e9s de las organizaciones de la sociedad civil, el cual abri\u00f3 una convocatoria a nivel nacional para la presentaci\u00f3n de proyectos a concurso, fueron m\u00e1s de 300 que se presentaron en todo el pa\u00eds, ganaron solo 21, entre los cuales, Equipos Feministas obtuvo el primer lugar en la evaluaci\u00f3n de calidad.<\/p>\n\n\n\n<p class=\"wp-block-paragraph\">SEM\/mr\/sj<\/p>\n","protected":false},"excerpt":{"rendered":"<p>Magaly Rodriguez Semm\u00e9xico, Chilpancingo, Gro., 28 julio de 2018.- La Red para el Avance Pol\u00edtico de las Mujeres Guerrerenses e instituciones electorales, promueven foros regionales de Avaluaci\u00f3n sobre la Participaci\u00f3n Pol\u00edtica de las Mujeres, con el prop\u00f3sito de identificar la violencia pol\u00edtica en raz\u00f3n de g\u00e9nero, proceder a su denuncia y canalizar los casos y [&hellip;]<\/p>\n","protected":false},"author":3,"featured_media":2354,"comment_status":"open","ping_status":"open","sticky":false,"template":"","format":"standard","meta":{"_monsterinsights_skip_tracking":false,"footnotes":""},"categories":[689,33],"tags":[],"class_list":["post-2353","post","type-post","status-publish","format-standard","has-post-thumbnail","category-689","category-elecciones-2018"],"_links":{"self":[{"href":"https:\/\/redsemlac.com\/semmexico\/wp-json\/wp\/v2\/posts\/2353","targetHints":{"allow":["GET"]}}],"collection":[{"href":"https:\/\/redsemlac.com\/semmexico\/wp-json\/wp\/v2\/posts"}],"about":[{"href":"https:\/\/redsemlac.com\/semmexico\/wp-json\/wp\/v2\/types\/post"}],"author":[{"embeddable":true,"href":"https:\/\/redsemlac.com\/semmexico\/wp-json\/wp\/v2\/users\/3"}],"replies":[{"embeddable":true,"href":"https:\/\/redsemlac.com\/semmexico\/wp-json\/wp\/v2\/comments?post=2353"}],"version-history":[{"count":0,"href":"https:\/\/redsemlac.com\/semmexico\/wp-json\/wp\/v2\/posts\/2353\/revisions"}],"wp:featuredmedia":[{"embeddable":true,"href":"https:\/\/redsemlac.com\/semmexico\/wp-json\/wp\/v2\/media\/2354"}],"wp:attachment":[{"href":"https:\/\/redsemlac.com\/semmexico\/wp-json\/wp\/v2\/media?parent=2353"}],"wp:term":[{"taxonomy":"category","embeddable":true,"href":"https:\/\/redsemlac.com\/semmexico\/wp-json\/wp\/v2\/categories?post=2353"},{"taxonomy":"post_tag","embeddable":true,"href":"https:\/\/redsemlac.com\/semmexico\/wp-json\/wp\/v2\/tags?post=2353"}],"curies":[{"name":"wp","href":"https:\/\/api.w.org\/{rel}","templated":true}]}}