{"id":23528,"date":"2020-07-30T17:17:20","date_gmt":"2020-07-30T17:17:20","guid":{"rendered":"https:\/\/redsemlac.com\/semmexico\/?p=23528"},"modified":"2023-07-21T16:26:25","modified_gmt":"2023-07-21T21:26:25","slug":"ya-es-ley-todas-las-sentencias-judiciales-seran-publicas","status":"publish","type":"post","link":"https:\/\/redsemlac.com\/semmexico\/ya-es-ley-todas-las-sentencias-judiciales-seran-publicas\/","title":{"rendered":"Ya es ley: todas las sentencias judiciales ser\u00e1n p\u00fablicas"},"content":{"rendered":"\n<ul class=\"wp-block-list\"><li><strong>La C\u00e1mara de Diputados aprob\u00f3 por unanimidad una reforma a la Ley General de Transparencia que obliga a los poderes judiciales de todo el pa\u00eds a hacer p\u00fablicas todas sus sentencias. Ratifica as\u00ed la decisi\u00f3n que tom\u00f3 el Senado el pasado 17 de octubre.<\/strong><\/li><li><strong>Con el antiguo ordenamiento, los poderes judiciales \u00fanicamente ten\u00edan la obligaci\u00f3n de publicar las sentencias de \u201cinter\u00e9s publico\u201d, caracterizaci\u00f3n con la que muchas veces se escudaban para no publicar sus fallos y resoluciones.<\/strong><\/li><\/ul>\n\n\n\n<p class=\"wp-block-paragraph\">SemM\u00e9xico. Cd. de M\u00e9xico. 30 de julio de 2020.- Ayer se aprob\u00f3 la modificaci\u00f3n a la Ley General de Transparencia y Acceso a la Informaci\u00f3n P\u00fablica impulsada por el colectivo #LoJustoEsQueSepas, que obligar\u00e1 a que todas las sentencias judiciales sean p\u00fablicas.<\/p>\n\n\n\n<p class=\"wp-block-paragraph\">Con anterioridad, el art\u00edculo 73 de esta Ley se\u00f1alaba que los Poderes Judiciales deb\u00edan dar a conocer \u00fanicamente las sentencias de \u201cinter\u00e9s p\u00fablico\u201d. La ambig\u00fcedad de este concepto ha permitido que los juzgados y tribunales publiquen pocas<a href=\"https:\/\/mail.yahoo.com\/?.intl=e1&amp;.lang=es-US&amp;.partner=none&amp;.src=fp#_ftn2\"> <\/a>o ninguna de sus sentencias.<\/p>\n\n\n\n<p class=\"wp-block-paragraph\">Esta opacidad judicial da pie a que se puedan dictar sentencias discriminatorias o sin perspectiva de g\u00e9nero y derechos humanos, y limita la detecci\u00f3n de posibles arbitrariedades. Con ello, el acceso a la justicia, el acceso a la informaci\u00f3n y otros derechos como la libertad de expresi\u00f3n se ven limitados.<\/p>\n\n\n\n<p class=\"wp-block-paragraph\">Por eso la publicaci\u00f3n de todas sentencias es muy importante, pues facilitar\u00e1 la realizaci\u00f3n de ejercicios de auditor\u00eda ciudadana, la evaluaci\u00f3n del trabajo de las y los juzgadores y funcionarios judiciales y la identificaci\u00f3n de patrones que puedan dar indicios de actos de corrupci\u00f3n. As\u00ed, esta reforma representa un gran paso hacia la transparencia judicial y contribuye a consolidar poderes judiciales m\u00e1s abiertos y confiables, se\u00f1ala el colectivo en un comunicado de prensa. <\/p>\n\n\n\n<p class=\"wp-block-paragraph\">El colectivo #LoJustoEsQueSepas, que ha impulsado la causa de la transparencia judicial desde 2018, reconoce el avance en materia de transparencia y apertura de datos que implica esta reforma. Ahora, los poderes judiciales tendr\u00e1n la responsabilidad de cumplir con esta nueva obligaci\u00f3n, mientras a los \u00f3rganos garantes de transparencia les corresponder\u00e1 monitorear su implementaci\u00f3n.<\/p>\n\n\n\n<p class=\"wp-block-paragraph\">\u00abFinalmente, creemos que esta reforma debe servir como impulso a una pol\u00edtica de transparencia proactiva por parte de los poderes judiciales. Es decir, deseamos que los siguientes pasos se encaminen hacia la generaci\u00f3n de mecanismos que acerquen la justicia, en particular a grupos en situaci\u00f3n de vulnerabilidad, mediante la difusi\u00f3n de informaci\u00f3n en formatos y soportes adecuados y pertinentes, de acuerdo con lo establecido por la propia Ley General de Transparencia. Desde la ciudadan\u00eda seguiremos observando la labor del poder judicial y exigiendo una justicia en la que podamos confiar\u00bb.<\/p>\n\n\n\n<p class=\"wp-block-paragraph\">El colectivo esta integrado por:  EQUIS Justicia para la Mujeres, M\u00e9xico Eval\u00faa, Borde Pol\u00edtico, Art\u00edculo 19, Mexicanos Contra la Corrupci\u00f3n y la Impunidad, Controla tu Gobierno y Fundar.<\/p>\n","protected":false},"excerpt":{"rendered":"<p>La C\u00e1mara de Diputados aprob\u00f3 por unanimidad una reforma a la Ley General de Transparencia que obliga a los poderes judiciales de todo el pa\u00eds a hacer p\u00fablicas todas sus sentencias. Ratifica as\u00ed la decisi\u00f3n que tom\u00f3 el Senado el pasado 17 de octubre. Con el antiguo ordenamiento, los poderes judiciales \u00fanicamente ten\u00edan la obligaci\u00f3n [&hellip;]<\/p>\n","protected":false},"author":3,"featured_media":23529,"comment_status":"open","ping_status":"open","sticky":false,"template":"","format":"standard","meta":{"_monsterinsights_skip_tracking":false,"footnotes":""},"categories":[691,54],"tags":[],"class_list":["post-23528","post","type-post","status-publish","format-standard","has-post-thumbnail","category-691","category-mujeres"],"_links":{"self":[{"href":"https:\/\/redsemlac.com\/semmexico\/wp-json\/wp\/v2\/posts\/23528","targetHints":{"allow":["GET"]}}],"collection":[{"href":"https:\/\/redsemlac.com\/semmexico\/wp-json\/wp\/v2\/posts"}],"about":[{"href":"https:\/\/redsemlac.com\/semmexico\/wp-json\/wp\/v2\/types\/post"}],"author":[{"embeddable":true,"href":"https:\/\/redsemlac.com\/semmexico\/wp-json\/wp\/v2\/users\/3"}],"replies":[{"embeddable":true,"href":"https:\/\/redsemlac.com\/semmexico\/wp-json\/wp\/v2\/comments?post=23528"}],"version-history":[{"count":0,"href":"https:\/\/redsemlac.com\/semmexico\/wp-json\/wp\/v2\/posts\/23528\/revisions"}],"wp:featuredmedia":[{"embeddable":true,"href":"https:\/\/redsemlac.com\/semmexico\/wp-json\/wp\/v2\/media\/23529"}],"wp:attachment":[{"href":"https:\/\/redsemlac.com\/semmexico\/wp-json\/wp\/v2\/media?parent=23528"}],"wp:term":[{"taxonomy":"category","embeddable":true,"href":"https:\/\/redsemlac.com\/semmexico\/wp-json\/wp\/v2\/categories?post=23528"},{"taxonomy":"post_tag","embeddable":true,"href":"https:\/\/redsemlac.com\/semmexico\/wp-json\/wp\/v2\/tags?post=23528"}],"curies":[{"name":"wp","href":"https:\/\/api.w.org\/{rel}","templated":true}]}}