{"id":23502,"date":"2020-07-30T01:08:11","date_gmt":"2020-07-30T01:08:11","guid":{"rendered":"https:\/\/redsemlac.com\/semmexico\/?p=23502"},"modified":"2023-07-21T16:26:25","modified_gmt":"2023-07-21T21:26:25","slug":"86-ordenamientos-y-4-dictamenes-con-paridad-y-lenguaje-incluyente","status":"publish","type":"post","link":"https:\/\/redsemlac.com\/semmexico\/86-ordenamientos-y-4-dictamenes-con-paridad-y-lenguaje-incluyente\/","title":{"rendered":"86 ordenamientos y 4 dict\u00e1menes: con paridad y lenguaje incluyente"},"content":{"rendered":"\n<ul class=\"wp-block-list\"><li><strong>La presidenta de la comisi\u00f3n de igualdad en tribuna: se vota<\/strong><\/li><\/ul>\n\n\n\n<ul class=\"wp-block-list\"><li><strong>Wendy Brise\u00f1o Zuloaga celebra acuerdo de la C\u00e1mara<\/strong><\/li><\/ul>\n\n\n\n<p class=\"wp-block-paragraph\"><strong>Por Sara Lovera<\/strong><\/p>\n\n\n\n<p class=\"wp-block-paragraph\">SemM\u00e9xico. Cd. de M\u00e9xico. 29 de julio de 2020.- Este d\u00eda, 29 de julio, la C\u00e1mara de Diputados discute y acuerda la reforma 86 leyes, para asegurar la paridad en la Administraci\u00f3n P\u00fablica y en los \u00f3rganos del gobierno federal y otros cargos p\u00fablicos. La presidenta de la Comisi\u00f3n de Igualdad de esa c\u00e1mara, Wendy Brise\u00f1o Zuloaga, hizo un recuento de los \u00faltimos acuerdos para llegar a una sesi\u00f3n extraordinaria donde todav\u00eda a estas horas se votan 4 dict\u00e1menes que estuvieron a cargo de esta comisi\u00f3n.<\/p>\n\n\n\n<p class=\"wp-block-paragraph\">Los cambios son resultado de la aplicaci\u00f3n de las reformas Constitucionales de julio de 2019, luego de foros de consulta, an\u00e1lisis a fondo de las propuestas y los dict\u00e1menes que ya hab\u00eda presentado del Senado de la Rep\u00fablica.<\/p>\n\n\n\n<p class=\"wp-block-paragraph\">As\u00ed la diputada informa: Considero necesario recordar que previamente a esta tercera sesi\u00f3n extraordinaria, -de este 29 de julio- se realizaron diversas reuniones de trabajo v\u00eda remota, en donde las diputadas manifestamos nuestra intenci\u00f3n de voto respecto de los dict\u00e1menes que se pondr\u00e1n en discusi\u00f3n y votaci\u00f3n en la sesi\u00f3n de hoy, con la cual formalizaremos los votos en el sentido favorable ya emitido en comisiones.<\/p>\n\n\n\n<figure class=\"wp-block-gallery columns-2 is-cropped wp-block-gallery-1 is-layout-flex wp-block-gallery-is-layout-flex\"><ul class=\"blocks-gallery-grid\"><li class=\"blocks-gallery-item\"><figure><img decoding=\"async\" src=\"https:\/\/redsemlac.com\/semmexico\/wp-content\/uploads\/2020\/07\/EeG3_koWoAMRTK8-1024x575.jpg\" alt=\"\" data-id=\"23503\" data-full-url=\"https:\/\/redsemlac.com\/semmexico\/wp-content\/uploads\/2020\/07\/EeG3_koWoAMRTK8.jpg\" data-link=\"https:\/\/redsemlac.com\/semmexico\/?attachment_id=23503\" class=\"wp-image-23503\"\/><\/figure><\/li><li class=\"blocks-gallery-item\"><figure><img decoding=\"async\" src=\"https:\/\/redsemlac.com\/semmexico\/wp-content\/uploads\/2020\/07\/EeIbOcAWoAEwWI--1024x682.jpg\" alt=\"\" data-id=\"23504\" data-full-url=\"https:\/\/redsemlac.com\/semmexico\/wp-content\/uploads\/2020\/07\/EeIbOcAWoAEwWI-.jpg\" data-link=\"https:\/\/redsemlac.com\/semmexico\/?attachment_id=23504\" class=\"wp-image-23504\"\/><\/figure><\/li><li class=\"blocks-gallery-item\"><figure><img loading=\"lazy\" decoding=\"async\" width=\"873\" height=\"655\" src=\"https:\/\/redsemlac.com\/semmexico\/wp-content\/uploads\/2020\/07\/EeIFHBuXYAIH7C_.jpg\" alt=\"\" data-id=\"23506\" data-full-url=\"https:\/\/redsemlac.com\/semmexico\/wp-content\/uploads\/2020\/07\/EeIFHBuXYAIH7C_.jpg\" data-link=\"https:\/\/redsemlac.com\/semmexico\/?attachment_id=23506\" class=\"wp-image-23506\"\/><\/figure><\/li><\/ul><\/figure>\n\n\n\n<p class=\"wp-block-paragraph\">Luego declar\u00f3 que hoy celebramos una sesi\u00f3n muy importante que da cumplimiento a nuestras obligaciones en materia de paridad de g\u00e9nero y leyes secundarias.<\/p>\n\n\n\n<p class=\"wp-block-paragraph\">El seis de junio del 2019 se public\u00f3 en el diario oficial de la federaci\u00f3n la reforma constitucional en materia de paridad entre los hombres y las mujeres, lo que constituy\u00f3 un hecho hist\u00f3rico. Se reformaron los art\u00edculos 2\u00ba, 4\u00ba, 35, 41, 52, 53, 56, 94 y 115 de la constituci\u00f3n pol\u00edtica de los estados unidos mexicanos. En esa reforma se estableci\u00f3 la obligaci\u00f3n de que el Congreso de la Uni\u00f3n, \u00e9ste llamado de la paridad, deb\u00eda realizar las adecuaciones normativas correspondientes a efecto de observar el principio de paridad de g\u00e9nero.<\/p>\n\n\n\n<p class=\"wp-block-paragraph\">Destac\u00f3 que el trabajo fue resultado de los esfuerzos de diputadas y senadoras, as\u00ed se lleg\u00f3 al d\u00eda de hoy, para someter a votaci\u00f3n la reforma de m\u00e1s de 80 leyes en materia de paridad, \u00e9sta, dijo, cumple con una obligaci\u00f3n Constitucional, pero, sobre todo, con la responsabilidad que tenemos con las mujeres mexicanas en el camino de la igualdad y la democracia.&nbsp;&nbsp;&nbsp;<\/p>\n\n\n\n<p class=\"wp-block-paragraph\">Explic\u00f3 que se realiz\u00f3 una revisi\u00f3n exhaustiva al marco normativo, se present\u00f3 una iniciativa muy importante por parte de la Comisi\u00f3n de Igualdad de G\u00e9nero; asimismo, se recibieron tres minutas del Senado de la Rep\u00fablica, las cuales tambi\u00e9n se dictaminaron.<\/p>\n\n\n\n<p class=\"wp-block-paragraph\">Para la diputada el impacto que se generar\u00e1 con estas reformas es enorme, se busca lograr la presencia de mujeres en \u00f3rganos de gobierno y titularidad de cargos p\u00fablicos de alta relevancia.<\/p>\n\n\n\n<p class=\"wp-block-paragraph\">Hoy m\u00e1s que nunca, dijo \u201cseguimos trabajando para que las mujeres, en toda nuestra diversidad, estemos en lugares de toma de decisi\u00f3n y nos veamos representadas\u201d.&nbsp;<\/p>\n\n\n\n<p class=\"wp-block-paragraph\">Por otra parte, se incorpora tambi\u00e9n en estas reformas el lenguaje incluyente. Hay que resaltar que esto no es un simple cambio de palabras. Las feministas lo hemos dicho y lo seguiremos repitiendo,&nbsp;<em>lo que no se nombra, no existe,<\/em>&nbsp;por eso hoy nos nombramos en estas 86 leyes que se reforman.&nbsp;<\/p>\n\n\n\n<p class=\"wp-block-paragraph\">Que se sepa que las mujeres formamos parte de la administraci\u00f3n p\u00fablica, de los \u00f3rganos de gobierno, que somos diputadas, titulares de secretar\u00edas de gobierno, juezas, maestras, consejeras, subsecretar\u00edas, presidentas de organismos aut\u00f3nomos y m\u00e1s.<\/p>\n\n\n\n<p class=\"wp-block-paragraph\">Este logro es tambi\u00e9n fruto del arduo trabajo realizado por la sociedad civil, dijo, al reconocer y agradecer el trabajo del movimiento feminista y amplio de mujeres, ya que, dijo sin su impulso y su compromiso esto no ser\u00eda posible.&nbsp;<\/p>\n\n\n\n<p class=\"wp-block-paragraph\"><strong>Reconocimiento a las ancestras<\/strong><\/p>\n\n\n\n<p class=\"wp-block-paragraph\">No olvid\u00f3 que estas reformas son posibles hoy en d\u00eda, gracias a todas las mujeres que hist\u00f3ricamente han impulsado la vida y libertad de las mujeres, y por ello llam\u00f3 a hacer un homenaje a aquellas que dedicaron su vida para que hoy la paridad de g\u00e9nero pueda ser una realidad.&nbsp;<\/p>\n\n\n\n<p class=\"wp-block-paragraph\">Luego retom\u00f3 a Amelia Valc\u00e1rcel fil\u00f3sofa espa\u00f1ola quien reflexiona en su libro&nbsp;<em>\u201cEl feminismo como una forma de habitar el mundo\u201d<\/em>,&nbsp;&nbsp;c\u00f3mo a trav\u00e9s de los&nbsp;<strong><em>siglos se nos quer\u00eda mantener como una \u201cmasa pre-c\u00edvica\u201d, \u201cno apta para las asambleas e incapaces de mantener la ciudadan\u00eda frente a terceros\u201d; hoy precisamente por muchas mujeres que han luchado y porque no podemos m\u00e1s que honrar esas luchas haciendo lo propio, avanzamos, y observamos c\u00f3mo todos los prejuicios hist\u00f3ricos, uno a uno se han venido abajo. Hoy celebramos esta sesi\u00f3n y seguimos caminando, ganando un trecho m\u00e1s y un trecho m\u00e1s, en esta conquista por las que nos han antecedido, por las que estamos, por las que vienen.&nbsp;<\/em><\/strong><\/p>\n\n\n\n<p class=\"wp-block-paragraph\">Por todo lo anterior, este 29 de julio de 2020, dijo \u201cestamos cumpliendo con el mandato realizado en la reforma constitucional, el cual es sin duda un esfuerzo conjunto que reconocemos y celebramos.<\/p>\n\n\n\n<p class=\"wp-block-paragraph\">As\u00ed se procedi\u00f3 al orden del d\u00eda en la C\u00e1mara de Diputados:<\/p>\n\n\n\n<p class=\"wp-block-paragraph\">El primer punto en dicho orden del d\u00eda es la lectura, discusi\u00f3n y en su caso aprobaci\u00f3n de la propuesta de dictamen de la minuta con proyecto de decreto por el que se reforman y adicionan diversas disposiciones de la (1) ley general de transparencia y acceso a la informaci\u00f3n&nbsp;&nbsp;&nbsp;p\u00fablica;&nbsp;&nbsp;&nbsp;(2) la&nbsp;&nbsp;&nbsp;ley&nbsp;&nbsp;&nbsp;general&nbsp;&nbsp;&nbsp;del&nbsp;&nbsp;&nbsp;sistema&nbsp;&nbsp;nacional anticorrupci\u00f3n; (3) la ley federal de competencia econ\u00f3mica; (4) la ley federal de telecomunicaciones y radiodifusi\u00f3n; (5) la ley del banco de m\u00e9xico; (6) la ley de la comisi\u00f3n nacional de los derechos humanos; (7) la ley org\u00e1nica de la fiscal\u00eda general de la rep\u00fablica y (8) la ley de los \u00f3rganos reguladores coordinadores en materia energ\u00e9tica, en materia de paridad de g\u00e9nero, como primer paquete. Siguieron 3.<\/p>\n","protected":false},"excerpt":{"rendered":"<p>Wendy Brise\u00f1o Zuloaga celebra acuerdo de la C\u00e1mara<\/p>\n","protected":false},"author":3,"featured_media":23505,"comment_status":"open","ping_status":"open","sticky":false,"template":"","format":"standard","meta":{"_monsterinsights_skip_tracking":false,"footnotes":""},"categories":[691,50],"tags":[],"class_list":["post-23502","post","type-post","status-publish","format-standard","has-post-thumbnail","category-691","category-congreso"],"_links":{"self":[{"href":"https:\/\/redsemlac.com\/semmexico\/wp-json\/wp\/v2\/posts\/23502","targetHints":{"allow":["GET"]}}],"collection":[{"href":"https:\/\/redsemlac.com\/semmexico\/wp-json\/wp\/v2\/posts"}],"about":[{"href":"https:\/\/redsemlac.com\/semmexico\/wp-json\/wp\/v2\/types\/post"}],"author":[{"embeddable":true,"href":"https:\/\/redsemlac.com\/semmexico\/wp-json\/wp\/v2\/users\/3"}],"replies":[{"embeddable":true,"href":"https:\/\/redsemlac.com\/semmexico\/wp-json\/wp\/v2\/comments?post=23502"}],"version-history":[{"count":0,"href":"https:\/\/redsemlac.com\/semmexico\/wp-json\/wp\/v2\/posts\/23502\/revisions"}],"wp:featuredmedia":[{"embeddable":true,"href":"https:\/\/redsemlac.com\/semmexico\/wp-json\/wp\/v2\/media\/23505"}],"wp:attachment":[{"href":"https:\/\/redsemlac.com\/semmexico\/wp-json\/wp\/v2\/media?parent=23502"}],"wp:term":[{"taxonomy":"category","embeddable":true,"href":"https:\/\/redsemlac.com\/semmexico\/wp-json\/wp\/v2\/categories?post=23502"},{"taxonomy":"post_tag","embeddable":true,"href":"https:\/\/redsemlac.com\/semmexico\/wp-json\/wp\/v2\/tags?post=23502"}],"curies":[{"name":"wp","href":"https:\/\/api.w.org\/{rel}","templated":true}]}}