{"id":23491,"date":"2020-07-30T00:43:36","date_gmt":"2020-07-30T00:43:36","guid":{"rendered":"https:\/\/redsemlac.com\/semmexico\/?p=23491"},"modified":"2023-07-21T16:26:25","modified_gmt":"2023-07-21T21:26:25","slug":"ministros-representantes-de-la-derecha-medieval-rancia-y-patriarcal","status":"publish","type":"post","link":"https:\/\/redsemlac.com\/semmexico\/ministros-representantes-de-la-derecha-medieval-rancia-y-patriarcal\/","title":{"rendered":"Ministros representantes de la derecha medieval, rancia y patriarcal"},"content":{"rendered":"\n<ul class=\"wp-block-list\"><li><strong>La SCJN no entr\u00f3 al fondo del asunto al desechar el proyecto<\/strong><\/li><\/ul>\n\n\n\n<ul class=\"wp-block-list\"><li><strong>La diputada Lorena Villavicencio dice que est\u00e1n fuera de la Constituci\u00f3n\u00a0<\/strong><\/li><\/ul>\n\n\n\n<ul class=\"wp-block-list\"><li><strong>La negativa a interrumpir el embarazo: mal mensaje a la mujeres\u00a0\u00a0<\/strong><\/li><\/ul>\n\n\n\n<p class=\"wp-block-paragraph\"><strong>Por Argelia Guevara<\/strong><\/p>\n\n\n\n<p class=\"wp-block-paragraph\">SemM\u00e9xico. Cd. de M\u00e9xico. 29 de julio de 2020.- La diputada morenista Lorena Villavicencio inicia con una pregunta \u00bfD\u00f3nde qued\u00f3 la tutela de los derechos humanos, la Constituci\u00f3n y los tratados internacionales? Luego de conocer c\u00f3mo la Suprema Corte de Justicia de la Naci\u00f3n SCJN desech\u00f3 el resolutivo sobre el amparo de mujeres veracruzanos para acceder a su derecho a interrumpir su embarazo.<\/p>\n\n\n\n<p class=\"wp-block-paragraph\">Lanz\u00f3 un extra\u00f1amiento, porque en el desarrollo de la sesi\u00f3n, dijo no se diera cuenta de los escritos de amicus curiae o amigos de la corte o del tribunal, que promovieron diversas diputadas, diversas autoridades y organizaciones.<\/p>\n\n\n\n<p class=\"wp-block-paragraph\">Ah\u00ed se expuso desde el \u00e1mbito del derecho internacional, una opini\u00f3n t\u00e9cnica del caso, donde se aportaron elementos jur\u00eddicos trascendentes a los juzgadores para que fueran tomados en cuenta, al momento de dictar la resoluci\u00f3n en comento.<\/p>\n\n\n\n<p class=\"has-text-color has-medium-font-size has-vivid-red-color wp-block-paragraph\"><strong>Te puede interesar:<\/strong><\/p>\n\n\n\n<figure class=\"wp-block-embed-wordpress wp-block-embed is-type-wp-embed is-provider-semm-eacute-xico\"><div class=\"wp-block-embed__wrapper\">\n<blockquote class=\"wp-embedded-content\" data-secret=\"LfFoOJVimz\"><a href=\"https:\/\/redsemlac.com\/semmexico\/scjn-no-resuelve-la-situacion-de-violacion-al-derecho-a-la-salud-reproductiva-de-las-mujeres-en-veracruz\/\">SCJN no resuelve la situaci\u00f3n de violaci\u00f3n al derecho a la salud reproductiva de las mujeres en Veracruz<\/a><\/blockquote><iframe loading=\"lazy\" class=\"wp-embedded-content\" sandbox=\"allow-scripts\" security=\"restricted\" style=\"position: absolute; visibility: hidden;\" title=\"\u00abSCJN no resuelve la situaci\u00f3n de violaci\u00f3n al derecho a la salud reproductiva de las mujeres en Veracruz\u00bb \u2014 SemM\u00e9xico\" src=\"https:\/\/redsemlac.com\/semmexico\/scjn-no-resuelve-la-situacion-de-violacion-al-derecho-a-la-salud-reproductiva-de-las-mujeres-en-veracruz\/embed\/#?secret=IH4TmZooXL#?secret=LfFoOJVimz\" data-secret=\"LfFoOJVimz\" width=\"600\" height=\"338\" frameborder=\"0\" marginwidth=\"0\" marginheight=\"0\" scrolling=\"no\"><\/iframe>\n<\/div><\/figure>\n\n\n\n<figure class=\"wp-block-embed-wordpress wp-block-embed is-type-wp-embed is-provider-semm-eacute-xico\"><div class=\"wp-block-embed__wrapper\">\n<blockquote class=\"wp-embedded-content\" data-secret=\"VFiBlwccHI\"><a href=\"https:\/\/redsemlac.com\/semmexico\/resolucion-de-la-corte-sobre-aborto-en-veracruz-buena-pero-con-errores\/\">Resoluci\u00f3n de la Corte sobre aborto en Veracruz:  buena, pero con errores<\/a><\/blockquote><iframe loading=\"lazy\" class=\"wp-embedded-content\" sandbox=\"allow-scripts\" security=\"restricted\" style=\"position: absolute; visibility: hidden;\" title=\"\u00abResoluci\u00f3n de la Corte sobre aborto en Veracruz:  buena, pero con errores\u00bb \u2014 SemM\u00e9xico\" src=\"https:\/\/redsemlac.com\/semmexico\/resolucion-de-la-corte-sobre-aborto-en-veracruz-buena-pero-con-errores\/embed\/#?secret=uSVaIgsLOc#?secret=VFiBlwccHI\" data-secret=\"VFiBlwccHI\" width=\"600\" height=\"338\" frameborder=\"0\" marginwidth=\"0\" marginheight=\"0\" scrolling=\"no\"><\/iframe>\n<\/div><\/figure>\n\n\n\n<p class=\"wp-block-paragraph\"><strong>Urge reorganizaci\u00f3n del movimiento feminista<\/strong><\/p>\n\n\n\n<p class=\"wp-block-paragraph\">Enseguida convoc\u00f3 a todas las feministas y mujeres del pa\u00eds, a organizarse y articularse, en defensa del derecho a decidir.<\/p>\n\n\n\n<p class=\"wp-block-paragraph\">Luego agreg\u00f3 que le parece lamentable que la Primera Sala de la Suprema Corte de Justicia no haya valorado el fondo del proyecto de resoluci\u00f3n del ministro Juan Luis Gonz\u00e1lez Carranc\u00e1, lo que garantizar\u00eda un derecho humano inherente de las mujeres, como es el Derecho a Decidir sobre su propio cuerpo, el cual est\u00e1 reconocido en los convenios internacionales suscritos por el gobierno mexicano que hoy est\u00e1 en la Constituci\u00f3n, cuya reforma de 2011 incluy\u00f3 los derechos pro persona.<\/p>\n\n\n\n<p class=\"wp-block-paragraph\">Consider\u00f3, que el alegato de omisi\u00f3n, no tenga su origen en la presi\u00f3n que ejercieron los grupos anti derechos.<\/p>\n\n\n\n<p class=\"wp-block-paragraph\">Para la diputada Villavicencio, la decisi\u00f3n que tom\u00f3 el m\u00e1ximo tribunal constitucional es una clara omisi\u00f3n a su responsabilidad de hacer valer los derechos humanos consignados en nuestro marco legal y el Bloque Convencional, en lugar de cuidar la formas o los procedimientos.&nbsp;<\/p>\n\n\n\n<p class=\"wp-block-paragraph\">Advirti\u00f3 que ello ser\u00e1 utilizado indebidamente por quienes se oponen a que las mujeres ejerzan sus derechos, y compar\u00f3 a los ministros con verdaderos representantes de la derecha medieval, rancia y patriarcal.&nbsp;<\/p>\n\n\n\n<p class=\"wp-block-paragraph\">Dijo que se trata de una embestida, frente a la cual las diputadas feministas de la Legislatura de la Paridad, si legislaran sobre los derechos sexuales y reproductivos que incluyen la interrupci\u00f3n del embarazo y velar\u00e1n por cumplir con los Tratados Internacionales y de Derechos Humanos.<\/p>\n\n\n\n<p class=\"wp-block-paragraph\">Se trata, explic\u00f3, de evitar la muerte y la c\u00e1rcel a las mujeres, cosa que proponen grupos mis\u00f3ginos.<\/p>\n\n\n\n<p class=\"wp-block-paragraph\">Si la decisi\u00f3n de declarar la improcedencia del amparo en cuesti\u00f3n, se basa en que no existi\u00f3 omisi\u00f3n legislativa porque consideran que s\u00ed existe la norma y que, no fue impugnada en su momento mediante una acci\u00f3n de inconstitucionalidad, entonces \u201cseremos las diputadas y diputados federales del Congreso de la Uni\u00f3n quienes haremos las adecuaciones constitucionales correspondientes para la protecci\u00f3n y defensa de las mujeres, y no habr\u00e1 pretextos para que la Corte se pronuncie.\u201d.<\/p>\n\n\n\n<p class=\"wp-block-paragraph\">Respecto de Veracruz, dijo que hoy dejan, estos y estas ministras en estado de indefensi\u00f3n a miles de ni\u00f1as y adolescentes en el Estado de Veracruz, a quienes se les obliga y se les obligue a ser madres. Record\u00f3 que se puede sustentar que muchas de ellas fueron violadas. En M\u00e9xico nacen muchas criaturas de madres menores de 15 a\u00f1os, record\u00f3.<\/p>\n\n\n\n<p class=\"wp-block-paragraph\">Las quejosas promotoras del amparo cuentan con el inter\u00e9s leg\u00edtimo como defensoras de derechos humanos y representantes de estas mujeres, adolescentes y ni\u00f1as.<\/p>\n\n\n\n<p class=\"wp-block-paragraph\">En ese contexto, \u201cnos corresponde ahora al Poder Legislativo enfocar nuestros esfuerzos para legislar para superar las omisiones de las entidades de la Federaci\u00f3n y garantizar un derecho humano fundamental de las mujeres. Vamos a eliminar la penalizaci\u00f3n del aborto, para que en los c\u00f3digos penales de los estados se elimine cualquier tipo de pena o sanci\u00f3n relacionada con la interrupci\u00f3n legal del embarazo\u201d.&nbsp;<\/p>\n\n\n\n<p class=\"wp-block-paragraph\">Es evidente, dijo, que est\u00e1 claro el art\u00edculo Primero de la Constituci\u00f3n de la Rep\u00fablica que obliga a la Suprema Corte de Justicia a garantizar el cumplimiento de los derechos contenidos en las convenciones internacionales que firm\u00f3 el Estado Mexicano, tanto como su fuerza vinculatoria, c\u00f3mo son fuente de obligaciones para todos los poderes y niveles de gobierno, lo mismo que el mecanismo de la Alerta de Violencia de G\u00e9nero contra las Mujeres AVGM.<\/p>\n","protected":false},"excerpt":{"rendered":"<p>La negativa a interrumpir el embarazo: mal mensaje a la mujeres  <\/p>\n","protected":false},"author":3,"featured_media":23497,"comment_status":"open","ping_status":"open","sticky":false,"template":"","format":"standard","meta":{"_monsterinsights_skip_tracking":false,"footnotes":""},"categories":[691,50],"tags":[],"class_list":["post-23491","post","type-post","status-publish","format-standard","has-post-thumbnail","category-691","category-congreso"],"_links":{"self":[{"href":"https:\/\/redsemlac.com\/semmexico\/wp-json\/wp\/v2\/posts\/23491","targetHints":{"allow":["GET"]}}],"collection":[{"href":"https:\/\/redsemlac.com\/semmexico\/wp-json\/wp\/v2\/posts"}],"about":[{"href":"https:\/\/redsemlac.com\/semmexico\/wp-json\/wp\/v2\/types\/post"}],"author":[{"embeddable":true,"href":"https:\/\/redsemlac.com\/semmexico\/wp-json\/wp\/v2\/users\/3"}],"replies":[{"embeddable":true,"href":"https:\/\/redsemlac.com\/semmexico\/wp-json\/wp\/v2\/comments?post=23491"}],"version-history":[{"count":0,"href":"https:\/\/redsemlac.com\/semmexico\/wp-json\/wp\/v2\/posts\/23491\/revisions"}],"wp:featuredmedia":[{"embeddable":true,"href":"https:\/\/redsemlac.com\/semmexico\/wp-json\/wp\/v2\/media\/23497"}],"wp:attachment":[{"href":"https:\/\/redsemlac.com\/semmexico\/wp-json\/wp\/v2\/media?parent=23491"}],"wp:term":[{"taxonomy":"category","embeddable":true,"href":"https:\/\/redsemlac.com\/semmexico\/wp-json\/wp\/v2\/categories?post=23491"},{"taxonomy":"post_tag","embeddable":true,"href":"https:\/\/redsemlac.com\/semmexico\/wp-json\/wp\/v2\/tags?post=23491"}],"curies":[{"name":"wp","href":"https:\/\/api.w.org\/{rel}","templated":true}]}}