{"id":23485,"date":"2020-07-29T23:48:41","date_gmt":"2020-07-29T23:48:41","guid":{"rendered":"https:\/\/redsemlac.com\/semmexico\/?p=23485"},"modified":"2023-07-21T16:26:25","modified_gmt":"2023-07-21T21:26:25","slug":"murio-gisele-halimi-figura-clave-del-feminismo-frances-y-mundial","status":"publish","type":"post","link":"https:\/\/redsemlac.com\/semmexico\/murio-gisele-halimi-figura-clave-del-feminismo-frances-y-mundial\/","title":{"rendered":"Muri\u00f3 Gis\u00e8le Halimi, figura clave del feminismo franc\u00e9s y mundial"},"content":{"rendered":"\n<ul class=\"wp-block-list\"><li><strong>Abogada en las causas m\u00e1s c\u00e9lebres por el aborto y la violencia contra las mujeres<\/strong><\/li><li><strong>En SemM\u00e9xico recordamos su trayectoria y aportes al feminismo, en nuestras efem\u00e9rides del 27 de julio, con motivo de su nacimiento, fallece este 28 de julio a los 93 a\u00f1os.<\/strong><\/li><\/ul>\n\n\n\n<p class=\"wp-block-paragraph\"><strong>Por: Pagina12 y SemM\u00e9xico<\/strong><\/p>\n\n\n\n<p class=\"wp-block-paragraph\">SemM\u00e9xico\/P\u00e1gina 12. 28 de julio 2020.- La abogada, ex diputada y escritora francesa Gis\u00e8le Halimi, incansable luchadora por la causa de la mujer y el derecho al aborto, falleci\u00f3 este 28 de julio, el d\u00eda despu\u00e9s de cumplir 93 a\u00f1os.<\/p>\n\n\n\n<p class=\"wp-block-paragraph\">Gisele Halimi, escritora y abogada y una las activistas m\u00e1s destacadas del feminismo franc\u00e9s durante el decenio de 1970. Estuvo entre las firmantes del \u201cManifiesto de las 343\u201d redactado por Simone de Beauvoir y publicado en el diario Le Monde el 5 de abril de 1971, en el que mujeres intelectuales, escritoras, artistas y periodistas declararon p\u00fablicamente haber abortado alguna vez. Halimi encabez\u00f3 la campa\u00f1a a favor del uso de m\u00e9todos anticonceptivos y se hizo famosa al asumir la defensa de la joven argelina Djamila Boupacha, quien fue violada durante la revoluci\u00f3n de Argel. Su libro La Causa de las Mujeres, publicado en 1973, es un relato de su infancia en T\u00fanez y su rebeld\u00eda contra las normas y valores religiosos, su aparici\u00f3n caus\u00f3 gran impacto p\u00fablico.<\/p>\n\n\n\n<p class=\"wp-block-paragraph\">Nacida en 1927 en T\u00fanez, Zeiza Gis\u00e8le Elise Ta\u00efeb, su nombre de soltera, se cri\u00f3 en una familia jud\u00eda y conservadora que, como ella recordaba en sus memorias, escondi\u00f3 durante semanas su nacimiento porque su padre no quer\u00eda reconocer que hab\u00eda tenido una hija. Ya<strong>&nbsp;a los diez a\u00f1os inici\u00f3 una huelga de hambre en su casa para defender su derecho a la lectura<\/strong>, mientras se negaba a seguir las pr\u00e1cticas religiosas de la familia.<\/p>\n\n\n\n<p class=\"wp-block-paragraph\">A los 16 rechaz\u00f3 una propuesta de matrimonio concertado por sus padres y puso rumbo a Par\u00eds, donde estudi\u00f3 derecho y se instal\u00f3 definitivamente en 1956 al casarse con un administrador civil, Paul Halimi, de quien conserv\u00f3 el apellido, pese a divorciarse de \u00e9l y casarse de nuevo con Claude Faux, secretario del fil\u00f3sofo y escritor Jean-Paul Sartre, pareja de Simone de Beauvoir.<\/p>\n\n\n\n<figure class=\"wp-block-image\"><img decoding=\"async\" src=\"https:\/\/images.pagina12.com.ar\/styles\/width960\/public\/2020-07\/000-1vw6am.jpg?itok=0i4rzcE7\" alt=\"\"\/><figcaption><em>Halimi con Simone de Beauvoir y Jean Paul Sartre.<\/em><\/figcaption><\/figure>\n\n\n\n<p class=\"wp-block-paragraph\">Precisamente<strong>&nbsp;junto a Sartre se aline\u00f3 en favor de la independencia de Argelia en 1960<\/strong>,&nbsp;<strong>cuando defendi\u00f3 a la militante del Frente de Liberaci\u00f3n Nacional, Djamila Boupacha<\/strong>, acusada de haber puesto una bomba, que fue torturada y violada por soldados franceses. Halimi y De Beauvoir mediatizaron en \u00abLe Monde\u00bb el caso de Boupacha, que fue condenada a muerte y posteriormente amnistiada. M\u00e1s tarde, escribieron un libro con una portada dibujada por Pablo Picasso, lo que contribuy\u00f3 a convertir a la joven argelina en un icono de la lucha independentista.<\/p>\n\n\n\n<h2 class=\"wp-block-heading\">El Manifiesto de las 343 putas<\/h2>\n\n\n\n<p class=\"wp-block-paragraph\">Eso hizo a Halimi abogada de causas pol\u00edticas y la vincul\u00f3 a las luchas feministas:&nbsp;<strong>fue tambi\u00e9n una de las firmantes del Manifiesto de las 343<\/strong>, m\u00e1s conocido como \u00abEl manifiesto de las 343 putas\u00bb. Esa declaraci\u00f3n de 1971 fue una de las bases de la ley que en 1975 despenaliz\u00f3 el aborto.<\/p>\n\n\n\n<p class=\"wp-block-paragraph\">Halimi, como De Beauvoir y otras cientos de mujeres famosas y destacadas de las artes, la literatura y las ciencias, tales como Jeanne Moreau, Christiane Rochefort, Violette Leduc, Dominique Desanti, Catherine Deneuve, Marguerite Duras, Monique Wittig, Gis\u00e9le Halimi y Simone de Beauvoir firmaron el hist\u00f3rico documento conocido como el \u201cManifiesto de las 343 salopes\u201d, putas en castellano.&nbsp;<\/p>\n\n\n\n<figure class=\"wp-block-image\"><img decoding=\"async\" src=\"https:\/\/images.pagina12.com.ar\/styles\/width960\/public\/2020-07\/343-salopes_0.jpg?itok=m2SwWsC-\" alt=\"\"\/><\/figure>\n\n\n\n<p class=\"wp-block-paragraph\">Fue publicada en la revista&nbsp;<em>Le Nouvel Observateur<\/em>, el 5 de abril de 1971. La idea surgi\u00f3 de Jeanne Moreau y la pluma fue de Simone de Beauvoir, pero lo importante fue que esta propuesta atesor\u00f3 una significativa repercusi\u00f3n mundial. Todas declaraban haber abortado y se expon\u00edan a ser sometidas a procesos legales hasta correr el riesgo de terminar en un calabozo. Reclamaban que el aborto fuera gratuito y libre durante las diez primeras semanas de gestaci\u00f3n.&nbsp;<\/p>\n\n\n\n<p class=\"wp-block-paragraph\">Sus reivindicaciones se personificaron en el caso de una joven de 16 a\u00f1os, Marie-Claire, que en 1972 fue juzgada por haber interrumpido su embarazo, fruto de una violaci\u00f3n,&nbsp; con ayuda de su madre. Halimi fue su abogada y logr\u00f3 su absoluci\u00f3n.<\/p>\n\n\n\n<h2 class=\"wp-block-heading\">Las otras batallas de Halimi<\/h2>\n\n\n\n<p class=\"wp-block-paragraph\">No fue la \u00faltima batalla de<strong>&nbsp;Halimi, involucrada tambi\u00e9n en la penalizaci\u00f3n de la violaci\u00f3n en Francia, en 1980<\/strong>, tras defender a dos j\u00f3venes belgas que denunciaron a tres hombres que las hab\u00edan violado en 1974.<\/p>\n\n\n\n<p class=\"wp-block-paragraph\">A finales de los ochenta,&nbsp;<strong>Halimi, militante socialista y fiel defensora del expresidente Fran\u00e7ois Mitterrand, se centr\u00f3 en la escritura con obras intimistas<\/strong>&nbsp;en las que habl\u00f3 de sus or\u00edgenes, su familia y las causas pol\u00edticas que marcaron su vida.<\/p>\n\n\n\n<p class=\"wp-block-paragraph\">\u00abFrancia pierde a una republicana apasionada que, como abogada, militante y diputada, fue una gran combatiente de la emancipaci\u00f3n de las mujeres\u00bb, escribi\u00f3 hoy en Twitter el presidente,\u00a0<strong>Emmanuel Macron<\/strong>, como homenaje de despedida.<\/p>\n\n\n\n<p class=\"wp-block-paragraph\">SEM\/P\u00e1gina 12<\/p>\n","protected":false},"excerpt":{"rendered":"<p>En SemM\u00e9xico recordamos su trayectoria y aportes al feminismo, en nuestras efem\u00e9rides del 27 de julio, con motivo de su nacimiento, fallece este 28 de julio a los 93 a\u00f1os.<\/p>\n","protected":false},"author":3,"featured_media":23486,"comment_status":"open","ping_status":"open","sticky":false,"template":"","format":"standard","meta":{"_monsterinsights_skip_tracking":false,"footnotes":""},"categories":[691,54],"tags":[],"class_list":["post-23485","post","type-post","status-publish","format-standard","has-post-thumbnail","category-691","category-mujeres"],"_links":{"self":[{"href":"https:\/\/redsemlac.com\/semmexico\/wp-json\/wp\/v2\/posts\/23485","targetHints":{"allow":["GET"]}}],"collection":[{"href":"https:\/\/redsemlac.com\/semmexico\/wp-json\/wp\/v2\/posts"}],"about":[{"href":"https:\/\/redsemlac.com\/semmexico\/wp-json\/wp\/v2\/types\/post"}],"author":[{"embeddable":true,"href":"https:\/\/redsemlac.com\/semmexico\/wp-json\/wp\/v2\/users\/3"}],"replies":[{"embeddable":true,"href":"https:\/\/redsemlac.com\/semmexico\/wp-json\/wp\/v2\/comments?post=23485"}],"version-history":[{"count":0,"href":"https:\/\/redsemlac.com\/semmexico\/wp-json\/wp\/v2\/posts\/23485\/revisions"}],"wp:featuredmedia":[{"embeddable":true,"href":"https:\/\/redsemlac.com\/semmexico\/wp-json\/wp\/v2\/media\/23486"}],"wp:attachment":[{"href":"https:\/\/redsemlac.com\/semmexico\/wp-json\/wp\/v2\/media?parent=23485"}],"wp:term":[{"taxonomy":"category","embeddable":true,"href":"https:\/\/redsemlac.com\/semmexico\/wp-json\/wp\/v2\/categories?post=23485"},{"taxonomy":"post_tag","embeddable":true,"href":"https:\/\/redsemlac.com\/semmexico\/wp-json\/wp\/v2\/tags?post=23485"}],"curies":[{"name":"wp","href":"https:\/\/api.w.org\/{rel}","templated":true}]}}