{"id":23473,"date":"2020-07-29T22:01:52","date_gmt":"2020-07-29T22:01:52","guid":{"rendered":"https:\/\/redsemlac.com\/semmexico\/?p=23473"},"modified":"2023-07-21T16:26:26","modified_gmt":"2023-07-21T21:26:26","slug":"el-congreso-de-veracruz-debe-revisar-el-codigo-penal-y-no-criminalizar-a-las-mujeres-que-abortan","status":"publish","type":"post","link":"https:\/\/redsemlac.com\/semmexico\/el-congreso-de-veracruz-debe-revisar-el-codigo-penal-y-no-criminalizar-a-las-mujeres-que-abortan\/","title":{"rendered":"El Congreso de Veracruz debe revisar el C\u00f3digo Penal y no criminalizar a las mujeres que abortan"},"content":{"rendered":"\n<p class=\"wp-block-paragraph\"><strong>Alba Valdez \/Testigo P\u00farpura<\/strong><\/p>\n\n\n\n<p class=\"wp-block-paragraph\">SemM\u00e9xico\/Testigo P\u00farpura. Veracruz. 29 de julio de 2020.-&nbsp;Luego de la resoluci\u00f3n de las y los magistrados de la Suprema Corte de Justicia (SCJN), la Colectiva feminista Colmena Verde, exhort\u00f3 al Congreso Local de Veracruz revisar los art\u00edculos del C\u00f3digo Penal que revictimizan y criminalizan a las mujeres que abortan.<\/p>\n\n\n\n<p class=\"wp-block-paragraph\">Nancy Torres Casta\u00f1eda, indic\u00f3 que es necesario que se analice el tema a fondo y se garanticen los derechos de las mujeres, ya que actualmente los Art\u00edculos 149, 150 y 151 son limitantes y ambiguos.<\/p>\n\n\n\n<p class=\"wp-block-paragraph\">\u201cEllos (la SCJN) describieron que ten\u00eda que ver no con la despenalizaci\u00f3n del aborto, no con el fondo que es el tema de la despenalizaci\u00f3n del aborto, sino con una cuesti\u00f3n que tiene ver m\u00e1s con tecnicismos jur\u00eddicos y con la omisi\u00f3n legislativa\u201d, indic\u00f3.&nbsp;<\/p>\n\n\n\n<p class=\"wp-block-paragraph\">\u201cPor lo cual exhortamos a que el Congreso del Estado revise a conciencia los art\u00edculos que tienen que ver con la discriminaci\u00f3n y criminalizaci\u00f3n de las mujeres\u201d, dijo.<\/p>\n\n\n\n<p class=\"wp-block-paragraph\">A\u00f1adi\u00f3 que la lucha de las veracruzanas continuar\u00e1 y esta resoluci\u00f3n les anima a seguir exigiendo que se ampl\u00eden las causales de aborto.<\/p>\n\n\n\n<p class=\"wp-block-paragraph\">Lo que propon\u00eda este proyecto era que los legisladores aprobaran que las mujeres pudieran abortar hasta antes de las 12 semanas por decisi\u00f3n propia, que no hubiera l\u00edmite de tiempo en casos de violaci\u00f3n (actualmente solo se permite hasta los 90 d\u00edas) y que se implementara la causal salud.&nbsp;<\/p>\n\n\n\n<p class=\"wp-block-paragraph\">Ante su rechazo, otro ministro o ministra de la SCJN deber\u00e1 analizar el tema, volver a generar un proyecto y volver a discutir el tema.&nbsp;<\/p>\n","protected":false},"excerpt":{"rendered":"<p>Colectiva feminista Colmena Verde, exhort\u00f3 al Congreso Local de Veracruz revisar los art\u00edculos del C\u00f3digo Penal que revictimizan y criminalizan a las mujeres que abortan.<\/p>\n","protected":false},"author":3,"featured_media":23474,"comment_status":"open","ping_status":"open","sticky":false,"template":"","format":"standard","meta":{"_monsterinsights_skip_tracking":false,"footnotes":""},"categories":[691,54],"tags":[],"class_list":["post-23473","post","type-post","status-publish","format-standard","has-post-thumbnail","category-691","category-mujeres"],"_links":{"self":[{"href":"https:\/\/redsemlac.com\/semmexico\/wp-json\/wp\/v2\/posts\/23473","targetHints":{"allow":["GET"]}}],"collection":[{"href":"https:\/\/redsemlac.com\/semmexico\/wp-json\/wp\/v2\/posts"}],"about":[{"href":"https:\/\/redsemlac.com\/semmexico\/wp-json\/wp\/v2\/types\/post"}],"author":[{"embeddable":true,"href":"https:\/\/redsemlac.com\/semmexico\/wp-json\/wp\/v2\/users\/3"}],"replies":[{"embeddable":true,"href":"https:\/\/redsemlac.com\/semmexico\/wp-json\/wp\/v2\/comments?post=23473"}],"version-history":[{"count":0,"href":"https:\/\/redsemlac.com\/semmexico\/wp-json\/wp\/v2\/posts\/23473\/revisions"}],"wp:featuredmedia":[{"embeddable":true,"href":"https:\/\/redsemlac.com\/semmexico\/wp-json\/wp\/v2\/media\/23474"}],"wp:attachment":[{"href":"https:\/\/redsemlac.com\/semmexico\/wp-json\/wp\/v2\/media?parent=23473"}],"wp:term":[{"taxonomy":"category","embeddable":true,"href":"https:\/\/redsemlac.com\/semmexico\/wp-json\/wp\/v2\/categories?post=23473"},{"taxonomy":"post_tag","embeddable":true,"href":"https:\/\/redsemlac.com\/semmexico\/wp-json\/wp\/v2\/tags?post=23473"}],"curies":[{"name":"wp","href":"https:\/\/api.w.org\/{rel}","templated":true}]}}