{"id":23470,"date":"2020-07-29T21:55:45","date_gmt":"2020-07-29T21:55:45","guid":{"rendered":"https:\/\/redsemlac.com\/semmexico\/?p=23470"},"modified":"2023-07-21T16:26:26","modified_gmt":"2023-07-21T21:26:26","slug":"muere-diana-russel-una-de-las-creadoras-del-marco-teorico-del-feminicidio","status":"publish","type":"post","link":"https:\/\/redsemlac.com\/semmexico\/muere-diana-russel-una-de-las-creadoras-del-marco-teorico-del-feminicidio\/","title":{"rendered":"Muere Diana Russel, una de las creadoras del marco te\u00f3rico del Feminicidio"},"content":{"rendered":"\n<ul class=\"wp-block-list\"><li><strong> Mostr\u00f3 la discriminaci\u00f3n, la desigualdad y la violencia sistem\u00e1tica contra las mujeres por el hecho de nacer mujeres<\/strong><\/li><\/ul>\n\n\n\n<ul class=\"wp-block-list\"><li><strong>Junto con Jill Radford, establecen el marco te\u00f3rico del feminicidio.<\/strong><\/li><\/ul>\n\n\n\n<p class=\"wp-block-paragraph\"><strong>Lorena Vaniezcot<\/strong><\/p>\n\n\n\n<p class=\"wp-block-paragraph\">SemM\u00e9xico, Cd. de M\u00e9xico, 29 de julio, 2020.- Diana Russel, quien acu\u00f1\u00f3 en 1970 el t\u00e9rmino feminicidio, muri\u00f3 este 28 de julio en Oakland, California a la edad de 81 a\u00f1os.<\/p>\n\n\n\n<p class=\"wp-block-paragraph\">Russell fue la primera en utilizar el t\u00e9rmino feminicidio al testificar en el Tribunal Internacional de Cr\u00edmenes contra Mujeres, lo que ocurri\u00f3 del&nbsp;4 al 8 de marzo de 1976, en Bruselas, B\u00e9lgica, donde ella misma fue una de las organizadoras.<\/p>\n\n\n\n<p class=\"wp-block-paragraph\">La hoy desaparecida, junto con Jill Radford fueron pionera en el an\u00e1lisis del t\u00e9rmino feminicidio que surgi\u00f3 como una alternativa al t\u00e9rmino neutro \u201chomicidio\u201d, para reconocer la discriminaci\u00f3n, la desigualdad y la violencia sistem\u00e1tica contra las mujeres. Ambas son autoras de Femicide The politics of woman killing donde establecen el marco te\u00f3rico del feminicidio.<\/p>\n\n\n\n<p class=\"wp-block-paragraph\">Rusell planteaba que el t\u00e9rmino \u201cfemicidio\u201d y adaptado como feminicidio en Am\u00e9rica Latina por la antrop\u00f3loga feminista Marcela Lagarde y de los R\u00edos, se aplica a todas las formas de asesinato sexista, los asesinatos cometidos por varones por considerarse superiores a las mujeres, por placer, o por deseos s\u00e1dicos o por la supuesta propiedad de ellos sobre las mujeres.<\/p>\n\n\n\n<p class=\"wp-block-paragraph\">Diana Elizabeth Hamilton Russell naci\u00f3 en Ciudad del Cabo, Sud\u00e1frica, el 6 de noviembre de 1938, durante m\u00e1s de cuatro d\u00e9cadas investig\u00f3 la violencia de g\u00e9nero contra las mujeres: violaci\u00f3n, incesto, feminicidio, pornograf\u00eda y violencia sexual en Estados Unidos.<\/p>\n\n\n\n<p class=\"wp-block-paragraph\">Fue una activista por los derechos humanos, al participar en la Resistencia Africana, el movimiento anti-apartheid en Sud\u00e1frica, al concluir sus estudios viaj\u00f3 a Inglaterra donde estudi\u00f3 en la London School of Economics y Ciencia Pol\u00edtica. A partir de 1963 viaj\u00f3 a Estados Unidos para trabajar en la Universidad de Harvard.<\/p>\n\n\n\n<p class=\"wp-block-paragraph\">SEM\/lv\/gr<\/p>\n","protected":false},"excerpt":{"rendered":"<p>Junto con Jill Radford, establecen el marco te\u00f3rico del feminicidio.<\/p>\n","protected":false},"author":3,"featured_media":23471,"comment_status":"open","ping_status":"open","sticky":false,"template":"","format":"standard","meta":{"_monsterinsights_skip_tracking":false,"footnotes":""},"categories":[691,54],"tags":[],"class_list":["post-23470","post","type-post","status-publish","format-standard","has-post-thumbnail","category-691","category-mujeres"],"_links":{"self":[{"href":"https:\/\/redsemlac.com\/semmexico\/wp-json\/wp\/v2\/posts\/23470","targetHints":{"allow":["GET"]}}],"collection":[{"href":"https:\/\/redsemlac.com\/semmexico\/wp-json\/wp\/v2\/posts"}],"about":[{"href":"https:\/\/redsemlac.com\/semmexico\/wp-json\/wp\/v2\/types\/post"}],"author":[{"embeddable":true,"href":"https:\/\/redsemlac.com\/semmexico\/wp-json\/wp\/v2\/users\/3"}],"replies":[{"embeddable":true,"href":"https:\/\/redsemlac.com\/semmexico\/wp-json\/wp\/v2\/comments?post=23470"}],"version-history":[{"count":0,"href":"https:\/\/redsemlac.com\/semmexico\/wp-json\/wp\/v2\/posts\/23470\/revisions"}],"wp:featuredmedia":[{"embeddable":true,"href":"https:\/\/redsemlac.com\/semmexico\/wp-json\/wp\/v2\/media\/23471"}],"wp:attachment":[{"href":"https:\/\/redsemlac.com\/semmexico\/wp-json\/wp\/v2\/media?parent=23470"}],"wp:term":[{"taxonomy":"category","embeddable":true,"href":"https:\/\/redsemlac.com\/semmexico\/wp-json\/wp\/v2\/categories?post=23470"},{"taxonomy":"post_tag","embeddable":true,"href":"https:\/\/redsemlac.com\/semmexico\/wp-json\/wp\/v2\/tags?post=23470"}],"curies":[{"name":"wp","href":"https:\/\/api.w.org\/{rel}","templated":true}]}}