{"id":23464,"date":"2020-07-29T18:08:05","date_gmt":"2020-07-29T18:08:05","guid":{"rendered":"https:\/\/redsemlac.com\/semmexico\/?p=23464"},"modified":"2023-07-21T16:26:26","modified_gmt":"2023-07-21T21:26:26","slug":"scjn-rechaza-otorgar-amparo-para-despenalizar-aborto-en-veracruz","status":"publish","type":"post","link":"https:\/\/redsemlac.com\/semmexico\/scjn-rechaza-otorgar-amparo-para-despenalizar-aborto-en-veracruz\/","title":{"rendered":"SCJN rechaza otorgar amparo para despenalizar aborto en Veracruz"},"content":{"rendered":"\n<p class=\"wp-block-paragraph\"><strong>Redacci\u00f3n\u00a0<\/strong><\/p>\n\n\n\n<p class=\"wp-block-paragraph\">SemM\u00e9xico. Cd. de M\u00e9xico. 29 de julio de 2020.- En la sesi\u00f3n p\u00fablica ordinaria de la Primera Sala de la Suprema Corte se desech\u00f3 el proyecto de amparo en revisi\u00f3n sobre el la omisi\u00f3n de la C\u00e1mara Legislativa del estado de Veracruz, para legislar, en relaci\u00f3n a los art\u00edculos 149, 150 y 154 del C\u00f3digo Penal para el estado de Veracruz.&nbsp;&nbsp;<\/p>\n\n\n\n<figure class=\"wp-block-image size-large\"><img decoding=\"async\" src=\"https:\/\/redsemlac.com\/semmexico\/wp-content\/uploads\/2020\/07\/Captura-de-Pantalla-2020-07-29-a-las-12.36.03-1024x584.png\" alt=\"\" class=\"wp-image-23465\"\/><\/figure>\n\n\n\n<p class=\"wp-block-paragraph\">Con cuatro votos cuatro a favor de la improcedencia del juicio de amparo de la ministra Norma Luc\u00eda Pi\u00f1a, Ana Margarita Farjat, Alfredo Gutierrez Ortiz Mena y Jos\u00e9 Mario Pardo Rebollado, la SCJN rechaza otorgar amparo para despenalizar aborto en Veracruz.&nbsp;<\/p>\n\n\n\n<p class=\"wp-block-paragraph\">Solamente el Ministro Presidente Juan Luis Gonz\u00e1lez Alc\u00e1ntara Carranc\u00e1 se pronunci\u00f3 a favor de este proyecto de amparo promovido por la acosicaci\u00f3n civil Justicia, Derechos Humanos y G\u00e9nero.&nbsp;<\/p>\n\n\n\n<p class=\"wp-block-paragraph\">En redes sociales ya se han manifestado mujeres y feministas lamentando esta decisi\u00f3n:<\/p>\n\n\n\n<figure class=\"wp-block-gallery columns-1 is-cropped wp-block-gallery-1 is-layout-flex wp-block-gallery-is-layout-flex\"><ul class=\"blocks-gallery-grid\"><li class=\"blocks-gallery-item\"><figure><img loading=\"lazy\" decoding=\"async\" width=\"596\" height=\"488\" src=\"https:\/\/redsemlac.com\/semmexico\/wp-content\/uploads\/2020\/07\/Captura-de-Pantalla-2020-07-29-a-las-12.56.29.png\" alt=\"\" data-id=\"23466\" data-full-url=\"https:\/\/redsemlac.com\/semmexico\/wp-content\/uploads\/2020\/07\/Captura-de-Pantalla-2020-07-29-a-las-12.56.29.png\" data-link=\"https:\/\/redsemlac.com\/semmexico\/?attachment_id=23466\" class=\"wp-image-23466\"\/><\/figure><\/li><li class=\"blocks-gallery-item\"><figure><img loading=\"lazy\" decoding=\"async\" width=\"596\" height=\"414\" src=\"https:\/\/redsemlac.com\/semmexico\/wp-content\/uploads\/2020\/07\/Captura-de-Pantalla-2020-07-29-a-las-12.57.36.png\" alt=\"\" data-id=\"23467\" data-full-url=\"https:\/\/redsemlac.com\/semmexico\/wp-content\/uploads\/2020\/07\/Captura-de-Pantalla-2020-07-29-a-las-12.57.36.png\" data-link=\"https:\/\/redsemlac.com\/semmexico\/?attachment_id=23467\" class=\"wp-image-23467\"\/><\/figure><\/li><\/ul><\/figure>\n\n\n\n<p class=\"wp-block-paragraph\">En breve m\u00e1s informaci\u00f3n.\u00a0<\/p>\n","protected":false},"excerpt":{"rendered":"<p>Se desech\u00f3 el proyecto de amparo en revisi\u00f3n sobre el la omisi\u00f3n de la C\u00e1mara Legislativa del estado de Veracruz, para legislar, en relaci\u00f3n a los art\u00edculos 149, 150 y 154 del C\u00f3digo Penal para el estado de Veracruz. <\/p>\n","protected":false},"author":3,"featured_media":23468,"comment_status":"open","ping_status":"open","sticky":false,"template":"","format":"standard","meta":{"_monsterinsights_skip_tracking":false,"footnotes":""},"categories":[691,51],"tags":[],"class_list":["post-23464","post","type-post","status-publish","format-standard","has-post-thumbnail","category-691","category-ejecutivo"],"_links":{"self":[{"href":"https:\/\/redsemlac.com\/semmexico\/wp-json\/wp\/v2\/posts\/23464","targetHints":{"allow":["GET"]}}],"collection":[{"href":"https:\/\/redsemlac.com\/semmexico\/wp-json\/wp\/v2\/posts"}],"about":[{"href":"https:\/\/redsemlac.com\/semmexico\/wp-json\/wp\/v2\/types\/post"}],"author":[{"embeddable":true,"href":"https:\/\/redsemlac.com\/semmexico\/wp-json\/wp\/v2\/users\/3"}],"replies":[{"embeddable":true,"href":"https:\/\/redsemlac.com\/semmexico\/wp-json\/wp\/v2\/comments?post=23464"}],"version-history":[{"count":0,"href":"https:\/\/redsemlac.com\/semmexico\/wp-json\/wp\/v2\/posts\/23464\/revisions"}],"wp:featuredmedia":[{"embeddable":true,"href":"https:\/\/redsemlac.com\/semmexico\/wp-json\/wp\/v2\/media\/23468"}],"wp:attachment":[{"href":"https:\/\/redsemlac.com\/semmexico\/wp-json\/wp\/v2\/media?parent=23464"}],"wp:term":[{"taxonomy":"category","embeddable":true,"href":"https:\/\/redsemlac.com\/semmexico\/wp-json\/wp\/v2\/categories?post=23464"},{"taxonomy":"post_tag","embeddable":true,"href":"https:\/\/redsemlac.com\/semmexico\/wp-json\/wp\/v2\/tags?post=23464"}],"curies":[{"name":"wp","href":"https:\/\/api.w.org\/{rel}","templated":true}]}}