{"id":2344,"date":"2018-07-30T22:44:36","date_gmt":"2018-07-30T22:44:36","guid":{"rendered":"https:\/\/redsemlac.com\/semmexico\/?p=2344"},"modified":"2023-07-21T14:32:48","modified_gmt":"2023-07-21T19:32:48","slug":"las-mexicanas-todavia-se-enfrentan-a-otros-retos-sociales-como-las-tasas-de-feminicidio-o-la-discriminacion-en-el-pais","status":"publish","type":"post","link":"https:\/\/redsemlac.com\/semmexico\/las-mexicanas-todavia-se-enfrentan-a-otros-retos-sociales-como-las-tasas-de-feminicidio-o-la-discriminacion-en-el-pais\/","title":{"rendered":"Las mexicanas todav\u00eda se enfrentan a otros retos sociales como las tasas de feminicidio o la discriminaci\u00f3n en el pa\u00eds"},"content":{"rendered":"\n<p class=\"wp-block-paragraph\"><a href=\"https:\/\/www.semmexico.com\/gallery-post.php?id=5414#\">Redacci\u00f3n<\/a><\/p>\n\n\n\n<p class=\"wp-block-paragraph\">Con informaci\u00f3n de Gabriela Villegas<\/p>\n\n\n\n<p class=\"wp-block-paragraph\">SemM\u00e9xico. Cd. de M\u00e9xico. 30 de julio de 2018.- Tras una larga lucha pol\u00edtica y legislativa, M\u00e9xico ha logrado la paridad en sus dos c\u00e1maras legislativas. Los resultados de las elecciones celebradas el primero&nbsp;&nbsp;de julio apuntan a un Congreso Nacional&nbsp;integrado por 246 diputadas y 254 diputados, un 49,2% y un 50,8%, respectivamente. En el&nbsp;&nbsp;Senado habr\u00e1 paridad: 65 mujeres y 63 hombres.<\/p>\n\n\n\n<p class=\"wp-block-paragraph\">Seg\u00fan&nbsp;&nbsp;Flavia Freidenberg, investigadora del Instituto de Investigaciones Jur\u00eddicas de la Universidad Nacional Aut\u00f3noma de M\u00e9xico (UNAM), en entrevista telef\u00f3nica calific\u00f3 ello&nbsp;&nbsp;no s\u00f3lo como&nbsp;&nbsp;hist\u00f3rico para el pa\u00eds, sino tambi\u00e9n para Latinoam\u00e9rica. Es la primera vez que se logra el reparto equitativo de esca\u00f1os en ambas c\u00e1maras.<\/p>\n\n\n\n<p class=\"wp-block-paragraph\">Con la confirmaci\u00f3n de este resultado, M\u00e9xico llegar\u00eda a ocupar el tercer lugar en el ranking de presencia femenina entre los parlamentarios de las c\u00e1maras de diputados&nbsp;de los 35 pa\u00edses de Am\u00e9rica Latina, El Caribe y la Pen\u00ednsula Ib\u00e9rica, seg\u00fan el \u00faltimo informe de la Comisi\u00f3n Econ\u00f3mica para Am\u00e9rica Latina y el Caribe (CEPAL).<\/p>\n\n\n\n<p class=\"wp-block-paragraph\">El primer lugar lo ocupa Bolivia con un 53,1% de mujeres parlamentarias, seguida por Cuba con el 48,9%. Espa\u00f1a se ubica en la quinta posici\u00f3n con un 39,1% de representantes mujeres. El progreso en la regi\u00f3n latinoamericana&nbsp;&nbsp;se da por el sistema de cuotas de g\u00e9nero en cargos de elecci\u00f3n, puesto en marcha desde 1996 en pa\u00edses&nbsp;&nbsp;como Argentina, Bolivia y Costa Rica.<\/p>\n\n\n\n<p class=\"wp-block-paragraph\"><strong>Un repunte hist\u00f3rico<\/strong><\/p>\n\n\n\n<p class=\"wp-block-paragraph\">Las mujeres en el Senado de la Rep\u00fablica han triplicado su participaci\u00f3n en los \u00faltimos 18 a\u00f1os. Si en el 2000 hab\u00eda 20 senadoras frente a 108 senadores, en esta legislatura que iniciar\u00e1 el primero de septiembre&nbsp;&nbsp;las senadoras&nbsp;superan por dos esca\u00f1os a sus compa\u00f1eros.<\/p>\n\n\n\n<p class=\"wp-block-paragraph\">En la c\u00e1mara de diputados&nbsp;del 2018 &#8211; 2021, M\u00e9xico tendr\u00e1 casi el doble de mujeres congresistas, pasando de 115 en 2003 a 246 en 2018.<\/p>\n\n\n\n<p class=\"wp-block-paragraph\"><strong>La victoria entre cientos de tropiezos<\/strong><\/p>\n\n\n\n<p class=\"wp-block-paragraph\">Al tiempo que se creaba el Instituto Federal Electoral &#8211; ahora INE &#8211; en 1990, algunas legisladoras iniciaron una lucha por una mayor representaci\u00f3n femenina en cargos p\u00fablicos.<\/p>\n\n\n\n<p class=\"wp-block-paragraph\">Por aquel entonces, Mar\u00eda Elena Chapa Hern\u00e1ndez era diputada federal y luego senadora por el Partido Revolucionario Institucional (PRI). La ex legisladora recuerda que en 1991 su \u00fanica colega de bancada era Silvia Hern\u00e1ndez Enr\u00edquez. \u00abSiempre he tenido dificultades. Me topaba con una realidad mis\u00f3gina, marginal, discriminatoria de muchos de mis compa\u00f1eros de bancada, ya sea en la c\u00e1mara de diputados y la c\u00e1mara de senadores. Y todav\u00eda existen las resistencias\u00bb, cuenta por tel\u00e9fono Chapa Hern\u00e1ndez, tambi\u00e9n fundadora del cap\u00edtulo mexicano del Foro Internacional de Mujeres (IWF, por sus siglas en ingl\u00e9s).<\/p>\n\n\n\n<p class=\"wp-block-paragraph\">El punto clave del largo proceso de reforma que empez\u00f3 entonces tuvo lugar en 2014, cuando en el Diario Oficial de la Federaci\u00f3n se public\u00f3 la reforma pol\u00edtico electoral del Art\u00edculo 41 Constitucional, que exige la paridad o 50-50 entre hombres y mujeres al postular a sus candidatas y candidatos tanto federales como locales.<\/p>\n\n\n\n<p class=\"wp-block-paragraph\">&nbsp;Y de ah\u00ed, a las elecciones del pasado primero de julio esto \u00abEs un logro casi ut\u00f3pico, si t\u00fa quieres, pero que nos ha motivado mucho el hecho de que las mujeres tienen todos los derechos sin lugar a duda, incluido el derecho humano que es la participaci\u00f3n en la pol\u00edtica\u00bb, concluy\u00f3 Chapa Hern\u00e1ndez.<\/p>\n\n\n\n<p class=\"wp-block-paragraph\"><strong>Las cifras negras<\/strong><\/p>\n\n\n\n<p class=\"wp-block-paragraph\">Las mexicanas pueden celebrar la paridad en sus representantes, pero se enfrentan a una fuerte discriminaci\u00f3n y altos \u00edndices de violencia de g\u00e9nero. M\u00e9xico tiene una de las tasas m\u00e1s altas de feminicidios, de 4,4 por cada 100.000 habitantes. Se estima que siete mujeres son asesinadas al d\u00eda y s\u00f3lo el 10% de estos delitos son sentenciados, seg\u00fan el informe \u00abViolencia feminicida en M\u00e9xico, aproximaciones y tendencias 1985 &#8211; 2016\u00bb elaborado por ONU Mujeres, el Instituto Nacional de las Mujeres&nbsp;&nbsp;y la Secretar\u00eda de Gobernaci\u00f3n. M\u00e9xico&nbsp;&nbsp;tambi\u00e9n ocupa el primer lugar en embarazos adolescentes, dentro de los pa\u00edses de la Organizaci\u00f3n para la Cooperaci\u00f3n y el Desarrollo Econ\u00f3mico (OCDE).<\/p>\n\n\n\n<p class=\"wp-block-paragraph\">La investigadora Freidenberg inform\u00f3 que&nbsp;&nbsp;trabaja con otras&nbsp;&nbsp;acad\u00e9micas, juristas y actores de la sociedad civil para impulsar una agenda por la igualdad sustantiva. La propuesta busca no s\u00f3lo que se incluyan a m\u00e1s mujeres, sino que tambi\u00e9n logren altos cargos en bancadas, comisiones y \u00f3rganos de direcci\u00f3n pol\u00edtica y administraci\u00f3n p\u00fablica.<\/p>\n\n\n\n<p class=\"wp-block-paragraph\">\u00abNecesitamos garantizar el pleno derecho sexual y reproductivo de las mujeres y adolescentes. Necesitamos que se apruebe la Ley de Violencia Pol\u00edtica en raz\u00f3n de g\u00e9nero\u00bb, se\u00f1ala Freidenberg, tambi\u00e9n autora del libro \u00abCuando hacer pol\u00edtica te cuesta la vida\u00bb, editado por la UNAM y el Tribunal Electoral de la Ciudad de M\u00e9xico (2017). \u00abNecesitamos garantizar una vida libre de violencia en todos los \u00e1mbitos sociales y pol\u00edticos\u00bb, apunta la investigadora.<\/p>\n\n\n\n<p class=\"wp-block-paragraph\">Otros de los temas pendientes para Freidenberg son el aumento de las penas en temas de acoso, hostigamiento sexual y violencia intrafamiliar y la creaci\u00f3n de una defensa jur\u00eddica gratuita para mujeres que se dediquen a la pol\u00edtica, de cara a que tengan m\u00e1s medios frente a la violencia interna de los partidos o cuando hacen campa\u00f1as electorales. No obstante, el hecho de que las mujeres hayan conseguido la representaci\u00f3n parlamentaria que les corresponde no signifique que los siguientes esfuerzos deban llevarlos a cabo s\u00f3lo ellas.<\/p>\n\n\n\n<p class=\"wp-block-paragraph\">&nbsp;Miriam Hinojosa Dieck, del Observatorio de Participaci\u00f3n Pol\u00edtica de las Mujeres, insiste en que las reformas por la equidad no deben ser una \u00abdoble carga\u00bb para las parlamentarias. \u00abNo deber\u00edamos estar esperando que por la llegada de m\u00e1s mujeres eso se transforme. Deber\u00edamos esperar que la llegada de m\u00e1s mujeres transforme el paisaje pol\u00edtico del pa\u00eds, de tal forma que haya un cambio natural, por el cambio de generaciones, en el que a las ni\u00f1as de este pa\u00eds les resulte una opci\u00f3n natural el ser diputadas\u00bb.<\/p>\n\n\n\n<p class=\"wp-block-paragraph\">El pr\u00f3ximo primero&nbsp;&nbsp;de septiembre, cuando tenga lugar la toma de posesi\u00f3n de los cargos p\u00fablicos, elegidos en julio M\u00e9xico iniciar\u00e1 una nueva era pol\u00edtica en su Congreso y Senado, marcado por la consolidaci\u00f3n de una lucha hacia la igualdad de oportunidades pol\u00edticas.<br><\/p>\n","protected":false},"excerpt":{"rendered":"<p>Redacci\u00f3n Con informaci\u00f3n de Gabriela Villegas SemM\u00e9xico. Cd. de M\u00e9xico. 30 de julio de 2018.- Tras una larga lucha pol\u00edtica y legislativa, M\u00e9xico ha logrado la paridad en sus dos c\u00e1maras legislativas. Los resultados de las elecciones celebradas el primero&nbsp;&nbsp;de julio apuntan a un Congreso Nacional&nbsp;integrado por 246 diputadas y 254 diputados, un 49,2% y [&hellip;]<\/p>\n","protected":false},"author":3,"featured_media":2345,"comment_status":"open","ping_status":"open","sticky":false,"template":"","format":"standard","meta":{"_monsterinsights_skip_tracking":false,"footnotes":""},"categories":[689,33],"tags":[],"class_list":["post-2344","post","type-post","status-publish","format-standard","has-post-thumbnail","category-689","category-elecciones-2018"],"_links":{"self":[{"href":"https:\/\/redsemlac.com\/semmexico\/wp-json\/wp\/v2\/posts\/2344","targetHints":{"allow":["GET"]}}],"collection":[{"href":"https:\/\/redsemlac.com\/semmexico\/wp-json\/wp\/v2\/posts"}],"about":[{"href":"https:\/\/redsemlac.com\/semmexico\/wp-json\/wp\/v2\/types\/post"}],"author":[{"embeddable":true,"href":"https:\/\/redsemlac.com\/semmexico\/wp-json\/wp\/v2\/users\/3"}],"replies":[{"embeddable":true,"href":"https:\/\/redsemlac.com\/semmexico\/wp-json\/wp\/v2\/comments?post=2344"}],"version-history":[{"count":0,"href":"https:\/\/redsemlac.com\/semmexico\/wp-json\/wp\/v2\/posts\/2344\/revisions"}],"wp:featuredmedia":[{"embeddable":true,"href":"https:\/\/redsemlac.com\/semmexico\/wp-json\/wp\/v2\/media\/2345"}],"wp:attachment":[{"href":"https:\/\/redsemlac.com\/semmexico\/wp-json\/wp\/v2\/media?parent=2344"}],"wp:term":[{"taxonomy":"category","embeddable":true,"href":"https:\/\/redsemlac.com\/semmexico\/wp-json\/wp\/v2\/categories?post=2344"},{"taxonomy":"post_tag","embeddable":true,"href":"https:\/\/redsemlac.com\/semmexico\/wp-json\/wp\/v2\/tags?post=2344"}],"curies":[{"name":"wp","href":"https:\/\/api.w.org\/{rel}","templated":true}]}}