{"id":23428,"date":"2020-07-28T23:35:48","date_gmt":"2020-07-28T23:35:48","guid":{"rendered":"https:\/\/redsemlac.com\/semmexico\/?p=23428"},"modified":"2023-07-21T16:26:27","modified_gmt":"2023-07-21T21:26:27","slug":"debe-haber-reparacion-del-dano-para-mujeres-victimas-de-violencia-politica","status":"publish","type":"post","link":"https:\/\/redsemlac.com\/semmexico\/debe-haber-reparacion-del-dano-para-mujeres-victimas-de-violencia-politica\/","title":{"rendered":"Debe haber reparaci\u00f3n del da\u00f1o para mujeres v\u00edctimas de violencia pol\u00edtica"},"content":{"rendered":"\n<p class=\"wp-block-paragraph\"><strong>Josefina Aguilar Pastor\u00a0<\/strong><\/p>\n\n\n\n<p class=\"wp-block-paragraph\">SemM\u00e9xico.Chilpancingo, Gro, 28 de Julio del 2020.- El estado de Guerrero, cuenta con leyes electorales de avanzada en favor de las mujeres, y en contra de la violencia pol\u00edtica, que no tienen otras entidades del pa\u00eds, sin embargo, a pesar de la reforma electoral del 2019, no&nbsp;&nbsp;ha alcanzado la paridad en todo, se\u00f1al\u00f3&nbsp;&nbsp;Adriana Favela Herrera, Consejera del Instituto Nacional Electoral (INE).<\/p>\n\n\n\n<p class=\"wp-block-paragraph\">La consejera, particip\u00f3 este martes, en el foro virtual \u201cAn\u00e1lisis de la Reforma Pol\u00edtico electoral en Guerrero, Violencia Pol\u00edtica contra las Mujeres en Raz\u00f3n de G\u00e9nero y Paridad en Todo\u201d, organizado por el Instituto Electoral y Participaci\u00f3n Ciudadana (IEPC), el Tribunal Electoral del estado (TEE), entre otras instancias, con el tema \u201cRecomendaciones para atender casos de violencia pol\u00edtica contra las mujeres en raz\u00f3n de g\u00e9nero\u201d.<\/p>\n\n\n\n<p class=\"wp-block-paragraph\">Nazar\u00edn Vargas Armenta, consejero Presidente del IEPC, al dar la bienvenida,&nbsp;&nbsp;reconoci\u00f3 la importancia del tema, m\u00e1xime, la cercan\u00eda del proceso electoral, en el que podr\u00eda darse este supuesto de violencia pol\u00edtica &nbsp;en contra de las mujeres por raz\u00f3n de g\u00e9nero.<\/p>\n\n\n\n<p class=\"wp-block-paragraph\">En su exposici\u00f3n, Favela Herrera reconoci\u00f3 el avance jur\u00eddico que en esta materia tiene el Estado de Guerrero, como la reforma electoral, la definici\u00f3n de violencia pol\u00edtica por raz\u00f3n de g\u00e9nero, las hip\u00f3tesis, similares a las establecidas a nivel nacional, as\u00ed como una nueva disposici\u00f3n, que se\u00f1ala que el OPLE de Guerrero, debe llevar un registro de aquella persona infractora que haya ejercido este tipo de violencia.<\/p>\n\n\n\n<p class=\"wp-block-paragraph\">Son solo dos estados, Guerrero y Oaxaca que en su ley, tienen contemplada la elaboraci\u00f3n de un padr\u00f3n de agresores pol\u00edticos, pr\u00e1ctica que ser\u00e1 un impedimento para que puedan acceder a un cargo de elecci\u00f3n popular, en ninguna entidad federativa, indic\u00f3 la consejera.<\/p>\n\n\n\n<p class=\"wp-block-paragraph\">Sin embargo, alert\u00f3 que este padr\u00f3n o identificaci\u00f3n de agresores, debe ser manejado e integrado con mucho cuidado.<\/p>\n\n\n\n<p class=\"wp-block-paragraph\">De las medidas cautelares, se\u00f1al\u00f3 que tanto el IEPC, como el Tribunal Electoral del Estado, deben caminar de la mano, ya que estas son el instrumento jur\u00eddico para frenar un acto irregular y que pudiera estar causando un da\u00f1o en este caso a una mujer por violencia pol\u00edtica.<\/p>\n\n\n\n<p class=\"wp-block-paragraph\">Resalt\u00f3 que muchas veces no basta con denunciar, sino que la denunciante cuente con medidas de protecci\u00f3n para salvaguardar incluso su vida, que cuente con guardias de seguridad, entre algunas otras medias que pueden proporcionar a la acusadora.<\/p>\n\n\n\n<p class=\"wp-block-paragraph\">Recomend\u00f3 al IEPC, que de manera inmediata, al conocer la denuncian la analicen profundamente y en ese sentido puedan emitir un pronunciamiento en cuanto a la emisi\u00f3n o no de las medidas cautelares, \u201cy no dejen solo en manos de los secretarios ejecutivos, que muchas veces a nivel local, son los que tienen la facultad para tramitar los procedimientos sancionadores\u201d.<\/p>\n\n\n\n<p class=\"wp-block-paragraph\">En el caso concreto de la violencia pol\u00edtica en contra de las mujeres, debe involucrarse desde el consejero presidente del IEPC, as\u00ed como el resto de las consejeras y consejeros y tengan conocimiento del caso.&nbsp;<\/p>\n\n\n\n<p class=\"wp-block-paragraph\">Tambi\u00e9n resalt\u00f3 la importancia de resarcir a las mujeres el derecho pol\u00edtico vulnerado, a trav\u00e9s de la reparaci\u00f3n del da\u00f1o. Se\u00f1al\u00f3 que en Guerrero, no existe una real paridad en todo a pesar de la reforma electoral del 2019, luego de que la ley se\u00f1ala que las mujeres deben ocupar la mitad de los espacios de toma de decisiones, como magistraturas, juzgados, secretar\u00edas, y en la pr\u00e1ctica, no ocurre as\u00ed \u201cse debe seguir impuls\u00e1ndolo\u201d, subray\u00f3.&nbsp;<\/p>\n\n\n\n<p class=\"wp-block-paragraph\">\u201cSi tienen muchas herramientas en Guerrero, pero es necesario que les den seguimiento y las apliquen para que realmente avancen en el tema\u201d, advirti\u00f3 la Consejera el INE.<\/p>\n","protected":false},"excerpt":{"rendered":"<p>Favela Herrera reconoci\u00f3 el avance jur\u00eddico que en esta materia tiene el Estado de Guerrero, como la reforma electoral, la definici\u00f3n de violencia pol\u00edtica por raz\u00f3n de g\u00e9nero<\/p>\n","protected":false},"author":3,"featured_media":23429,"comment_status":"open","ping_status":"open","sticky":false,"template":"","format":"standard","meta":{"_monsterinsights_skip_tracking":false,"footnotes":""},"categories":[691,51],"tags":[],"class_list":["post-23428","post","type-post","status-publish","format-standard","has-post-thumbnail","category-691","category-ejecutivo"],"_links":{"self":[{"href":"https:\/\/redsemlac.com\/semmexico\/wp-json\/wp\/v2\/posts\/23428","targetHints":{"allow":["GET"]}}],"collection":[{"href":"https:\/\/redsemlac.com\/semmexico\/wp-json\/wp\/v2\/posts"}],"about":[{"href":"https:\/\/redsemlac.com\/semmexico\/wp-json\/wp\/v2\/types\/post"}],"author":[{"embeddable":true,"href":"https:\/\/redsemlac.com\/semmexico\/wp-json\/wp\/v2\/users\/3"}],"replies":[{"embeddable":true,"href":"https:\/\/redsemlac.com\/semmexico\/wp-json\/wp\/v2\/comments?post=23428"}],"version-history":[{"count":0,"href":"https:\/\/redsemlac.com\/semmexico\/wp-json\/wp\/v2\/posts\/23428\/revisions"}],"wp:featuredmedia":[{"embeddable":true,"href":"https:\/\/redsemlac.com\/semmexico\/wp-json\/wp\/v2\/media\/23429"}],"wp:attachment":[{"href":"https:\/\/redsemlac.com\/semmexico\/wp-json\/wp\/v2\/media?parent=23428"}],"wp:term":[{"taxonomy":"category","embeddable":true,"href":"https:\/\/redsemlac.com\/semmexico\/wp-json\/wp\/v2\/categories?post=23428"},{"taxonomy":"post_tag","embeddable":true,"href":"https:\/\/redsemlac.com\/semmexico\/wp-json\/wp\/v2\/tags?post=23428"}],"curies":[{"name":"wp","href":"https:\/\/api.w.org\/{rel}","templated":true}]}}