{"id":23424,"date":"2020-07-28T23:23:07","date_gmt":"2020-07-28T23:23:07","guid":{"rendered":"https:\/\/redsemlac.com\/semmexico\/?p=23424"},"modified":"2023-07-21T16:26:27","modified_gmt":"2023-07-21T21:26:27","slug":"medios-de-comunicacion-el-eterno-retorno-del-sexismo","status":"publish","type":"post","link":"https:\/\/redsemlac.com\/semmexico\/medios-de-comunicacion-el-eterno-retorno-del-sexismo\/","title":{"rendered":"Medios de comunicaci\u00f3n: el eterno retorno del sexismo"},"content":{"rendered":"\n<ul class=\"wp-block-list\"><li><strong>*Realizan&nbsp;foro virtual \u00abLa imagen de las mujeres y la violencia en el Cine, los Medios de Comunicaci\u00f3n y las Noticias\u00bb&nbsp;<\/strong><\/li><\/ul>\n\n\n\n<p class=\"wp-block-paragraph\"><strong>Redacci\u00f3n&nbsp;<\/strong><\/p>\n\n\n\n<p class=\"wp-block-paragraph\">SemM\u00e9xico. Cd. de M\u00e9xico. 28 de julio de 2020.- La imagen de las mujeres en los medios sigue siendo estereotipada, alejada de la realidad, inferiorizada y mostrada como un objeto, con el \u00fanico fin de sostener y mantener la masculinidad de los varones representados, esto a pesar de los avances que se han realizado en materia de legislaci\u00f3n y de los cambios sociales en Am\u00e9rica Latina.&nbsp;<\/p>\n\n\n\n<p class=\"wp-block-paragraph\">As\u00ed lo se\u00f1alaron expertas esta tarde en el foro virtual \u00abLa imagen de las mujeres y la violencia en el Cine, los Medios de Comunicaci\u00f3n y las Noticias\u00bb organizado por la Fundaci\u00f3n Viva, ubicada en Bolivia y cuya labor es generar igualdad de oportunidades para las personas a trav\u00e9s de la aplicaci\u00f3n de nuevas tecnolog\u00edas en los procesos de ense\u00f1anza aprendizaje.&nbsp;<\/p>\n\n\n\n<p class=\"wp-block-paragraph\">En este foro participaron: Sara Lovera, directora de SemM\u00e9xico; la guionista y cineasta Laura Astorga; y Patricia Flores Palacios, feminista, activista de derechos de las mujeres y la comunidad LGBT.<\/p>\n\n\n\n<p class=\"wp-block-paragraph\">Al hablar sobre los cambios y avances en c\u00f3mo la imagen de las mujeres se representa en los medios de comunicaci\u00f3n como el cine y la televisi\u00f3n, Laura Astorga fue enf\u00e1tica en se\u00f1alar que la sociedad ha confundido el entretenimiento con una pedagog\u00eda. Lo que hacen los medios, dijo, es crear una realidad y transmitirla, es pedagog\u00eda y no entretenimiento, porque transmiten y ense\u00f1an el sexismo y la violencia contra las mujeres.&nbsp;<\/p>\n\n\n\n<p class=\"wp-block-paragraph\">\u201cLas mujeres son objetos en los relatos y su posici\u00f3n es sostener y mantener la masculinidad de los varones representados. De ah\u00ed que cuando se miran al espejo ellas mismas no se reconocen, no se aceptan, se desaprueban y cuando ven a otras mujeres pasa lo mismo\u201d.&nbsp;<\/p>\n\n\n\n<p class=\"wp-block-paragraph\">Patricia Flores Palacios se\u00f1al\u00f3 que hoy d\u00eda en los medios las mujeres siguen siendo invisibles, \u201clas mujeres por ejemplo, son las actoras invisibles de la econom\u00eda boliviana\u201d.&nbsp;<\/p>\n\n\n\n<p class=\"wp-block-paragraph\">A pesar de los movimientos sociales en los que las mujeres han tomado las calles en diversos pa\u00edses de la regi\u00f3n exigiendo sus derechos y a pesar de la lucha de grupos feministas desde hace d\u00e9cadas, esto no se ha traducido en un contenido libre de estereotipos, prejuicios y violencia en los medios de comunicaci\u00f3n.&nbsp;<\/p>\n\n\n\n<p class=\"wp-block-paragraph\">\u201cVemos la sexualizaci\u00f3n obscena, la naturalizaci\u00f3n de la violencia contra las mujeres, contenidos sexuales profundamente expl\u00edcitos. No se trata de tener una mirada moralista, sino de entender que a partir de la violencia medi\u00e1tica, en la realidad eso se transforma en feminicidios o en redes de trata de personas por ejemplo\u201d.&nbsp;<\/p>\n\n\n\n<p class=\"wp-block-paragraph\">Es muy peligroso, asegura, que hoy en d\u00eda se intercala en los medios la publicidad, la violencia, el entretenimiento y los feminicidios, es un \u201cmix medi\u00e1tico\u201d y ah\u00ed los l\u00edmites se diluyen.&nbsp;&nbsp;<\/p>\n\n\n\n<p class=\"wp-block-paragraph\">\u201cMuchas veces aunque las mujeres vengamos de luchar todo el d\u00eda, de trabajar para tejer una nueva sociedad, llegamos en la noche a casa y todo ese trabajo se desteje al prender el televisor porque entramos en la misma narrativa de un retorno eterno del sexismo y del estereotipo\u201d, puntualiz\u00f3.&nbsp;<\/p>\n\n\n\n<p class=\"wp-block-paragraph\">Por su parte, la periodista Sara Lovera analiz\u00f3 la representaci\u00f3n de las mujeres en los medios informativos. Reconoci\u00f3 que ha habido avances importantes ya que las mujeres ganan cada vez m\u00e1s espacios, pero lament\u00f3 que muchos de ellos son abordados de manera superficial o desde los estereotipos.&nbsp;&nbsp;<\/p>\n\n\n\n<p class=\"wp-block-paragraph\">\u201cHacen ahora listas de las mujeres m\u00e1s poderosas y sus historias son abordadas de manera superficial, como si no les hubiera costado ning\u00fan trabajo llegar ah\u00ed\u201d.<\/p>\n\n\n\n<p class=\"wp-block-paragraph\">Sin embargo, las mujeres hoy ya no s\u00f3lo ocupan las p\u00e1ginas de la secci\u00f3n de nota roja o cr\u00edmenes y hoy en los medios se documenta y se habla de la violencia de g\u00e9nero, hay datos, cifras, historias de mujeres emprendedoras, o de mujeres pol\u00edticas. Pero, por ejemplo, dijo, de mujeres pol\u00edticas, todav\u00eda un n\u00famero muy importante de notas que muestran a las candidatas como personas con menores capacidades, con menor calidad moral, o las juzgan por su sexualidad o su estado civil, etc.<\/p>\n\n\n\n<p class=\"wp-block-paragraph\">En la prensa local, dijo, a\u00fan hay mucho por hacer porque las mujeres ah\u00ed siguen en la mayor\u00eda de los casos, invisibles. Por ello destac\u00f3 la necesidad de crear en M\u00e9xico un Observatorio de Medios. Se\u00f1al\u00f3 que en Michoac\u00e1n se est\u00e1 trabajando ya en uno, pero es necesario hacer uno a nivel nacional para medir y verificar si existe verdaderamente un cambio&nbsp;y a partir de ello impulsar acciones&nbsp;para &nbsp;que las personas&nbsp;tengan acceso a noticias y productos informativos libres de estereotipos&nbsp;y que no refuercen la violencia de g\u00e9nero.&nbsp;<\/p>\n","protected":false},"excerpt":{"rendered":"<p>Realizan foro virtual \u00abLa imagen de las mujeres y la violencia en el Cine, los Medios de Comunicaci\u00f3n y las Noticias\u00bb <\/p>\n","protected":false},"author":3,"featured_media":23425,"comment_status":"open","ping_status":"open","sticky":false,"template":"","format":"standard","meta":{"_monsterinsights_skip_tracking":false,"footnotes":""},"categories":[691,54],"tags":[],"class_list":["post-23424","post","type-post","status-publish","format-standard","has-post-thumbnail","category-691","category-mujeres"],"_links":{"self":[{"href":"https:\/\/redsemlac.com\/semmexico\/wp-json\/wp\/v2\/posts\/23424","targetHints":{"allow":["GET"]}}],"collection":[{"href":"https:\/\/redsemlac.com\/semmexico\/wp-json\/wp\/v2\/posts"}],"about":[{"href":"https:\/\/redsemlac.com\/semmexico\/wp-json\/wp\/v2\/types\/post"}],"author":[{"embeddable":true,"href":"https:\/\/redsemlac.com\/semmexico\/wp-json\/wp\/v2\/users\/3"}],"replies":[{"embeddable":true,"href":"https:\/\/redsemlac.com\/semmexico\/wp-json\/wp\/v2\/comments?post=23424"}],"version-history":[{"count":0,"href":"https:\/\/redsemlac.com\/semmexico\/wp-json\/wp\/v2\/posts\/23424\/revisions"}],"wp:featuredmedia":[{"embeddable":true,"href":"https:\/\/redsemlac.com\/semmexico\/wp-json\/wp\/v2\/media\/23425"}],"wp:attachment":[{"href":"https:\/\/redsemlac.com\/semmexico\/wp-json\/wp\/v2\/media?parent=23424"}],"wp:term":[{"taxonomy":"category","embeddable":true,"href":"https:\/\/redsemlac.com\/semmexico\/wp-json\/wp\/v2\/categories?post=23424"},{"taxonomy":"post_tag","embeddable":true,"href":"https:\/\/redsemlac.com\/semmexico\/wp-json\/wp\/v2\/tags?post=23424"}],"curies":[{"name":"wp","href":"https:\/\/api.w.org\/{rel}","templated":true}]}}