{"id":23417,"date":"2020-07-28T20:08:33","date_gmt":"2020-07-28T20:08:33","guid":{"rendered":"https:\/\/redsemlac.com\/semmexico\/?p=23417"},"modified":"2023-07-21T16:26:27","modified_gmt":"2023-07-21T21:26:27","slug":"el-sistema-judicial-ordena-el-inmediato-ingreso-en-prision-de-maria-salmeron","status":"publish","type":"post","link":"https:\/\/redsemlac.com\/semmexico\/el-sistema-judicial-ordena-el-inmediato-ingreso-en-prision-de-maria-salmeron\/","title":{"rendered":"El sistema judicial ordena el inmediato ingreso en prisi\u00f3n de Mar\u00eda Salmer\u00f3n"},"content":{"rendered":"\n<ul class=\"wp-block-list\"><li><strong>Esta mujer se neg\u00f3 a que su hija visitara a su padre, condenado por maltrato y a quien la ni\u00f1a no quer\u00eda ver<\/strong><\/li><\/ul>\n\n\n\n<p class=\"wp-block-paragraph\"><strong>Por Redacci\u00f3n AmecoPress<\/strong><\/p>\n\n\n\n<p class=\"wp-block-paragraph\">SemM\u00e9xico\/AmecoPress. Madrid. 28 de julio de 2020.- El sistema judicial ha ordenado el inmediato ingreso en prisi\u00f3n de Mar\u00eda Salmer\u00f3n. Esta mujer se neg\u00f3 a que su hija visitara a su padre, condenado por maltrato y a quien la ni\u00f1a no quer\u00eda ver. Por ese motivo, en 2008 Salmer\u00f3n fue condenada por incumplir el r\u00e9gimen de visitas de la hija que tuvo en com\u00fan con su expareja. Todav\u00eda hoy, la hija se niega no ya a estar con \u00e9l los fines de semana, sino que ni siquiera desea verlo.<\/p>\n\n\n\n<p class=\"wp-block-paragraph\">El calvario de Mar\u00eda Salmer\u00f3n y de su hija dura m\u00e1s de una d\u00e9cada. Una jueza lleg\u00f3 a dar la custodia a un padre condenado por violencia de g\u00e9nero y la madre tuvo que librar una batalla cultural para recuperarla. Incumplir condenas salv\u00f3 seguramente la vida de esta ni\u00f1a, hoy mayor de edad, aunque los costos econ\u00f3micos y emocionales son altos.<\/p>\n\n\n\n<p class=\"wp-block-paragraph\">El juzgado de lo penal n\u00famero 6 de Sevilla pide el inmediato cumplimiento de nueve meses de prisi\u00f3n y el pago de 3.000 euros a su expareja al haber sido condenada con la concurrencia agravante de reincidencia \u201cy a la vista de la hoja del hist\u00f3rico penal\u201d.<\/p>\n\n\n\n<p class=\"wp-block-paragraph\">No es la primera vez que Mar\u00eda Salmer\u00f3n est\u00e1 a punto de entrar en la c\u00e1rcel. En todas ellas obtuvo un indulto gubernamental para esquivar la prisi\u00f3n en el \u00faltimo minuto. En tres ocasiones se lo otorg\u00f3 un Gobierno del Partido Popular y en una cuarta ocasi\u00f3n el propio juzgado decidi\u00f3 conmutar la pena de prisi\u00f3n por una multa, convencidos de que recibir\u00eda el indulto del Ejecutivo.<\/p>\n\n\n\n<p class=\"wp-block-paragraph\">Salmer\u00f3n y su hija han recurrido el auto de ingreso en prisi\u00f3n. Si este recurso no prospera, tal vez el Gobierno tenga que pronunciarse a favor de un nuevo indulto. De momento la ministra de Igualdad, Irene Montero, difundi\u00f3 este lunes un tuit en el que afirmaba que \u00abninguna mujer deber\u00eda ser condenada, mucho menos entrar en prisi\u00f3n, por proteger a sus hijos de la violencia machista y del maltratador. Haremos todo lo que est\u00e9 en nuestra mano para que no se cometa una injusticia con Mar\u00eda Salmer\u00f3n. Gracias por luchar por luchar por los derechos de todas\u00bb.<\/p>\n\n\n\n<p class=\"wp-block-paragraph\">Recientemente el Ministerio de Justicia se ha comprometido a modificar la legislaci\u00f3n para retirar visitas y custodias a los padres maltratadores. Fue despu\u00e9s de que el Defensor del Pueblo realizara una serie de recomendaciones encaminadas a mejorar la protecci\u00f3n de los y las menores v\u00edctimas de violencia de g\u00e9nero. Entre las medidas previstas, muchas de las cuales conllevan reformas legislativas, Justicia prev\u00e9 configurar como obligatoria la imposici\u00f3n de la pena de privaci\u00f3n de la patria potestad a los condenados por homicidio o por asesinato cuando la v\u00edctima y el autor de los delitos tuvieran un hijo o una hija en com\u00fan, o cuando la v\u00edctima sea hijo o hija del autor.<\/p>\n","protected":false},"excerpt":{"rendered":"<p>Esta mujer se neg\u00f3 a que su hija visitara a su padre, condenado por maltrato y a quien la ni\u00f1a no quer\u00eda ver<\/p>\n","protected":false},"author":3,"featured_media":23418,"comment_status":"open","ping_status":"open","sticky":false,"template":"","format":"standard","meta":{"_monsterinsights_skip_tracking":false,"footnotes":""},"categories":[691,53],"tags":[],"class_list":["post-23417","post","type-post","status-publish","format-standard","has-post-thumbnail","category-691","category-internacional"],"_links":{"self":[{"href":"https:\/\/redsemlac.com\/semmexico\/wp-json\/wp\/v2\/posts\/23417","targetHints":{"allow":["GET"]}}],"collection":[{"href":"https:\/\/redsemlac.com\/semmexico\/wp-json\/wp\/v2\/posts"}],"about":[{"href":"https:\/\/redsemlac.com\/semmexico\/wp-json\/wp\/v2\/types\/post"}],"author":[{"embeddable":true,"href":"https:\/\/redsemlac.com\/semmexico\/wp-json\/wp\/v2\/users\/3"}],"replies":[{"embeddable":true,"href":"https:\/\/redsemlac.com\/semmexico\/wp-json\/wp\/v2\/comments?post=23417"}],"version-history":[{"count":0,"href":"https:\/\/redsemlac.com\/semmexico\/wp-json\/wp\/v2\/posts\/23417\/revisions"}],"wp:featuredmedia":[{"embeddable":true,"href":"https:\/\/redsemlac.com\/semmexico\/wp-json\/wp\/v2\/media\/23418"}],"wp:attachment":[{"href":"https:\/\/redsemlac.com\/semmexico\/wp-json\/wp\/v2\/media?parent=23417"}],"wp:term":[{"taxonomy":"category","embeddable":true,"href":"https:\/\/redsemlac.com\/semmexico\/wp-json\/wp\/v2\/categories?post=23417"},{"taxonomy":"post_tag","embeddable":true,"href":"https:\/\/redsemlac.com\/semmexico\/wp-json\/wp\/v2\/tags?post=23417"}],"curies":[{"name":"wp","href":"https:\/\/api.w.org\/{rel}","templated":true}]}}