{"id":2341,"date":"2018-07-30T22:42:43","date_gmt":"2018-07-30T22:42:43","guid":{"rendered":"https:\/\/redsemlac.com\/semmexico\/?p=2341"},"modified":"2023-07-21T14:32:48","modified_gmt":"2023-07-21T19:32:48","slug":"el-dictamen-del-tribunal-electoral-desecho-los-examenes-psicologicos-realizados-por-la-fiscalia-especializada-para-la-atencion-a-delitos-contra-la-mujer","status":"publish","type":"post","link":"https:\/\/redsemlac.com\/semmexico\/el-dictamen-del-tribunal-electoral-desecho-los-examenes-psicologicos-realizados-por-la-fiscalia-especializada-para-la-atencion-a-delitos-contra-la-mujer\/","title":{"rendered":"El dictamen del Tribunal Electoral desech\u00f3 los ex\u00e1menes psicol\u00f3gicos realizados por la Fiscal\u00eda Especializada para la Atenci\u00f3n a Delitos Contra la Mujer"},"content":{"rendered":"\n<p class=\"wp-block-paragraph\"><a href=\"https:\/\/www.semmexico.com\/gallery-post.php?id=5417#\">Patricia Brise\u00f1o<\/a><\/p>\n\n\n\n<p class=\"wp-block-paragraph\">SemM\u00e9xico. Oaxaca. 30 de julio de 2018.- A pesar de acreditar los actos de hostigamiento, discriminaci\u00f3n y golpes que ha padecido en b\u00fasqueda de su reconocimiento como sindica procuradora del municipio de Pinotepa Nacional, el Tribunal Estatal Electoral de Oaxaca (TEEO) consider\u00f3 que Yareli Cari\u00f1o L\u00f3pez, no es objeto de violencia pol\u00edtica contra las mujeres por raz\u00f3n de g\u00e9nero.<\/p>\n\n\n\n<p class=\"wp-block-paragraph\">En su sesi\u00f3n m\u00e1s reciente, el pleno del \u00f3rgano jurisdiccional desech\u00f3 la demanda interpuesta por Cari\u00f1o L\u00f3pez en contra del presidente municipal, Guillermo Garc\u00eda Cajero, y otros funcionarios del ayuntamiento coste\u00f1o de Pinotepa por el presunto ejercicio de violencia pol\u00edtica en raz\u00f3n de g\u00e9nero en su contra, as\u00ed como por la obstrucci\u00f3n del ejercicio de su cargo desde enero de 2017 a la fecha.<\/p>\n\n\n\n<p class=\"wp-block-paragraph\">De acuerdo con el magistrado V\u00edctor Manuel Jim\u00e9nez Viloria, el expediente JDC\/115\/2018 iniciado por la servidora p\u00fablica \u201cno cumple con uno de los cinco elementos contemplados en el protocolo para atender la violencia pol\u00edtica contra las mujeres por raz\u00f3n de g\u00e9nero\u201d.<\/p>\n\n\n\n<p class=\"wp-block-paragraph\">Sin embargo, reiter\u00f3 a las autoridades municipales constitucionales, emanadas del Partido de la Revoluci\u00f3n Democr\u00e1tica (PRD), se abstengan de realizar acciones u omisiones directa o indirectamente, que tengan por objeto o resultado, intimidar, molestar o causar da\u00f1o, perjuicio u obstaculizar el ejercicio de la s\u00edndica.<\/p>\n\n\n\n<p class=\"wp-block-paragraph\">El dictamen del Tribunal Electoral desech\u00f3 los ex\u00e1menes psicol\u00f3gicos realizados por la&nbsp;Fiscal\u00eda Especializada para la Atenci\u00f3n a Delitos Contra la Mujer por Raz\u00f3n de G\u00e9nero, que sustentan la&nbsp;&nbsp;violencia pol\u00edtica vividas por Cari\u00f1o L\u00f3pez.<\/p>\n\n\n\n<p class=\"wp-block-paragraph\">La militante perredista integr\u00f3 la planilla ganadora de la elecci\u00f3n municipal de Pinotepa, el 1 de enero de 2017 junto con el resto de sus compa\u00f1eros tom\u00f3 protesta del cargo, sin embargo, al d\u00eda siguiente fue destituida.<\/p>\n\n\n\n<p class=\"wp-block-paragraph\">De manera unilateral, sin explicaciones de parte del cabildo pas\u00f3 a ser sustituida por otra persona, mientras que ella fue reubicada en la regidur\u00eda de Desarrollo Social.<\/p>\n\n\n\n<p class=\"wp-block-paragraph\">La abogada de 33 a\u00f1os de edad y madre de familia ha recorridos distintas dependencias estatal y federales, incluso en un primera ocasi\u00f3n le demand\u00f3 al TEEO su reinstalaci\u00f3n, mientras que las organizaciones feministas y de derechos humanos la acompa\u00f1aron en el proceso por la defensa de sus derechos humanos, aunque el alcalde de Pinotepa en forma reiterada desestima los emplazamientos legales.<\/p>\n\n\n\n<p class=\"wp-block-paragraph\">En el transcurso del a\u00f1o pasado se cumpli\u00f3 con la reincorporaci\u00f3n a sus actividades como concejal, no obstante, fue acotada en sus funciones por sus mismos compa\u00f1eros regidores.<\/p>\n\n\n\n<p class=\"wp-block-paragraph\">Tras varias oficios enviados por la Defensor\u00eda de los Derechos Humanos del Pueblo de Oaxaca y la Comisi\u00f3n Nacional de Derechos Humanos , el gobierno estatal cumpli\u00f3 la medida cautelar proporcionando custodia personal a Cari\u00f1o L\u00f3pez vulnerada en su persona.<\/p>\n\n\n\n<p class=\"wp-block-paragraph\">El Tribunal Estatal Electoral descalific\u00f3 los juicios interpuestos por concejales agraviadas, v\u00edctimas de violencia pol\u00edtica por raz\u00f3n de g\u00e9nero, se trat\u00f3 de los casos de la&nbsp;&nbsp;ex regidora de Santa Gertrudis&nbsp;&nbsp;Zimatl\u00e1n; la s\u00edndica de San Mart\u00edn Zacatepec y la solicitud de la revisi\u00f3n de los candidatos a presidentes municipales de San Juan Colorados y San Juan Bautista Lo de Soto, se\u00f1alados por ejercer violencia pol\u00edtica en contra de sus compa\u00f1eras concejales por raz\u00f3n de g\u00e9nero.<br><\/p>\n","protected":false},"excerpt":{"rendered":"<p>Patricia Brise\u00f1o SemM\u00e9xico. Oaxaca. 30 de julio de 2018.- A pesar de acreditar los actos de hostigamiento, discriminaci\u00f3n y golpes que ha padecido en b\u00fasqueda de su reconocimiento como sindica procuradora del municipio de Pinotepa Nacional, el Tribunal Estatal Electoral de Oaxaca (TEEO) consider\u00f3 que Yareli Cari\u00f1o L\u00f3pez, no es objeto de violencia pol\u00edtica contra [&hellip;]<\/p>\n","protected":false},"author":3,"featured_media":2342,"comment_status":"open","ping_status":"open","sticky":false,"template":"","format":"standard","meta":{"_monsterinsights_skip_tracking":false,"footnotes":""},"categories":[689,33],"tags":[],"class_list":["post-2341","post","type-post","status-publish","format-standard","has-post-thumbnail","category-689","category-elecciones-2018"],"_links":{"self":[{"href":"https:\/\/redsemlac.com\/semmexico\/wp-json\/wp\/v2\/posts\/2341","targetHints":{"allow":["GET"]}}],"collection":[{"href":"https:\/\/redsemlac.com\/semmexico\/wp-json\/wp\/v2\/posts"}],"about":[{"href":"https:\/\/redsemlac.com\/semmexico\/wp-json\/wp\/v2\/types\/post"}],"author":[{"embeddable":true,"href":"https:\/\/redsemlac.com\/semmexico\/wp-json\/wp\/v2\/users\/3"}],"replies":[{"embeddable":true,"href":"https:\/\/redsemlac.com\/semmexico\/wp-json\/wp\/v2\/comments?post=2341"}],"version-history":[{"count":0,"href":"https:\/\/redsemlac.com\/semmexico\/wp-json\/wp\/v2\/posts\/2341\/revisions"}],"wp:featuredmedia":[{"embeddable":true,"href":"https:\/\/redsemlac.com\/semmexico\/wp-json\/wp\/v2\/media\/2342"}],"wp:attachment":[{"href":"https:\/\/redsemlac.com\/semmexico\/wp-json\/wp\/v2\/media?parent=2341"}],"wp:term":[{"taxonomy":"category","embeddable":true,"href":"https:\/\/redsemlac.com\/semmexico\/wp-json\/wp\/v2\/categories?post=2341"},{"taxonomy":"post_tag","embeddable":true,"href":"https:\/\/redsemlac.com\/semmexico\/wp-json\/wp\/v2\/tags?post=2341"}],"curies":[{"name":"wp","href":"https:\/\/api.w.org\/{rel}","templated":true}]}}