{"id":23404,"date":"2020-07-28T18:17:36","date_gmt":"2020-07-28T18:17:36","guid":{"rendered":"https:\/\/redsemlac.com\/semmexico\/?p=23404"},"modified":"2023-07-21T16:26:28","modified_gmt":"2023-07-21T21:26:28","slug":"atendidas-de-6-a-8-mujeres-al-dia-por-violencia-de-genero-durante-covid-19-en-michoacan","status":"publish","type":"post","link":"https:\/\/redsemlac.com\/semmexico\/atendidas-de-6-a-8-mujeres-al-dia-por-violencia-de-genero-durante-covid-19-en-michoacan\/","title":{"rendered":"Atendidas de 6 a 8 mujeres al d\u00eda por violencia de g\u00e9nero durante COVID-19 en Michoac\u00e1n"},"content":{"rendered":"\n<ul class=\"wp-block-list\"><li><strong>Desde el inicio de la emergencia sanitaria se implement\u00f3 la l\u00ednea de atenci\u00f3n, contenci\u00f3n y orientaci\u00f3n, 44 35 82 20 82, que funciona las 24 horas los siete d\u00edas<\/strong><\/li><\/ul>\n\n\n\n<p class=\"wp-block-paragraph\"><strong>Redacci\u00f3n<\/strong><\/p>\n\n\n\n<p class=\"wp-block-paragraph\">SemM\u00e9xico. Morelia, Michoac\u00e1n. &nbsp;28 de julio de 2020.- Cada d\u00eda de la pandemia por COVID-19, han sido atendidas por la Secretar\u00eda de Igualdad Sustantiva y Desarrollo de las Mujeres (Seimujer), un promedio de seis a ocho mujeres v\u00edctimas de violencia de g\u00e9nero, cifra que se incrementa durante los fines de semana, inform\u00f3 la titular de la Seimujer, Nuria Gabriela Hern\u00e1ndez Abarca.<\/p>\n\n\n\n<p class=\"wp-block-paragraph\">Detall\u00f3 que el 60 por ciento de las mujeres que han acudido a la dependencia en busca de apoyo, ha sido por violencia psicol\u00f3gica de sus parejas durante el tiempo que han estado en casa.<\/p>\n\n\n\n<p class=\"wp-block-paragraph\">&nbsp;\u201cEl COVID-19 no es el \u00fanico enemigo que enfrentan las mujeres en este momento, ellas han sido las que m\u00e1s han perdido su trabajo, las que han visto multiplicado su labor en casa, y las que al vivir con su agresor no han podido salir a buscar ayuda\u201d, afirm\u00f3 la funcionaria estatal<\/p>\n\n\n\n<p class=\"wp-block-paragraph\">Desde el inicio de la epidemia, la Seimujer, implement\u00f3 la l\u00ednea de atenci\u00f3n, contenci\u00f3n y orientaci\u00f3n, 44 35 82 20 82, que funciona las 24 horas los siete d\u00edas de la semana, adem\u00e1s desde hace unas semanas activ\u00f3 los Centros Fijos de Atenci\u00f3n para Mujeres, al interior del Estado.<\/p>\n\n\n\n<p class=\"wp-block-paragraph\">Datos:<\/p>\n\n\n\n<ul class=\"wp-block-list\"><li>16 mujeres y 33 ni\u00f1as y ni\u00f1os tuvieron que ser resguardas en el Refugio, por vivir violencia extrema.<\/li><li>22 mujeres han buscado atenci\u00f3n por violencia digital.<\/li><li>Dos mujeres tuvieron que ser trasladadas al interior del estado, por no contar con redes de apoyo.<\/li><li>El 60 por ciento de las atenciones&nbsp; correspondieron a violencia psicol\u00f3gica, 30 por ciento a violencia f\u00edsica y sexual, y 10 por ciento a violencia econ\u00f3mica.<\/li><\/ul>\n\n\n\n<p class=\"wp-block-paragraph\">En Michoac\u00e1n se mantiene vigente el Protocolo de Atenci\u00f3n para la Violencia de G\u00e9nero durante el periodo de COVID-19, con lo que se suman esfuerzos entre dependencias y municipios.<\/p>\n\n\n\n<p class=\"wp-block-paragraph\">SEM\/IL<\/p>\n","protected":false},"excerpt":{"rendered":"<p>Desde el inicio de la emergencia sanitaria se implement\u00f3 la l\u00ednea de atenci\u00f3n, contenci\u00f3n y orientaci\u00f3n, 44 35 82 20 82, que funciona las 24 horas los siete d\u00edas<\/p>\n","protected":false},"author":3,"featured_media":23405,"comment_status":"open","ping_status":"open","sticky":false,"template":"","format":"standard","meta":{"_monsterinsights_skip_tracking":false,"footnotes":""},"categories":[691,51],"tags":[],"class_list":["post-23404","post","type-post","status-publish","format-standard","has-post-thumbnail","category-691","category-ejecutivo"],"_links":{"self":[{"href":"https:\/\/redsemlac.com\/semmexico\/wp-json\/wp\/v2\/posts\/23404","targetHints":{"allow":["GET"]}}],"collection":[{"href":"https:\/\/redsemlac.com\/semmexico\/wp-json\/wp\/v2\/posts"}],"about":[{"href":"https:\/\/redsemlac.com\/semmexico\/wp-json\/wp\/v2\/types\/post"}],"author":[{"embeddable":true,"href":"https:\/\/redsemlac.com\/semmexico\/wp-json\/wp\/v2\/users\/3"}],"replies":[{"embeddable":true,"href":"https:\/\/redsemlac.com\/semmexico\/wp-json\/wp\/v2\/comments?post=23404"}],"version-history":[{"count":0,"href":"https:\/\/redsemlac.com\/semmexico\/wp-json\/wp\/v2\/posts\/23404\/revisions"}],"wp:featuredmedia":[{"embeddable":true,"href":"https:\/\/redsemlac.com\/semmexico\/wp-json\/wp\/v2\/media\/23405"}],"wp:attachment":[{"href":"https:\/\/redsemlac.com\/semmexico\/wp-json\/wp\/v2\/media?parent=23404"}],"wp:term":[{"taxonomy":"category","embeddable":true,"href":"https:\/\/redsemlac.com\/semmexico\/wp-json\/wp\/v2\/categories?post=23404"},{"taxonomy":"post_tag","embeddable":true,"href":"https:\/\/redsemlac.com\/semmexico\/wp-json\/wp\/v2\/tags?post=23404"}],"curies":[{"name":"wp","href":"https:\/\/api.w.org\/{rel}","templated":true}]}}