{"id":23401,"date":"2020-07-28T16:38:04","date_gmt":"2020-07-28T16:38:04","guid":{"rendered":"https:\/\/redsemlac.com\/semmexico\/?p=23401"},"modified":"2023-07-21T16:26:28","modified_gmt":"2023-07-21T21:26:28","slug":"entresemana-63","status":"publish","type":"post","link":"https:\/\/redsemlac.com\/semmexico\/entresemana-63\/","title":{"rendered":"Entresemana"},"content":{"rendered":"\n<h2 class=\"wp-block-heading\"><strong>De aviones y otros etc\u00e9teras<\/strong><\/h2>\n\n\n\n<p class=\"wp-block-paragraph\"><strong>Mois\u00e9s S\u00e1nchez Lim\u00f3n<\/strong><\/p>\n\n\n\n<p class=\"wp-block-paragraph\">SemM\u00e9xico. Cd. de M\u00e9xico. 28 de julio de 2020.- En aquellos d\u00edas de las vacas gordas, cuando por instrucci\u00f3n presidencial deb\u00edamos aprender a administrar la riqueza generada por el boom petrolero que puso a M\u00e9xico en los cuernos de la Luna con el pozo Cantarell en la Sonda de Campeche, hasta de avi\u00f3n presidencial se cambi\u00f3.<\/p>\n\n\n\n<p class=\"wp-block-paragraph\">La fuente, es decir, los reporteros encargados de cubrir las actividades presidenciales en esos d\u00edas de la administraci\u00f3n de Jos\u00e9 L\u00f3pez Portillo, viaj\u00e1bamos en el sucesor del DC-6 Francisco Zarco, conocido como \u201cPancho Fayucas\u201d, por razones elementales de lo que transport\u00e1bamos cuando la gira presidencial tocaba las entonces zonas libres y se aplicaba el Plan DM3 \u2013deme tres televisiones, deme tres equipos de sonido\u2026&#8211;.<\/p>\n\n\n\n<p class=\"wp-block-paragraph\">Ya se ha escrito de los aviones utilizados por los presidentes de la rep\u00fablica desde Miguel Alem\u00e1n, llamado \u201cCachorro de la Revoluci\u00f3n\u201d, quien viajaba en un C-47 Skytrain bautizado El Mexicano, que hoy es pieza de museo para recordar los a\u00f1os de la modernizaci\u00f3n de M\u00e9xico de la mano de la galopante corrupci\u00f3n en el gabinete presidencial, sui generis deporte que se desparram\u00f3 hacia los amigos y compadres.<\/p>\n\n\n\n<p class=\"wp-block-paragraph\">Y, bueno, estaba en aquellas giras con la fuente en la Presidencia de L\u00f3pez Portillo, cuando a la ca\u00edda del Pancho Fayucas fue habilitado como transporte para la fuente un avi\u00f3n similar tipo Elektra, al que as\u00ed llam\u00e1bamos y estaba dotado hasta de una sala de descanso en la que se adoraba al Dios Baco y se jugaba domin\u00f3 y p\u00f3ker.<\/p>\n\n\n\n<p class=\"wp-block-paragraph\">Reporteros con memoria y que no se ruborizan ni santiguan con revelaciones de esa naturaleza, como la de una reportera que en un avi\u00f3n bimotor de la Comisi\u00f3n Federal de Electricidad carg\u00f3 en las piernas un televisor durante el largu\u00edsimo viaje de La Paz, Baja California, a la Ciudad de M\u00e9xico.<\/p>\n\n\n\n<p class=\"wp-block-paragraph\">Bien, est\u00e1bamos en el Elektra que fue sustituido por el Quetzalc\u00f3atl II, que junto con el Quetzalc\u00f3atl I (dos Boeing-727) fue comprado de segunda mano a Mexicana de Aviaci\u00f3n y acondicionados para servicio del presidente L\u00f3pez Portillo, admirador de la serpiente emplumada, el dios Quetzalc\u00f3atl, y los reporteros que cubr\u00edamos la fuente presidencial.<\/p>\n\n\n\n<p class=\"wp-block-paragraph\">L\u00f3pez Portillo usaba un Hawker Siddeley HS 125, que compr\u00f3 la administraci\u00f3n de su antecesor, Luis Echeverr\u00eda, quien instruy\u00f3 modificarlo y as\u00ed ocurri\u00f3 con lujos desmedidos, en aquel sexenio del que el licenciado L\u00f3pez Obrador abreva tesis y propuestas de sedicente honestidad y, sobre todo, austeridad franciscana. \u00a1Sopas!<\/p>\n\n\n\n<p class=\"wp-block-paragraph\">El caso es que la adquisici\u00f3n de los TP-01 ha sido parte del folclore pol\u00edtico mexicano que lleva de la mano la cr\u00edtica y censura por los excesos en que se asume incurren los presidentes con aires de jeque \u00e1rabe.<\/p>\n\n\n\n<p class=\"wp-block-paragraph\">Vaya, el defensor de la \u201cRenovaci\u00f3n Moral de la Sociedad\u201d, el presidente&nbsp;<a href=\"https:\/\/es.wikipedia.org\/wiki\/Miguel_de_la_Madrid\" target=\"_blank\" rel=\"noreferrer noopener\">Miguel de la Madrid<\/a>&nbsp;Hurtado que lleg\u00f3 a combatir la galopante corrupci\u00f3n practicada en el gobierno de don Pepe L\u00f3pez Portillo, instruy\u00f3 comprar un&nbsp;<a href=\"https:\/\/es.wikipedia.org\/wiki\/Boeing_757\" target=\"_blank\" rel=\"noreferrer noopener\">Boeing 757<\/a>, bautizado \u201c<a href=\"https:\/\/es.wikipedia.org\/wiki\/Benito_Ju%C3%A1rez\" target=\"_blank\" rel=\"noreferrer noopener\">Presidente Benito Ju\u00e1rez<\/a>\u201d \u2013en serio&#8211;, pero fue severamente criticado por su alto costo.<\/p>\n\n\n\n<p class=\"wp-block-paragraph\">Don Miguel orden\u00f3 venderlo, aguijoneado y descalificado por la oposici\u00f3n pol\u00edtica de esos d\u00edas de los 80, pero luego debi\u00f3 recomprarlo porque el Quetza 1, herencia del sexenio de don Pepe, tuvo fallas y se volvi\u00f3 inseguro para transportar al Presidente de la Rep\u00fablica.<\/p>\n\n\n\n<p class=\"wp-block-paragraph\">Mire usted, desconozco cu\u00e1nto se gastaba en las giras presidenciales dentro y fuera del pa\u00eds, pero hasta mediados de la administraci\u00f3n de Carlos Salinas de Gortari se lleg\u00f3 a usar un avi\u00f3n de la Fuerza A\u00e9rea Mexicana para transportar en las giras internacionales a los reporteros de la fuente presidencial, en otras ocasiones viaj\u00e1bamos en el mismo Boeing 757 que utilizaba el Presidente.<\/p>\n\n\n\n<p class=\"wp-block-paragraph\">\u00bfQui\u00e9nes viajaban en esos aviones de la flota presidencial? Integrantes del gabinete, gobernadores, pol\u00edticos y empresarios invitados a las giras presidenciales y, por supuesto, los reporteros y periodistas asignados a la cobertura de las actividades del Presidente de la Rep\u00fablica.<\/p>\n\n\n\n<p class=\"wp-block-paragraph\">La cercan\u00eda con integrantes de las ligas mayores y el propio Presidente daba la posibilidad de enriquecer la informaci\u00f3n. Y el trato a la prensa era de respeto, aunque no faltaban las malquerencias.<\/p>\n\n\n\n<p class=\"wp-block-paragraph\">Recuerdo a colegas del entonces cr\u00edtico y profesional UnomasUno, de Exc\u00e9lsior y El Sol de M\u00e9xico, Ovaciones, Rotativo, La Prensa, Novedades y El Heraldo de M\u00e9xico que compart\u00edan el viaje como colegas entra\u00f1ables pero siempre dispuestos a pelear por su pieza informativa y defender la exclusiva.<\/p>\n\n\n\n<p class=\"wp-block-paragraph\">Y quienes eran designados para cubrir la fuente presidencial como la Legislativa, eran reporteros fogueados, cultos en buena parte y, sobre todo, reporteros que sab\u00edan lo que preguntaban. \u00bfSe atend\u00edan recomendaciones? Sin duda, mas con la conciencia tranquila y en la consideraci\u00f3n de que se trataba del juego que todos jugamos. \u00bfCorrupci\u00f3n?, depende, como dice el cl\u00e1sico, del cristal con el que se mire.<\/p>\n\n\n\n<p class=\"wp-block-paragraph\">Pero, no hab\u00eda juegos pueriles ni se ca\u00eda en ese garlito del perro que se persigue la cola en infinito intento.<\/p>\n\n\n\n<p class=\"wp-block-paragraph\">Y es que, d\u00edgame si miento, esto de armar el esc\u00e1ndalo por el TP-01 Jos\u00e9 Mar\u00eda Morelos y Pav\u00f3n, como \u00f1o\u00f1o pretexto para descalificar a las administraciones de Felipe Calder\u00f3n y de Enrique Pe\u00f1a Nieto, llam\u00e1ndolas corruptas y ejemplo del boato y los excesos en el gasto p\u00fablico, es una ofensa al sentido com\u00fan de millones de mexicanos, no de todos porque hay un importante segmento que se traga todas las baladronadas del inquilino de Palacio Nacional (pa-la-cio-na-cio-nal).<\/p>\n\n\n\n<p class=\"wp-block-paragraph\">\u00bfUsted cree en esa ma\u00f1osa rifa de un avi\u00f3n que no es rifa del avi\u00f3n porque \u00e9ste se vender\u00e1 a un machuch\u00f3n que pidi\u00f3 el anonimato?<\/p>\n\n\n\n<p class=\"wp-block-paragraph\">Por favor, seamos serios. Lamentable que los secretarios de la Defensa Nacional y de Marina se presten a una broma de mal gusto que ha servido para desviar la atenci\u00f3n de aquellos problemas de suyo graves con consecuencias graves, como es la pandemia del coronavirus que est\u00e1 en la ruta de llegar a los 50 mil fallecimientos, 50 mil hogares resentidos con el licenciado L\u00f3pez Obrador por la p\u00e9sima forma en que ha conducido, como Presidente, este problema sanitario.<\/p>\n\n\n\n<p class=\"wp-block-paragraph\">As\u00ed, en esto de la reedici\u00f3n de la venta del avi\u00f3n presidencial, despu\u00e9s de las descalificaciones de inicio de semana, Andr\u00e9s Manuel pregunt\u00f3:<\/p>\n\n\n\n<p class=\"wp-block-paragraph\">\u201c\u00bfQu\u00e9 dec\u00eda Morelos en sus&nbsp;<em>Sentimientos de la naci\u00f3n<\/em>?<\/p>\n\n\n\n<p class=\"wp-block-paragraph\">\u201cQue se modere la indigencia y la opulencia \u2013se respondi\u00f3&#8211;, que se eleve el salario del pe\u00f3n, que se eduque al hijo del campesino, igual que al hijo del m\u00e1s rico hacendado, que haya tribunales que defiendan al d\u00e9bil de los abusos que comete el fuerte. Morelos, que encarnaba la lucha por la igualdad, imag\u00ednense. A lo mejor si le hubiesen puesto Agust\u00edn de Iturbide, Antonio L\u00f3pez de Santa Anna, Porfirio D\u00edaz, Carlos Salinas de Gortari, tendr\u00eda m\u00e1s apego a la realidad. \u00a1C\u00f3mo hacer todas estas cosas! Era otro mundo.<\/p>\n\n\n\n<p class=\"wp-block-paragraph\">\u201cAhora es gobierno del pueblo para el pueblo y con el pueblo. Y s\u00e9 muy bien que esto no les gusta a mis adversarios, les ofrezco disculpa por las molestias que les puedan causar mis palabras, pero ya es el momento de decir basta y acabar con la corrupci\u00f3n y de seguir impulsando la transformaci\u00f3n de M\u00e9xico. Un cambio verdadero, donde todos podamos vivir con justicia de manera fraterna, que haya igualdad, que seamos verdaderamente solidarios, sin odios, sin rencores, un M\u00e9xico amoroso, un M\u00e9xico con felicidad\u201d, sustanci\u00f3 la perorata y, como no queriendo se acord\u00f3 del coronavirus:<\/p>\n\n\n\n<p class=\"wp-block-paragraph\">\u201cEstamos padeciendo de una pandemia que ha producido mucha tristeza, fallecimientos, pero no debemos de abandonar el prop\u00f3sito fundamental de transformar a M\u00e9xico, porque esto produce desigualdad y la desigualdad es de los peores virus que pueden haber, la corrupci\u00f3n es la peste m\u00e1s funesta que afecta a los pueblos. Por eso vamos hacia adelante\u201d.<\/p>\n\n\n\n<p class=\"wp-block-paragraph\">S\u00ed, por eso. El ocurrente y dicharachero licenciadopresidente. Conste.<\/p>\n\n\n\n<p class=\"wp-block-paragraph\"><a href=\"mailto:sanchezlimon@gmail.com\" target=\"_blank\" rel=\"noreferrer noopener\">sanchezlimon@gmail.com<\/a><\/p>\n\n\n\n<p class=\"wp-block-paragraph\"><a href=\"http:\/\/www.entresemana.mx\/\" target=\"_blank\" rel=\"noreferrer noopener\">www.entresemana.mx<\/a><\/p>\n\n\n\n<p class=\"wp-block-paragraph\">@msanchezlimon<\/p>\n","protected":false},"excerpt":{"rendered":"<p>De aviones y otros etc\u00e9teras<\/p>\n","protected":false},"author":3,"featured_media":15805,"comment_status":"open","ping_status":"open","sticky":false,"template":"","format":"standard","meta":{"_monsterinsights_skip_tracking":false,"footnotes":""},"categories":[691,105,83],"tags":[],"class_list":["post-23401","post","type-post","status-publish","format-standard","has-post-thumbnail","category-691","category-entresemana","category-moises-sanchez-limon"],"_links":{"self":[{"href":"https:\/\/redsemlac.com\/semmexico\/wp-json\/wp\/v2\/posts\/23401","targetHints":{"allow":["GET"]}}],"collection":[{"href":"https:\/\/redsemlac.com\/semmexico\/wp-json\/wp\/v2\/posts"}],"about":[{"href":"https:\/\/redsemlac.com\/semmexico\/wp-json\/wp\/v2\/types\/post"}],"author":[{"embeddable":true,"href":"https:\/\/redsemlac.com\/semmexico\/wp-json\/wp\/v2\/users\/3"}],"replies":[{"embeddable":true,"href":"https:\/\/redsemlac.com\/semmexico\/wp-json\/wp\/v2\/comments?post=23401"}],"version-history":[{"count":0,"href":"https:\/\/redsemlac.com\/semmexico\/wp-json\/wp\/v2\/posts\/23401\/revisions"}],"wp:featuredmedia":[{"embeddable":true,"href":"https:\/\/redsemlac.com\/semmexico\/wp-json\/wp\/v2\/media\/15805"}],"wp:attachment":[{"href":"https:\/\/redsemlac.com\/semmexico\/wp-json\/wp\/v2\/media?parent=23401"}],"wp:term":[{"taxonomy":"category","embeddable":true,"href":"https:\/\/redsemlac.com\/semmexico\/wp-json\/wp\/v2\/categories?post=23401"},{"taxonomy":"post_tag","embeddable":true,"href":"https:\/\/redsemlac.com\/semmexico\/wp-json\/wp\/v2\/tags?post=23401"}],"curies":[{"name":"wp","href":"https:\/\/api.w.org\/{rel}","templated":true}]}}