{"id":23356,"date":"2020-07-27T18:19:02","date_gmt":"2020-07-27T18:19:02","guid":{"rendered":"https:\/\/redsemlac.com\/semmexico\/?p=23356"},"modified":"2023-07-21T16:26:29","modified_gmt":"2023-07-21T21:26:29","slug":"en-jalisco-piden-no-votar-iniciativas-sobre-desaparicion-de-personas","status":"publish","type":"post","link":"https:\/\/redsemlac.com\/semmexico\/en-jalisco-piden-no-votar-iniciativas-sobre-desaparicion-de-personas\/","title":{"rendered":"En Jalisco piden no votar iniciativas sobre desaparici\u00f3n de personas"},"content":{"rendered":"\n<ul class=\"wp-block-list\"><li><strong>En Congreso de Jalisco violan acuerdos, no consultan a las familias, denuncias organizaciones<\/strong><\/li><\/ul>\n\n\n\n<ul class=\"wp-block-list\"><li><strong> Esto ante la posibilidad de que ser\u00e1 votada por la diputaci\u00f3n jalisciense<\/strong><\/li><\/ul>\n\n\n\n<p class=\"wp-block-paragraph\"><strong>Lorena Vaniezcot<\/strong><\/p>\n\n\n\n<p class=\"wp-block-paragraph\">SemM\u00e9xico, Guadalajara, 27 de julio, 2020.- Con el #SinLasFamiliasNo  colectivos feministas y defensoras de Derechos Humanos exigen al Congreso local que no pasen al pleno ni se voten los dict\u00e1menes de las leyes en materia de desaparici\u00f3n y atenci\u00f3n a v\u00edctimas, hasta que se genere un proceso abierto, participativo, transparente e incluyente, con la metodolog\u00eda previamente acordada.<\/p>\n\n\n\n<p class=\"wp-block-paragraph\">Ocho organismos de la sociedad civil pidieron que hasta ser atendidas las observaciones de familiares de personas desaparecidas de Jalisco, y v\u00edctimas de violaciones a derechos humanos, acompa\u00f1adas por las organizaciones de la sociedad civil y personas expertas en las materias.<\/p>\n\n\n\n<p class=\"wp-block-paragraph\">En una carta p\u00fablica, se\u00f1alan que la decisi\u00f3n de pasar las iniciativas al pleno de forma \u201ctan acelerada sin generar un proceso participativo, transparente e incluyente, no solo incumple los acuerdos e imposibilita que las leyes incorporen los m\u00e1s altos est\u00e1ndares en la materia, sino tambi\u00e9n demuestra la falta del compromiso por parte de las y los diputados\u201d.<\/p>\n\n\n\n<p class=\"wp-block-paragraph\">Adem\u00e1s, sostienen que eso es evidencia de que en el Congreso de Jalisco se priorizan los intereses y negociaciones pol\u00edticas en vez de las necesidades de familiares de personas desaparecidas y de las v\u00edctimas en general.<\/p>\n\n\n\n<p class=\"wp-block-paragraph\">La carta firmada por el Colectivo Por Amor a Ellxs, Colectivo Entre Cielo y Tierra, Centro de Justicia para la Paz y el Desarrollo, Centro Universitario por la Dignidad y la Justicia Francisco Su\u00e1rez, Comit\u00e9 de Am\u00e9rica Latina y el Caribe en Defensa de los Derechos de las Mujeres, #NuestroPresupuesto, Observatorio Legislativo del ITESO y \u00a1T\u00f3mala! se\u00f1alan que desde 2018 el Congreso local est\u00e1 obligado a armonizar los&nbsp; contenidos de la Ley General en Materia de Desaparici\u00f3n Forzada de Personas, Desaparici\u00f3n Cometida por Particulares y el Sistema Nacional de B\u00fasqueda de Personas.<\/p>\n\n\n\n<p class=\"wp-block-paragraph\">Enrique Alfaro Ram\u00edrez, gobernador de Jalisco, present\u00f3 tres iniciativas de ley: sobre Personas Desaparecidas del Estado de Jalisco, sobre Atenci\u00f3n a V\u00edctimas del Estado de Jalisco y sobre Declaraci\u00f3n Especial de Ausencia por Desaparici\u00f3n de Personas del Estado de Jalisco.<\/p>\n\n\n\n<p class=\"wp-block-paragraph\">En enero pasado, en el Congreso se realizaron mesas de trabajo, cuyo objetivo fue analizar y debatir sobre los contenidos de las iniciativas de ley de Desaparici\u00f3n y de atenci\u00f3n a v\u00edctimas, y garantizar la participaci\u00f3n de familiares de personas desaparecidas, as\u00ed como de las v\u00edctimas de violaciones a los derechos humanos y delitos en el proceso legislativo. De forma paralela la sociedad civil y organismos internacionales presentaron observaciones a las propuestas de ley, pero no fueron tomadas en cuenta.<\/p>\n\n\n\n<p class=\"wp-block-paragraph\">Incluso se acord\u00f3 una ruta de trabajo con la Comisi\u00f3n de Derechos Humanos y Pueblos Originarios del Congreso del Estado de dar seguimiento al proceso de di\u00e1logo, esfuerzos suspendidos al iniciar la pandemia, el pasado 17 de julio pidieron que se reanudaran sin obtener respuesta del Congreso.<\/p>\n\n\n\n<p class=\"wp-block-paragraph\">\u201cNos enteramos en medios de comunicaci\u00f3n y redes sociales que el Congreso local ten\u00eda previsto esta semana pasar al pleno los tres dict\u00e1menes de leyes en una sesi\u00f3n virtual para la votaci\u00f3n y su posterior aprobaci\u00f3n\u201d, por lo que aseguran que eso ser\u00eda violatorio a los acuerdos tomados con las organizaciones, familias de personas desaparecidas y no garantiza el principio de participaci\u00f3n conjunta establecido en el art\u00edculo 5 de la Ley General en Materia de Desaparici\u00f3n.<\/p>\n\n\n\n<p class=\"wp-block-paragraph\">En la carta tambi\u00e9n explican que las familias de personas desaparecidas llevan dos a\u00f1os aportando y trabajando por una ley que sirva y responda a la gravedad de la problem\u00e1tica, estiman que en Jalisco hay m\u00e1s de 10 mil personas desaparecidas.<\/p>\n\n\n\n<p class=\"wp-block-paragraph\">SEM\/lv\/sj<\/p>\n","protected":false},"excerpt":{"rendered":"<p>Esto ante la posibilidad de que ser\u00e1 votada por la diputaci\u00f3n jalisciense<\/p>\n","protected":false},"author":3,"featured_media":23357,"comment_status":"open","ping_status":"open","sticky":false,"template":"","format":"standard","meta":{"_monsterinsights_skip_tracking":false,"footnotes":""},"categories":[691,54],"tags":[],"class_list":["post-23356","post","type-post","status-publish","format-standard","has-post-thumbnail","category-691","category-mujeres"],"_links":{"self":[{"href":"https:\/\/redsemlac.com\/semmexico\/wp-json\/wp\/v2\/posts\/23356","targetHints":{"allow":["GET"]}}],"collection":[{"href":"https:\/\/redsemlac.com\/semmexico\/wp-json\/wp\/v2\/posts"}],"about":[{"href":"https:\/\/redsemlac.com\/semmexico\/wp-json\/wp\/v2\/types\/post"}],"author":[{"embeddable":true,"href":"https:\/\/redsemlac.com\/semmexico\/wp-json\/wp\/v2\/users\/3"}],"replies":[{"embeddable":true,"href":"https:\/\/redsemlac.com\/semmexico\/wp-json\/wp\/v2\/comments?post=23356"}],"version-history":[{"count":0,"href":"https:\/\/redsemlac.com\/semmexico\/wp-json\/wp\/v2\/posts\/23356\/revisions"}],"wp:featuredmedia":[{"embeddable":true,"href":"https:\/\/redsemlac.com\/semmexico\/wp-json\/wp\/v2\/media\/23357"}],"wp:attachment":[{"href":"https:\/\/redsemlac.com\/semmexico\/wp-json\/wp\/v2\/media?parent=23356"}],"wp:term":[{"taxonomy":"category","embeddable":true,"href":"https:\/\/redsemlac.com\/semmexico\/wp-json\/wp\/v2\/categories?post=23356"},{"taxonomy":"post_tag","embeddable":true,"href":"https:\/\/redsemlac.com\/semmexico\/wp-json\/wp\/v2\/tags?post=23356"}],"curies":[{"name":"wp","href":"https:\/\/api.w.org\/{rel}","templated":true}]}}