{"id":23353,"date":"2020-07-27T17:27:38","date_gmt":"2020-07-27T17:27:38","guid":{"rendered":"https:\/\/redsemlac.com\/semmexico\/?p=23353"},"modified":"2023-07-21T16:26:29","modified_gmt":"2023-07-21T21:26:29","slug":"ople-oaxaca-debe-investigar-violencia-de-genero-del-municipe-de-oaxaca","status":"publish","type":"post","link":"https:\/\/redsemlac.com\/semmexico\/ople-oaxaca-debe-investigar-violencia-de-genero-del-municipe-de-oaxaca\/","title":{"rendered":"OPLE Oaxaca debe investigar violencia de g\u00e9nero del mun\u00edcipe de Oaxaca"},"content":{"rendered":"\n<ul class=\"wp-block-list\"><li><strong> El OPLE hab\u00eda rechazado seguir la investigaci\u00f3n<\/strong><\/li><\/ul>\n\n\n\n<ul class=\"wp-block-list\"><li><strong>Hoy se cumplen dos meses del despido por \u201cinsubordinaci\u00f3n\u201d y amenazas contra la titular del IMMO<\/strong><\/li><\/ul>\n\n\n\n<p class=\"wp-block-paragraph\"><strong>Evlin Arag\u00f3n<\/strong><\/p>\n\n\n\n<p class=\"wp-block-paragraph\">SemM\u00e9xico, Oaxaca, 27 de julio, 2020.- El pleno del Tribunal Electoral del Estado de Oaxaca (TEEO) determin\u00f3 que el Instituto Estatal Electoral y de Participaci\u00f3n Ciudadana de Oaxaca (IEEPCO) debe realizar la investigaci\u00f3n del Procedimiento Especial Sancionador, por presuntos actos de violencia pol\u00edtica en raz\u00f3n de g\u00e9nero cometidos por el presidente municipal Oswaldo Garc\u00eda Jarqu\u00edn en contra de la ex titular del IMMO, Jaquelina Escamilla Villanueva.<\/p>\n\n\n\n<p class=\"wp-block-paragraph\">De esta manera se invalida el acuerdo emitido por el IEEPCO el pasado 10 de junio e identificado como CQDPCE\/2\/009\/2020, mismo que desech\u00f3 la queja presentada por Escamilla Villanueva y orden\u00f3 que contin\u00fae la investigaci\u00f3n, se\u00f1ala la Agencia Zona Roja, esto luego de que el mun\u00edcipe capitalino amenazara y despidiera el pasado 27 de mayo a la ex titular del Instituto Municipal de las Mujeres de Oaxaca de Ju\u00e1rez (IMMO) por aparentes desacuerdos, lo que consider\u00f3 como \u201cinsubordinaci\u00f3n\u201d<\/p>\n\n\n\n<p class=\"wp-block-paragraph\">\u201cA partir de la queja, se propone declarar fundados los agravios establecidos en el juicio ciudadano JDC\/60\/2020, en consecuencia, se propone revocar la resoluci\u00f3n del 10 de junio del 2020 emitida por la Comisi\u00f3n de Quejas del Instituto Electoral local por la que se desech\u00f3 la denuncia presentada por la actora, orden\u00e1ndose que contin\u00fae con la investigaci\u00f3n mediante el procedimiento especial sancionador\u201d, refirieron en sesi\u00f3n de este jueves que se llev\u00f3 a cabo de manera virtual.<\/p>\n\n\n\n<p class=\"wp-block-paragraph\">La magistrada Elizabeth Bautista Velasco y magistrados Miguel \u00c1ngel Carballido D\u00edaz y Raymundo Wilfrido L\u00f3pez V\u00e1squez, aprobaron reencauzar la demanda del juicio ciudadano identificado con la clave JDC\/59\/2020 y que corresponde a la remoci\u00f3n del cargo como directora del Instituto Municipal de la Mujer de Oaxaca de Ju\u00e1rez, por parte del presidente municipal de Oaxaca de Ju\u00e1rez.<\/p>\n\n\n\n<p class=\"wp-block-paragraph\">Para lo anterior el IEEPCO deber\u00e1 regir su actuaci\u00f3n conforme a la reforma del 13 de abril pasado en materia de violencia pol\u00edtica en raz\u00f3n de g\u00e9nero, ya que los hechos denunciados se dieron posterior a la misma, es decir la protecci\u00f3n m\u00ednima de garantizar la participaci\u00f3n pol\u00edtica de las mujeres se encontraba vigente antes de suceder los hechos.<\/p>\n\n\n\n<p class=\"wp-block-paragraph\">El pleno del TEEO manifest\u00f3 no compartir el resolutivo del \u00f3rgano electoral local, que argument\u00f3 que dicha reforma tuvo eficacia hasta la adecuaci\u00f3n legislativa local llevada a cabo el 30 de mayo pasado, as\u00ed como los argumentos de terceros interesados que consideran que la legislaci\u00f3n federal no tiene vigencia en el estado cuando es todo lo contrario.<\/p>\n\n\n\n<p class=\"wp-block-paragraph\">\u201cSe considera incorrecta la resoluci\u00f3n del \u00f3rgano electoral local al existir un marco normativo que lo obligaba a conocer la denuncia mediante el procedimiento especial sancionador\u201d, refirieron en sesi\u00f3n.<\/p>\n\n\n\n<p class=\"wp-block-paragraph\">Por lo anterior se propuso la acumulaci\u00f3n de los expedientes JDC\/59\/2020 y JDC\/60\/2020 al considerar que resulta indispensable que los medios de impugnaci\u00f3n se resuelvan en forma conjunta al ser un hecho novedoso y trascendental en el estado a partir de los cambios los cambios legislativos federales del 13 de abril del 2020 en materia de violencia pol\u00edtica en raz\u00f3n de g\u00e9nero, mismo que tendr\u00e1 que ser resuelto por el IEEPCO.<\/p>\n\n\n\n<p class=\"wp-block-paragraph\">SEM\/ea\/sj<\/p>\n","protected":false},"excerpt":{"rendered":"<p>El OPLE hab\u00eda rechazado seguir la investigaci\u00f3n<\/p>\n","protected":false},"author":3,"featured_media":23354,"comment_status":"open","ping_status":"open","sticky":false,"template":"","format":"standard","meta":{"_monsterinsights_skip_tracking":false,"footnotes":""},"categories":[691,51],"tags":[],"class_list":["post-23353","post","type-post","status-publish","format-standard","has-post-thumbnail","category-691","category-ejecutivo"],"_links":{"self":[{"href":"https:\/\/redsemlac.com\/semmexico\/wp-json\/wp\/v2\/posts\/23353","targetHints":{"allow":["GET"]}}],"collection":[{"href":"https:\/\/redsemlac.com\/semmexico\/wp-json\/wp\/v2\/posts"}],"about":[{"href":"https:\/\/redsemlac.com\/semmexico\/wp-json\/wp\/v2\/types\/post"}],"author":[{"embeddable":true,"href":"https:\/\/redsemlac.com\/semmexico\/wp-json\/wp\/v2\/users\/3"}],"replies":[{"embeddable":true,"href":"https:\/\/redsemlac.com\/semmexico\/wp-json\/wp\/v2\/comments?post=23353"}],"version-history":[{"count":0,"href":"https:\/\/redsemlac.com\/semmexico\/wp-json\/wp\/v2\/posts\/23353\/revisions"}],"wp:featuredmedia":[{"embeddable":true,"href":"https:\/\/redsemlac.com\/semmexico\/wp-json\/wp\/v2\/media\/23354"}],"wp:attachment":[{"href":"https:\/\/redsemlac.com\/semmexico\/wp-json\/wp\/v2\/media?parent=23353"}],"wp:term":[{"taxonomy":"category","embeddable":true,"href":"https:\/\/redsemlac.com\/semmexico\/wp-json\/wp\/v2\/categories?post=23353"},{"taxonomy":"post_tag","embeddable":true,"href":"https:\/\/redsemlac.com\/semmexico\/wp-json\/wp\/v2\/tags?post=23353"}],"curies":[{"name":"wp","href":"https:\/\/api.w.org\/{rel}","templated":true}]}}