{"id":23348,"date":"2020-07-27T16:39:21","date_gmt":"2020-07-27T16:39:21","guid":{"rendered":"https:\/\/redsemlac.com\/semmexico\/?p=23348"},"modified":"2023-07-21T16:26:29","modified_gmt":"2023-07-21T21:26:29","slug":"julieta-altamirano-primera-latina-en-ser-city-council-en-el-estado-de-washington","status":"publish","type":"post","link":"https:\/\/redsemlac.com\/semmexico\/julieta-altamirano-primera-latina-en-ser-city-council-en-el-estado-de-washington\/","title":{"rendered":"Julieta Altamirano, primera latina en ser city council en el estado de Washington"},"content":{"rendered":"\n<ul class=\"wp-block-list\"><li><strong>Originaria de El Ocotito, Guerrero, llama a entender la situaci\u00f3n de la poblaci\u00f3n migrante<\/strong><\/li><\/ul>\n\n\n\n<ul class=\"wp-block-list\"><li><strong>Es presidenta de la \u201cWAGRO Foundation\u201d, Maestra en Ciencias de la Comunicaci\u00f3n y Doctora en Comunicaci\u00f3n Social<\/strong><\/li><\/ul>\n\n\n\n<p class=\"wp-block-paragraph\"><strong>Dassaev T\u00e9llez Adame&nbsp;<\/strong><\/p>\n\n\n\n<p class=\"wp-block-paragraph\">SemM\u00e9xico, Chilpancingo, 27 de julio, 2020.- La city council, equivalente a un s\u00edndico municipal, de la ciudad de Lynnwood, en el estado de Washington Estados Unidos (EU), Julieta Altamirano-Crosby, originaria de El Ocotito, es la primera mujer latina en obtener este cargo en toda la historia de este estado norteamericano, informa el diario La Jornada de Guerrero.<\/p>\n\n\n\n<p class=\"wp-block-paragraph\">Se\u00f1ala que las autoridades en el estado encargadas de la situaci\u00f3n y problemas de los migrantes solo se preocupan por atender las ciudades de Chicago y Los \u00c1ngeles, descuidando los 48 estados norteamericanos restantes, por lo que hace un llamado a las autoridades que tomen posesi\u00f3n en el pr\u00f3ximo proceso electoral, designen a una persona que entienda la situaci\u00f3n de la poblaci\u00f3n migrante y que venga de este sector.<\/p>\n\n\n\n<p class=\"wp-block-paragraph\">Julieta Altamirano-Crosby, adem\u00e1s de su hist\u00f3rico cargo, es presidenta de la \u201cWAGRO Foundation\u201d (Fundaci\u00f3n WAGRO, que es una abreviatura de Washington-Guerrero), es Maestra en Ciencias de la Comunicaci\u00f3n y Doctora en Comunicaci\u00f3n Social, esto por la Universidad Complutense de Madrid y de la Universidad de La Habana, respectivamente; obtuvo su Maestr\u00eda en Educaci\u00f3n (MEd) en Liderazgo Educativo de la Seattle Pacific University en 2018.<\/p>\n\n\n\n<p class=\"wp-block-paragraph\">Desde enero de este a\u00f1o se desempe\u00f1a, luego de haber participado, de manera apartidista, en las elecciones de la ciudad de Lynnwood, como City Council, cargo que desempe\u00f1ar\u00e1 de manera hist\u00f3rica en este estado por cuatro a\u00f1os, ya que es la primera mujer latina en ostentar un cargo de este tipo, que es el equivalente a un s\u00edndico municipal.<\/p>\n\n\n\n<p class=\"wp-block-paragraph\">Record\u00f3 que, desde hace 11 a\u00f1os, cuando, derivado de la violencia que se viv\u00eda en la ciudad de Zihuatanejo, lugar donde radicaba y conoci\u00f3 a su esposo, y en el estado de Guerrero, opt\u00f3 por cambiar de residencia y vivir en Estados Unidos.<\/p>\n\n\n\n<p class=\"wp-block-paragraph\">Explica que, al llegar a EU, su sue\u00f1o era el dar clases de espa\u00f1ol, pero para su sorpresa se top\u00f3 con encontrar donde le hicieran equivalente el nivel educativo que llevaba; adem\u00e1s de que carec\u00eda de la herramienta m\u00e1s importante, que es el de hablar ingl\u00e9s para comunicarse, por lo que tuvo que estudiar y aprender esa lengua, cosa que le llev\u00f3 dos a\u00f1os, por lo que tuvo que andar con int\u00e9rpretes que le ayudaran a comunicarse.<\/p>\n\n\n\n<p class=\"wp-block-paragraph\">\u201cSi yo, con mi nivel educativo, tuve esa complicaci\u00f3n, imag\u00ednate a los padres de familia que se van con el sue\u00f1o americano, muchos ind\u00edgenas incluso se van sin poder hablar espa\u00f1ol\u201d, indic\u00f3.<\/p>\n\n\n\n<p class=\"wp-block-paragraph\">Dijo que, a pesar de los cargos que ha ostentado desde el 2012, donde ha estado en constante acercamiento con comunidades migrantes y minor\u00edas, no conoce al titular de la Secretar\u00eda de los Migrantes y Asuntos Internaciones (SEMAI) del Estado de Guerrero, Fabi\u00e1n Morales March\u00e1n, por lo que, como cientos de guerrerenses migrantes, no conoce qu\u00e9 programas de ayuda al migrante hay en el estado.<\/p>\n\n\n\n<p class=\"wp-block-paragraph\">Desde ese a\u00f1o, ha apoyado no s\u00f3lo a guerrerenses sino tambi\u00e9n a paisanos de otros estados del pa\u00eds, a tramitar repatriaciones, traslados de cuerpos y a comunicarse con las autoridades; asegurando que, s\u00f3lo le ha pasado que, en Guerrero, no se puede comunicar con los representantes de la SEMAI, solo los estados de Puebla y Guanajuato son los que responden casi al cien por ciento a los migrantes de sus estados, apoy\u00e1ndoles de la misma manera.<\/p>\n\n\n\n<p class=\"wp-block-paragraph\">\u201cEl estado de Guanajuato es punta de lanza en ese aspecto, en ir y visitar, incluso tienen oficinas y est\u00e1n presentes, la gente de ese estado sabe a d\u00f3nde ir, sabe qu\u00e9 hacer, no est\u00e1n desinformados\u201d asever\u00f3.<\/p>\n\n\n\n<p class=\"wp-block-paragraph\">Pidi\u00f3 que las autoridades vean m\u00e1s por los derechos de los migrantes, \u201cvotamos por un presidente, pero \u00bfpor qu\u00e9 no votar por un gobernador o diputados\u2026 como ciudadanos guerrerenses? \u00bfpor qu\u00e9 no tomarlos en cuenta?\u201d, ya que este sector es el que impulsa parte de la econom\u00eda con las divisas que se mandan, la cual de d\u00f3lares a pesos se convierten en millones.<\/p>\n\n\n\n<p class=\"wp-block-paragraph\">Por lo que se deben de establecer relaciones con los 50 estados del pa\u00eds del norte, no s\u00f3lo con las ciudades m\u00e1s importantes, como lo es Chicago y Los \u00c1ngeles, \u201clugares a donde se les hace muy c\u00f3modo ir a los gobernantes.<\/p>\n\n\n\n<p class=\"wp-block-paragraph\">\u201cEst\u00e1 padre el ir a una sociedad m\u00e1s organizada, pero hablan t\u00fa mismo idioma\u201d; por lo que pidi\u00f3 el acercarse a los representantes gubernamentales de las ciudades, as\u00ed como a las escuelas y universidades, para que conozcan y puedan establecer convenios institucionales, educativos y culturales, \u201cse tiene que ser m\u00e1s visionario, porque a m\u00ed me toc\u00f3 ver las carencias de los guerrerenses, se tienen que hacer visitas para complementar cualquier cuesti\u00f3n de programas\u201d.<\/p>\n\n\n\n<p class=\"wp-block-paragraph\">Indic\u00f3 que en Oaxaca recibe el total apoyo de la direcci\u00f3n del Migrante, ejemplificando que, cuando alguien fallece y es repatriado, en EU se habla con una funeraria local para poder hacer su traslado, pero a su vez en el estado debe de buscarse una funeraria que haga el traslado, adem\u00e1s del gasto por los servicios de funeraria a funeraria y solo en el estado de Oaxaca se ha logrado un total contacto de las autoridades con la familia para esto, ofreciendo el apoyo monetario total de esto.<\/p>\n\n\n\n<p class=\"wp-block-paragraph\">Por otro lado, la Council Julieta lament\u00f3 que las 23 urnas repatriadas con restos de igual n\u00famero de guerrerenses que fallecieron por Covid-19, hayan tenido que ser entregadas en Chilpancingo.<\/p>\n\n\n\n<p class=\"wp-block-paragraph\">Enfoc\u00e1ndose a un caso de una familia de la regi\u00f3n Monta\u00f1a, que tuvo que pedir dinero prestado para poder trasladarse a recoger las cenizas de su hijo, \u201call\u00e1 este caso fue muy criticado, porque no s\u00e9 si la secretar\u00eda no tenga recursos o fondos, porque no se pudo hacer como en otros estados, el trasladar los restos hasta sus hogares, evitando que las familias hagan un gasto mayor\u201d.<\/p>\n","protected":false},"excerpt":{"rendered":"<p>Es presidenta de la \u201cWAGRO Foundation\u201d, Maestra en Ciencias de la Comunicaci\u00f3n y Doctora en Comunicaci\u00f3n Social<\/p>\n","protected":false},"author":3,"featured_media":23349,"comment_status":"open","ping_status":"open","sticky":false,"template":"","format":"standard","meta":{"_monsterinsights_skip_tracking":false,"footnotes":""},"categories":[691,54],"tags":[],"class_list":["post-23348","post","type-post","status-publish","format-standard","has-post-thumbnail","category-691","category-mujeres"],"_links":{"self":[{"href":"https:\/\/redsemlac.com\/semmexico\/wp-json\/wp\/v2\/posts\/23348","targetHints":{"allow":["GET"]}}],"collection":[{"href":"https:\/\/redsemlac.com\/semmexico\/wp-json\/wp\/v2\/posts"}],"about":[{"href":"https:\/\/redsemlac.com\/semmexico\/wp-json\/wp\/v2\/types\/post"}],"author":[{"embeddable":true,"href":"https:\/\/redsemlac.com\/semmexico\/wp-json\/wp\/v2\/users\/3"}],"replies":[{"embeddable":true,"href":"https:\/\/redsemlac.com\/semmexico\/wp-json\/wp\/v2\/comments?post=23348"}],"version-history":[{"count":0,"href":"https:\/\/redsemlac.com\/semmexico\/wp-json\/wp\/v2\/posts\/23348\/revisions"}],"wp:featuredmedia":[{"embeddable":true,"href":"https:\/\/redsemlac.com\/semmexico\/wp-json\/wp\/v2\/media\/23349"}],"wp:attachment":[{"href":"https:\/\/redsemlac.com\/semmexico\/wp-json\/wp\/v2\/media?parent=23348"}],"wp:term":[{"taxonomy":"category","embeddable":true,"href":"https:\/\/redsemlac.com\/semmexico\/wp-json\/wp\/v2\/categories?post=23348"},{"taxonomy":"post_tag","embeddable":true,"href":"https:\/\/redsemlac.com\/semmexico\/wp-json\/wp\/v2\/tags?post=23348"}],"curies":[{"name":"wp","href":"https:\/\/api.w.org\/{rel}","templated":true}]}}