{"id":23346,"date":"2020-07-27T16:34:54","date_gmt":"2020-07-27T16:34:54","guid":{"rendered":"https:\/\/redsemlac.com\/semmexico\/?p=23346"},"modified":"2023-07-21T16:26:29","modified_gmt":"2023-07-21T21:26:29","slug":"miradas-de-reportero-44","status":"publish","type":"post","link":"https:\/\/redsemlac.com\/semmexico\/miradas-de-reportero-44\/","title":{"rendered":"Miradas de reportero"},"content":{"rendered":"\n<h2 class=\"wp-block-heading\">Faltan estudios de c\u00f3mo AMLO aceler\u00f3 la politizaci\u00f3n y eso diluy\u00f3 la pluralidad<\/h2>\n\n\n\n<p class=\"wp-block-paragraph\"><strong>Rogelio Hern\u00e1ndez L\u00f3pez<\/strong><\/p>\n\n\n\n<p class=\"wp-block-paragraph\">SemM\u00e9xico, 27 de julio, 2020.- &#8212; Llegar\u00e1 el tiempo en que las y los mexicanos hablen de pol\u00edtica como de la far\u00e1ndula o mejor a\u00fan del futbol: que se sientan medios de contenci\u00f3n, delanteros, entrenadores, cronistas, apuesten, griten, se apasionen. El pa\u00eds se transformar\u00eda cuando la gente examine diario a sus pol\u00edticos como a los futbolistas\u2014repiti\u00f3 por a\u00f1os este veterano reportero de la pol\u00edtica.<\/p>\n\n\n\n<p class=\"wp-block-paragraph\">&#8212; Sue\u00f1as, igual si pensaras que los libros o diarios se vender\u00e1n por millones en M\u00e9xico y que adem\u00e1s se leer\u00e1n&#8211; me espetaban algunos amigos entra\u00f1ables, tambi\u00e9n experimentados colegas.*<\/p>\n\n\n\n<p class=\"wp-block-paragraph\">Pero mi sue\u00f1o se cumpli\u00f3. La hiperpolitizaci\u00f3n lleg\u00f3: la pol\u00edtica y nombres como el de Andr\u00e9s Manuel L\u00f3pez Obrador animan diariamente hasta los comedores de millones de mexicanos con discusiones, rompen consensos, presionan a redefiniciones, el apasionamiento permea todo; muchos le llaman polarizaci\u00f3n porque tiene como trasfondo necesidades colectivas de cambios y las resistencias l\u00f3gicas.<\/p>\n\n\n\n<p class=\"wp-block-paragraph\"><strong>\u00bfC\u00f3mo documentar?<\/strong><\/p>\n\n\n\n<p class=\"wp-block-paragraph\">Para esos y otros aspectos de la actualidad mexicana faltan estudios espec\u00edficos, eval\u00faa este reportero al buscar m\u00e1s documentaciones de procesos recientes para colegas que lo solicitan, especialmente a los anotados al pr\u00f3ximo curso de Periodismo Pol\u00edtico de la Facultad de Ciencias de la Comunicaci\u00f3n de la Universidad Aut\u00f3noma de Coahuila. Por ejemplo:<\/p>\n\n\n\n<ul class=\"wp-block-list\"><li>Que los movimientos sociales en M\u00e9xico se hicieron poco a poco hipermasivos, que consciente o intuitivamente se acumularon contra los gobiernos neoliberales y ampliaron la politizaci\u00f3n de la sociedad mexicana;<\/li><\/ul>\n\n\n\n<ul class=\"wp-block-list\"><li>Que el movimiento de Andr\u00e9s Manuel L\u00f3pez Obrador aceler\u00f3 esa toma de conciencia y eso provoc\u00f3 que caducar\u00e1n la representaci\u00f3n social y las corrientes de pensamiento en los partidos pol\u00edticos anteriores a Morena. Se desconfigur\u00f3 el equilibrio de eso que llaman pluralidad pol\u00edtica 300 intelectuales y quieren recuperar.<\/li><\/ul>\n\n\n\n<ul class=\"wp-block-list\"><li>Que muy probablemente, ante estas nuevas circunstancias, parezca irremediable la renovaci\u00f3n de liderazgos, organizaci\u00f3n social y de intelectuales org\u00e1nicos tanto del cambio como de las resistencias.<\/li><\/ul>\n\n\n\n<p class=\"wp-block-paragraph\"><strong>Para dimensionar la politizaci\u00f3n<\/strong><\/p>\n\n\n\n<p class=\"wp-block-paragraph\">A las y los periodistas les repetimos, siempre que se puede, que nuestra esencia es informar con claridad y suficiencia, que antes de escribir u opinar tenemos que entender ampliamente los fen\u00f3menos y sus procesos. Tambi\u00e9n reiteramos que debemos eludir la fatuidad de opinar desaforadamente por el supuesto de que sabemos de todo y suplirla con la modestia de buscar a quien s\u00ed sepa de cada tema y nos ayude para informar con claridad y sencillez.<\/p>\n\n\n\n<p class=\"wp-block-paragraph\">Desde que comenz\u00f3 el desarrollo del movimiento de L\u00f3pez Obrador la palabra polarizaci\u00f3n se menciona m\u00e1s que otras, pero se desliga de las categor\u00edas sociol\u00f3gicas de politizaci\u00f3n y conciencia social, es decir de lo que quiere la mayor\u00eda de la gente.<\/p>\n\n\n\n<p class=\"wp-block-paragraph\">Politizar, tiene dos acepciones b\u00e1sicas: \u201c<em>Dar orientaci\u00f3n o contenido pol\u00edtico a acciones, pensamientos, etc., que, corrientemente, no lo tienen. \/ Inculcar a alguien una formaci\u00f3n o conciencia pol\u00edtico\u201d.<\/em><\/p>\n\n\n\n<p class=\"wp-block-paragraph\">Conciencia social es la capacidad de identificar las necesidades y problemas individuales con los que tienen comunidades, grupos o clases sociales.<\/p>\n\n\n\n<p class=\"wp-block-paragraph\">Esa conciencia deriva de las vivencias cotidianas y se expresa colectivamente cuando se comparten principios morales o \u00e9ticos, de lo art\u00edstico, de la ciencia, de las religiones y de ideolog\u00eda pol\u00edtica. La vida es la que determina la conciencia y no a la inversa, como dicen los soci\u00f3logos marxistas.<\/p>\n\n\n\n<p class=\"wp-block-paragraph\">Norberto Bobbio, en su viejo <em>Diccionario de Pol\u00edtica <\/em>explica la relaci\u00f3n de conciencia social y politizaci\u00f3n:<\/p>\n\n\n\n<p class=\"wp-block-paragraph\">&nbsp;<em>\u201c\u2026 cuando el poder est\u00e1 en crisis, porque su estructura ha entrado en contradicci\u00f3n con el desarrollo de la sociedad, entra tambi\u00e9n en crisis el principio de lo que lo justifica. Ocurre esto porque en las fases revolucionarias, o sea cuando el aparato del poder se deshace, caen tambi\u00e9n los velos ideol\u00f3gicos que lo ocultaban a la poblaci\u00f3n y se manifiesta a plena luz su incapacidad de resolver los problemas que van madurando en la sociedad. Entonces la conciencia de las masas entra en contradicci\u00f3n con la estructura pol\u00edtica de la sociedad; todos se vuelven pol\u00edticamente activos\u2026\u201d<\/em><\/p>\n\n\n\n<p class=\"wp-block-paragraph\"><strong>Valorar los movimientos sociales<\/strong><\/p>\n\n\n\n<p class=\"wp-block-paragraph\">Otra oquedad mayor y frecuente en los discursos de pol\u00edticos, analistas y muchos periodistas es desestimar los movimientos sociales que, al compartir distintos niveles de conciencia, son motores de cambios de formas, estilos, programas y hasta de reg\u00edmenes y estructuras.<\/p>\n\n\n\n<p class=\"wp-block-paragraph\">De los estudios acad\u00e9micos al respecto pocos han profundizado en los cambios producidos en estos dos primeros a\u00f1os de la elecci\u00f3n de L\u00f3pez Obrador. Los que m\u00e1s se aproximan fueron compilados por Francisco Javier Aguilar Garc\u00eda con el t\u00edtulo <em>Los movimientos sociales en la vida pol\u00edtica mexicana. (Primera edici\u00f3n. | M\u00e9xico: Universidad Nacional Aut\u00f3noma de M\u00e9xico, Instituto de Investigaciones Sociales, 2019)<\/em><\/p>\n\n\n\n<p class=\"wp-block-paragraph\"><em>\u201c\u2026el Estado ha aplicado pol\u00edticas econ\u00f3micas que no han generado resultados favorables para las clases trabajadoras; ha aumentado el desempleo, el empleo informal, la desigualdad entre ricos y pobres; ha producido el deterioro de los ingresos de los trabajadores, as\u00ed como la ca\u00edda del nivel de vida de la clase media urbana\u2026 Como resultado, en el n\u00facleo de las demandas y proclamas de una serie de movimientos sociales que se han presentado en las \u00faltimas d\u00e9cadas se encuentra un cuestionamiento al modelo de desarrollo neoliberal<\/em>\u201d, se asienta en la Introducci\u00f3n.<\/p>\n\n\n\n<p class=\"wp-block-paragraph\">En esta compilaci\u00f3n se encuentran los ensayos del doctor en sociolog\u00eda Miguel \u00c1ngel Ram\u00edrez y el de la experta en movimientos sociales de la Universidad de Guadalajara, Mar\u00eda Guadalupe Moreno Gonz\u00e1lez. Ambos repasan con detalles las movilizaciones y protestas sociales emblem\u00e1ticas en el territorio nacional. Ella se\u00f1ala la necesidad de replantear el modelo del Estado mexicano para que se fortalezca, en sentido contrario a lo que hicieron en 30 a\u00f1os los gobiernos federales.<\/p>\n\n\n\n<p class=\"wp-block-paragraph\"><em>\u201cLos movimientos sociales de M\u00e9xico y Am\u00e9rica Latina \u2013<\/em>se recapitula&#8211; <em>no s\u00f3lo han influido en la percepci\u00f3n y la conciencia que se tiene sobre los problemas que afectan a la sociedad, sino tambi\u00e9n se han convertido en actores pol\u00edticos frente al poder del Estado, proponiendo alternativas de soluci\u00f3n que han sido materializadas en algunos casos en pol\u00edticas p\u00fablicas. En otros casos, los movimientos sociales no encuentran soluciones pol\u00edticas a sus demandas.\u201d <\/em>(Ver: https:\/\/www.iis.unam.mx\/los-movimientos-sociales-en-la-vida-politica-mexicana\/)<\/p>\n\n\n\n<p class=\"wp-block-paragraph\">La evidencia m\u00e1s reciente de c\u00f3mo la masificaci\u00f3n de los movimientos sociales impuls\u00f3 el crecimiento paulatino de la conciencia social son los porcentajes de electores y de votos que en las tres elecciones presidenciales recientes y la conformaci\u00f3n de consenso nacional por el cambio.<\/p>\n\n\n\n<p class=\"wp-block-paragraph\">Seg\u00fan datos de Consulta Mitofsky en 2006 votaron 41.7 millones de personas (59 % de electores), en 2012 fueron a las urnas 50.1 millones (63 % de electores) y en 2018 sorprendi\u00f3 la nueva mayor\u00eda electoral al participar el 63 por ciento de electores (56 millones 611 mil) y el 53.19 por ciento de todos los votos fueron para quien ofreci\u00f3 acabar con el neoliberalismo, aumentar el gasto social, acabar con la corrupci\u00f3n, transformar todas las instituciones.<\/p>\n\n\n\n<p class=\"wp-block-paragraph\">Aquella votaci\u00f3n disminuy\u00f3 a su m\u00ednima expresi\u00f3n a los tres partidos antes mayoritarios porque ya no expresaban la pluralidad que presum\u00edan. Morena es un movimiento social y L\u00f3pez Obrador su gestor y recipiendario del nuevo consenso social que quiere cambios.<\/p>\n\n\n\n<p class=\"wp-block-paragraph\">De todo eso se sigue discutiendo diariamente, cada d\u00eda con m\u00e1s pasi\u00f3n y hasta con odios que se desparraman en las redes sociales. Por eso politizaci\u00f3n y polarizaci\u00f3n parecen sin\u00f3nimos sin serlo. Faltan otros estudios que lo documenten.<\/p>\n\n\n\n<p class=\"wp-block-paragraph\">Colegas, seguiremos examinando estos temas de la pol\u00edtica mexicana para informar mejor.<\/p>\n\n\n\n<p class=\"wp-block-paragraph\"><em>Nota. &#8211; Me preguntan qui\u00e9nes son esos veteranos que refiero como colegas, amigos entra\u00f1ables y maestros. A riesgo de omitir algunos menciono por orden del inicio de la amistad: Jorge Mel\u00e9ndez Preciado, Raymundo Riva Palacio, Julio Hern\u00e1ndez L\u00f3pez, Roberto Rock, Jos\u00e9 Reveles, Sara Lovera, Alberto Witvrun, Carlos Ferreyra Carrasco, Andr\u00e9s Sol\u00eds (el menos viejo) Gerardo Albarr\u00e1n de Alba\u2026 (espero reclamaciones para esta memoria que alcanzar\u00e1 los 70 a\u00f1os).<\/em><\/p>\n","protected":false},"excerpt":{"rendered":"<p>Faltan estudios de c\u00f3mo AMLO aceler\u00f3 la politizaci\u00f3n y eso diluy\u00f3 la pluralidad <\/p>\n","protected":false},"author":3,"featured_media":8473,"comment_status":"open","ping_status":"open","sticky":false,"template":"","format":"standard","meta":{"_monsterinsights_skip_tracking":false,"footnotes":""},"categories":[691,106,85],"tags":[],"class_list":["post-23346","post","type-post","status-publish","format-standard","has-post-thumbnail","category-691","category-mirada-de-reportero","category-rogelio-hernandez-lopez"],"_links":{"self":[{"href":"https:\/\/redsemlac.com\/semmexico\/wp-json\/wp\/v2\/posts\/23346","targetHints":{"allow":["GET"]}}],"collection":[{"href":"https:\/\/redsemlac.com\/semmexico\/wp-json\/wp\/v2\/posts"}],"about":[{"href":"https:\/\/redsemlac.com\/semmexico\/wp-json\/wp\/v2\/types\/post"}],"author":[{"embeddable":true,"href":"https:\/\/redsemlac.com\/semmexico\/wp-json\/wp\/v2\/users\/3"}],"replies":[{"embeddable":true,"href":"https:\/\/redsemlac.com\/semmexico\/wp-json\/wp\/v2\/comments?post=23346"}],"version-history":[{"count":0,"href":"https:\/\/redsemlac.com\/semmexico\/wp-json\/wp\/v2\/posts\/23346\/revisions"}],"wp:featuredmedia":[{"embeddable":true,"href":"https:\/\/redsemlac.com\/semmexico\/wp-json\/wp\/v2\/media\/8473"}],"wp:attachment":[{"href":"https:\/\/redsemlac.com\/semmexico\/wp-json\/wp\/v2\/media?parent=23346"}],"wp:term":[{"taxonomy":"category","embeddable":true,"href":"https:\/\/redsemlac.com\/semmexico\/wp-json\/wp\/v2\/categories?post=23346"},{"taxonomy":"post_tag","embeddable":true,"href":"https:\/\/redsemlac.com\/semmexico\/wp-json\/wp\/v2\/tags?post=23346"}],"curies":[{"name":"wp","href":"https:\/\/api.w.org\/{rel}","templated":true}]}}