{"id":23343,"date":"2020-07-27T16:32:59","date_gmt":"2020-07-27T16:32:59","guid":{"rendered":"https:\/\/redsemlac.com\/semmexico\/?p=23343"},"modified":"2023-07-21T16:26:30","modified_gmt":"2023-07-21T21:26:30","slug":"periodistas-renuncian-a-sitio-de-noticias-hungaro-por-despido-de-editor","status":"publish","type":"post","link":"https:\/\/redsemlac.com\/semmexico\/periodistas-renuncian-a-sitio-de-noticias-hungaro-por-despido-de-editor\/","title":{"rendered":"Periodistas renuncian a sitio de noticias h\u00fangaro por despido de editor"},"content":{"rendered":"\n<ul class=\"wp-block-list\"><li><strong>Adem\u00e1s, miles protestan en Hungr\u00eda contra la injerencia del Gobierno en la prensa independiente<\/strong><\/li><\/ul>\n\n\n\n<ul class=\"wp-block-list\"><li><strong> \u201cEs obvio que hay razones pol\u00edticas detr\u00e1s de lo que sucedi\u00f3\u201d<\/strong><\/li><\/ul>\n\n\n\n<p class=\"wp-block-paragraph\"><strong>Redacci\u00f3n<\/strong><\/p>\n\n\n\n<p class=\"wp-block-paragraph\">SemM\u00e9xico\/LaVanguardia, 27 de julio, 2020.- Miles protestaron en las calles de Budapest despu\u00e9s de que decenas de periodistas, incluidos tres editores principales, renunciaron al principal sitio independiente de noticias de&nbsp;<a href=\"https:\/\/twitter.com\/indexhu\" target=\"_blank\" rel=\"noreferrer noopener\">Hungr\u00eda, Index.<\/a><\/p>\n\n\n\n<p class=\"wp-block-paragraph\">El anuncio de la renuncia masiva se produce solo dos d\u00edas despu\u00e9s del despido del editor en jefe de la compa\u00f1\u00eda, Szabolcs Dull.<\/p>\n\n\n\n<p class=\"wp-block-paragraph\">Los empleados describieron la decisi\u00f3n del presidente de la junta,&nbsp;L\u00e1szl\u00f3 Bodolai, como \u00abinaceptable\u00bb.<\/p>\n\n\n\n<p class=\"wp-block-paragraph\">El jueves,&nbsp;Index&nbsp;celebr\u00f3 una reuni\u00f3n de personal para solicitar la reinstalaci\u00f3n de Dull, que fue \u00abrechazado categ\u00f3ricamente\u00bb.<\/p>\n\n\n\n<p class=\"wp-block-paragraph\">En una carta abierta, los periodistas dijeron que la decisi\u00f3n significaba que las condiciones para la operaci\u00f3n&nbsp;independiente de Index ya no exist\u00edan.<\/p>\n\n\n\n<p class=\"wp-block-paragraph\">\u00abSu despido es una clara interferencia en la composici\u00f3n de nuestro personal, y no podemos considerarlo de otra manera sino como un intento manifiesto de aplicar presi\u00f3n\u00bb, dijeron los periodistas de Index en un comunicado conjunto.<\/p>\n\n\n\n<p class=\"wp-block-paragraph\">\u00abEl consejo editorial consider\u00f3 que las condiciones para la operaci\u00f3n independiente ya no existen y han iniciado la terminaci\u00f3n de su empleo\u00bb.<\/p>\n\n\n\n<p class=\"wp-block-paragraph\">La editora en jefe adjunta de&nbsp;Index, Veronika Munk, dijo a Euronews Hungr\u00eda que el despido de Dull fue una raz\u00f3n directa de su decisi\u00f3n de renunciar.<\/p>\n\n\n\n<p class=\"wp-block-paragraph\">\u00abEl despido de Szabolcs Dull fue el paso que me hizo pensar que ya no puedo hacer este trabajo libremente, siguiendo los principios period\u00edsticos profesionales\u00bb, dijo Munk. \u00abY s\u00e9 que muchas personas entre los que renunciaron piensan de la misma manera\u00bb.<\/p>\n\n\n\n<p class=\"wp-block-paragraph\">Miles de personas salieron a las calles de la capital h\u00fangara el viernes por la noche en un mitin planificado en solidaridad con Index.<\/p>\n\n\n\n<p class=\"wp-block-paragraph\">\u00abEs obvio que hay razones pol\u00edticas detr\u00e1s de lo que sucedi\u00f3. Index fue la \u00faltima y \u00fanica fuente de medios de oposici\u00f3n que podr\u00eda criticar al gobierno frente a una gran audiencia\u00bb, dijo un manifestante a Euronews.<\/p>\n\n\n\n<p class=\"wp-block-paragraph\">Otro manifestante dijo: \u00abEs obligatorio tener un medio de comunicaci\u00f3n gratuito que pueda publicar informaci\u00f3n sobre ambos lados pol\u00edticos. Es necesario tener algo como esto. No es bueno que toda la prensa sea apoyada por el gobierno\u00bb.<\/p>\n\n\n\n<p class=\"wp-block-paragraph\">El sitio web ha sido durante mucho tiempo el objetivo del primer ministro h\u00fangaro, Viktor Orban, quien intent\u00f3 ejercer m\u00e1s control sobre la industria de transmisi\u00f3n y medios del pa\u00eds, seg\u00fan&nbsp;Associated Press.<\/p>\n\n\n\n<p class=\"wp-block-paragraph\">En las \u00faltimas semanas, la compa\u00f1\u00eda dijo que sent\u00eda que su independencia estaba \u00aben peligro\u00bb de las fuerzas externas.<\/p>\n\n\n\n<p class=\"wp-block-paragraph\">En 2018, Index estableci\u00f3 un&nbsp;\u00abbar\u00f3metro de la independencia\u00bb&nbsp;para monitorear las libertades editoriales, luego de un cambio en la propiedad que condujo a una p\u00e9rdida de confianza entre el personal y la gerencia.<\/p>\n\n\n\n<p class=\"wp-block-paragraph\">El mes pasado, el bar\u00f3metro cambi\u00f3 a \u00aben peligro\u00bb de \u00abindependiente\u00bb despu\u00e9s de que se enfrent\u00f3 a los planes de gesti\u00f3n para reorganizar la sala de redacci\u00f3n, a lo que el personal editorial se opuso firmemente.<\/p>\n\n\n\n<p class=\"wp-block-paragraph\">Dull emiti\u00f3 un comunicado el mi\u00e9rcoles, diciendo que sent\u00eda que&nbsp;\u00abno era accidental\u00bb&nbsp;que el equipo editorial se sintiera en peligro.<\/p>\n\n\n\n<p class=\"wp-block-paragraph\">La junta de Index dijo que su despido se bas\u00f3 en una falla en el manejo de las tensiones internas y la recesi\u00f3n econ\u00f3mica.<\/p>\n\n\n\n<p class=\"wp-block-paragraph\">El periodista pol\u00edtico Daniel Renyi dijo que esperaba que las renuncias masivas y las secciones del peri\u00f3dico desaparecieran.<\/p>\n\n\n\n<p class=\"wp-block-paragraph\">Le dijo a Euronews que el despido de Szabolcs Dull fue \u00abdevastador\u00bb.<\/p>\n\n\n\n<p class=\"wp-block-paragraph\">\u00abEs muy dif\u00edcil imaginar un mercado de medios h\u00fangaro libre sin el \u00edndice que conocemos\u00bb.<\/p>\n\n\n\n<p class=\"wp-block-paragraph\">\u00abEl pr\u00f3ximo a\u00f1o podr\u00eda haber m\u00e1s presi\u00f3n sobre Hungr\u00eda y Orban cree que este es el momento adecuado para ganar m\u00e1s influencia en el mercado de medios independientes\u00bb, dijo Renyi.<\/p>\n\n\n\n<p class=\"wp-block-paragraph\">Hungr\u00eda tambi\u00e9n se encuentra en medio de los procedimientos de la UE por la preocupaci\u00f3n de que est\u00e1n violando las normas legales que amenazan la independencia de los jueces y las libertades de prensa.<\/p>\n\n\n\n<p class=\"wp-block-paragraph\">La vicepresidenta de la Comisi\u00f3n Europea, V&#8217;a Jourov\u00e1, dijo que tiene \u00abgrandes preocupaciones\u00bb y expres\u00f3 su apoyo a los empleados de Index.<\/p>\n\n\n\n<p class=\"wp-block-paragraph\">\u00abMe gustar\u00eda expresar mi solidaridad con el personal de Index que ha estado trabajando en condiciones muy dif\u00edciles\u00bb,&nbsp;dijo Jourova a principios de este mes.<\/p>\n\n\n\n<p class=\"wp-block-paragraph\">En un comunicado, el Instituto Internacional de la Prensa tambi\u00e9n describi\u00f3 las renuncias de la junta como \u00abun golpe devastador para el periodismo en Hungr\u00eda\u00bb.<\/p>\n\n\n\n<p class=\"wp-block-paragraph\">Index.hu ha sido descrito como el medio de comunicaci\u00f3n independiente m\u00e1s grande e influyente del pa\u00eds.<\/p>\n\n\n\n<p class=\"wp-block-paragraph\">\u00abHemos estado diciendo esto durante a\u00f1os, lo escribimos y gritamos en voz alta que hay dos condiciones que garantizan el trabajo profesional libre, correcto e independiente\u00bb,&nbsp;dijo Veronika Munk a Euronews Hungr\u00eda.<\/p>\n\n\n\n<p class=\"wp-block-paragraph\">\u00abUna es que no hay influencia externa en el contenido del sitio, y no hay influencia externa en la composici\u00f3n del personal\u00bb.<\/p>\n\n\n\n<p class=\"wp-block-paragraph\">\u00abNo nos dicen qu\u00e9 publicar en el sitio, y nadie nos dice desde afuera con qui\u00e9n trabajar o no\u00bb. (Tomado de&nbsp;<a href=\"https:\/\/www.euronews.com\/\" target=\"_blank\" rel=\"noreferrer noopener\">EuroNews<\/a>)<\/p>\n","protected":false},"excerpt":{"rendered":"<p> \u201cEs obvio que hay razones pol\u00edticas detr\u00e1s de lo que sucedi\u00f3\u201d<\/p>\n","protected":false},"author":3,"featured_media":23344,"comment_status":"open","ping_status":"open","sticky":false,"template":"","format":"standard","meta":{"_monsterinsights_skip_tracking":false,"footnotes":""},"categories":[691,55],"tags":[],"class_list":["post-23343","post","type-post","status-publish","format-standard","has-post-thumbnail","category-691","category-periodistas"],"_links":{"self":[{"href":"https:\/\/redsemlac.com\/semmexico\/wp-json\/wp\/v2\/posts\/23343","targetHints":{"allow":["GET"]}}],"collection":[{"href":"https:\/\/redsemlac.com\/semmexico\/wp-json\/wp\/v2\/posts"}],"about":[{"href":"https:\/\/redsemlac.com\/semmexico\/wp-json\/wp\/v2\/types\/post"}],"author":[{"embeddable":true,"href":"https:\/\/redsemlac.com\/semmexico\/wp-json\/wp\/v2\/users\/3"}],"replies":[{"embeddable":true,"href":"https:\/\/redsemlac.com\/semmexico\/wp-json\/wp\/v2\/comments?post=23343"}],"version-history":[{"count":0,"href":"https:\/\/redsemlac.com\/semmexico\/wp-json\/wp\/v2\/posts\/23343\/revisions"}],"wp:featuredmedia":[{"embeddable":true,"href":"https:\/\/redsemlac.com\/semmexico\/wp-json\/wp\/v2\/media\/23344"}],"wp:attachment":[{"href":"https:\/\/redsemlac.com\/semmexico\/wp-json\/wp\/v2\/media?parent=23343"}],"wp:term":[{"taxonomy":"category","embeddable":true,"href":"https:\/\/redsemlac.com\/semmexico\/wp-json\/wp\/v2\/categories?post=23343"},{"taxonomy":"post_tag","embeddable":true,"href":"https:\/\/redsemlac.com\/semmexico\/wp-json\/wp\/v2\/tags?post=23343"}],"curies":[{"name":"wp","href":"https:\/\/api.w.org\/{rel}","templated":true}]}}