{"id":23329,"date":"2020-07-25T11:28:00","date_gmt":"2020-07-25T11:28:00","guid":{"rendered":"https:\/\/redsemlac.com\/semmexico\/?p=23329"},"modified":"2023-07-21T16:26:30","modified_gmt":"2023-07-21T21:26:30","slug":"dominicana-presidente-electo-aboga-por-incentivar-liderazgo-femenino-en-su-gobierno","status":"publish","type":"post","link":"https:\/\/redsemlac.com\/semmexico\/dominicana-presidente-electo-aboga-por-incentivar-liderazgo-femenino-en-su-gobierno\/","title":{"rendered":"Dominicana: presidente electo aboga por incentivar liderazgo femenino en su Gobierno"},"content":{"rendered":"\n<p class=\"wp-block-paragraph\"><strong>Mercedes Alonso<\/strong><\/p>\n\n\n\n<p class=\"wp-block-paragraph\">SemM\u00e9xico\/Semlac.\u00a0Santo Domingo.\u00a025\u00a0de\u00a0julio\u00a0de 2020.-\u00a0El\u00a0pa\u00eds se mueve entre los infortunios de una epidemia mal controlada, con\u00a0indisciplinados m\u00edtines y poco distanciamiento f\u00edsico durante una larga campa\u00f1a pol\u00edtica que concluy\u00f3 el pasado 5 de julio,\u00a0y que ahora, entre los muchos empe\u00f1os t\u00e1cticos y estrat\u00e9gicos,\u00a0debe\u00a0detenerse ante \u00a0la cantidad de contagiados,\u00a0que supera la cifra de los\u00a057 mil y\u00a0m\u00e1s de mil\u00a0fallecidos a causa del virus\u00a0del COVID-19.<\/p>\n\n\n\n<p class=\"wp-block-paragraph\">No obstante,&nbsp;en medio de todo este panorama,&nbsp;precedido por su lema&nbsp;de campa\u00f1a:&nbsp;\u201cel&nbsp;Cambio Va\u201d,&nbsp;y \u201cGanamos todos\u201d,&nbsp;el electo presidente&nbsp;en la Rep\u00fablica Dominicana,&nbsp;Luis Rodolfo&nbsp;Abinader&nbsp;Corona, del opositor Partido Revolucionario Moderno (PRM), &nbsp;que el pr\u00f3ximo 16 de agosto asumir\u00e1 el m\u00e1ximo escal\u00f3n en el Gobierno dominicano, ha decidido integrar a las mujeres en puestos de decisiones de los ministerios y organismos t\u00e9cnicos especializados, y&nbsp;la sociedad dominicana augura que los vientos soplar\u00e1n a favor de la imprescindible y postergada equidad de g\u00e9nero en puestos gubernamentales.<\/p>\n\n\n\n<p class=\"wp-block-paragraph\">Se recuerda que Rep\u00fablica Dominicana, con un 51 % de poblaci\u00f3n femenina, ocupa el quinto lugar m\u00e1s bajo de representaci\u00f3n de la mujer a nivel ministerial, con apenas 17. 3 %. Solo Venezuela, M\u00e9xico, Guatemala y Honduras est\u00e1n por debajo.<\/p>\n\n\n\n<p class=\"wp-block-paragraph\">El pasado 16 de julio la prensa nacional hizo \u00e9nfasis en el&nbsp;anuncio&nbsp;de&nbsp;Abinader&nbsp;a trav\u00e9s de su cuenta en la red social Twitter, acerca de&nbsp;que&nbsp;en las 31 gobernaciones provinciales&nbsp;ser\u00e1n designadas&nbsp;mujeres y se pronunci\u00f3 porque \u00bb El liderazgo local femenino&nbsp;debe incentivarse y promoverse\u00bb.<\/p>\n\n\n\n<p class=\"wp-block-paragraph\">Su esposa, Raquel&nbsp;Arbaje, le respondi\u00f3&nbsp;de inmediato&nbsp;al tuit con el mensaje: \u00ab\u00a1Bravo!&nbsp;\u00a1El mejor regalo de tu cumplea\u00f1os que recibo! Arriba la igualdad de oportunidades\u00bb, dijo.<\/p>\n\n\n\n<p class=\"wp-block-paragraph\"><strong>U<\/strong><strong>n gabinete de hombres<\/strong><strong>&nbsp;<\/strong><strong>y mujeres<\/strong><\/p>\n\n\n\n<p class=\"wp-block-paragraph\">Este 14 de julio, un grupo de organizaciones solicitaron al mandatario formar un gabinete que presente de manera equitativa la presencia de mujeres y hombres frente a las instituciones m\u00e1s relevantes del Gobierno y \u201cque no reproduzca los estereotipos de g\u00e9nero ni la divisi\u00f3n sexual del trabajo\u201d.<\/p>\n\n\n\n<p class=\"wp-block-paragraph\">Participaci\u00f3n Ciudadana,&nbsp;Ciudad Alternativa, Fundaci\u00f3n Solidaridad, y&nbsp;Oxfam, &nbsp;publicaron su exhortaci\u00f3n&nbsp;por medio del &nbsp;Proyecto \u201cAcci\u00f3n ciudadana por una administraci\u00f3n p\u00fablica inclusiva que garantice los derechos humanos\u201d, que financia la Uni\u00f3n Europea,&nbsp;al incremento&nbsp;de las mujeres en los principales puestos&nbsp;del tren gubernamental, a fin dedar cumplimiento a la Constituci\u00f3n Dominicana, a la Estrategia Nacional de Desarrollo y a los Objetivos de Desarrollo Sostenible, entre otros compromisos y normativas del Estado dominicano respecto a la equidad de g\u00e9nero y al principio de igualdad de hombres y mujeres.<\/p>\n\n\n\n<p class=\"wp-block-paragraph\">Las organizaciones&nbsp;presentaron la campa\u00f1a \u201cEl ejemplo de igualdad comienza por casa\u201d,&nbsp;en la que invitan a las autoridades electas a que la equidad de g\u00e9nero&nbsp;se&nbsp;inicie por el mismo Estado dominicano y que&nbsp;Abinader&nbsp;nombre m\u00e1s ministras e&nbsp;incumbentesfemeninas en puestos trascendentales.<\/p>\n\n\n\n<p class=\"wp-block-paragraph\">\u201cHay que &nbsp;superar las designaciones tradicionales en carteras de asistencia social, superando esas estigmatizaciones, porque las mujeres tambi\u00e9n pueden aportar dirigiendo Haciendas, Econom\u00eda, Banco Central, Polic\u00eda, Impuestos Internos, Defensa, Turismo, Aduanas, Interior y Polic\u00eda, entre otros\u201d, enfatizan.<\/p>\n\n\n\n<p class=\"wp-block-paragraph\">Llamaron, adem\u00e1s, a que&nbsp;el nuevo Gobierno contribuya a la&nbsp;\u201ccorresponsabilidad, transparencia y participaci\u00f3n entre la administraci\u00f3n p\u00fablica y la sociedad civil para garantizar derechos, garantizar la inclusi\u00f3n del enfoque de g\u00e9nero en el dise\u00f1o de pol\u00edticas p\u00fablicas y mejorar la calidad de los servicios p\u00fablicos\u201d.<\/p>\n\n\n\n<p class=\"wp-block-paragraph\"><strong>El relegado tema del aborto\u2026reaparece<\/strong><\/p>\n\n\n\n<p class=\"wp-block-paragraph\">Por su parte, la Alianza Cristiana Dominicana (ACD), hizo p\u00fablico un comunicado, mediante el cual felicita&nbsp;a los candidatos y las candidatas&nbsp;triunfadores&nbsp;en las pasadas elecciones presidenciales y congresuales,que mostraron apoyo p\u00fablico a los derechos de las mujeres, la juventud&nbsp;y la ni\u00f1ez y se pronuncian por lo que sigue siendo tema pendiente para los derechos de la mujer&nbsp;dominicana:&nbsp;el aborto y&nbsp;la&nbsp;inclusi\u00f3n en el C\u00f3digo Penal de las tres causales: cuando peligra la vida de la mujer, si desde el punto de vista m\u00e9dico est\u00e1 comprobado que el feto es incompatible con la vida y cuando el embarazo es producto de violaci\u00f3n o incesto.&nbsp;<\/p>\n\n\n\n<p class=\"wp-block-paragraph\">\u201cLa encuesta nacional sobre aborto demostr\u00f3 que la gran mayor\u00eda de personas religiosas en el pa\u00eds est\u00e1 de acuerdo con la despenalizaci\u00f3n de la interrupci\u00f3n del embarazo en esas tres circunstancias\u2026Encuestas con credibilidad han se\u00f1alado el apoyo de la poblaci\u00f3n general a favor de las tres causales. En el caso espec\u00edfico de los religiosos, la Encuesta Nacional sobre Aborto demostr\u00f3 que el 79% de los cat\u00f3licos consultados est\u00e1 de acuerdo con la causal vida o salud, el 76% con la causal inviabilidad y 66% con la causal violaci\u00f3n o incesto\u201d,&nbsp;apuntan.<\/p>\n\n\n\n<p class=\"wp-block-paragraph\">A\u00f1aden&nbsp;que&nbsp;\u201clos resultados de las elecciones demuestran que la posici\u00f3n de las jerarqu\u00edas de la Iglesia Cat\u00f3lica y Evang\u00e9lica no representa la opini\u00f3n de la feligres\u00eda ni de las congregaciones\u201d, por lo que llamaron a&nbsp;quienes integran el Senado y la C\u00e1mara de Diputados&nbsp;a no dejarse chantajear por las c\u00fapulas religiosas y exhortan&nbsp;a adoptar una agenda de trabajo a favor de las mujeres, la&nbsp;juventud y la ni\u00f1ez, que es el deseo de la mayor\u00eda del pueblo dominicano\u201d, concluyen.<\/p>\n\n\n\n<p class=\"wp-block-paragraph\">Luis&nbsp;Abinader&nbsp;gan\u00f3 en primera vuelta con el 56,5% del escrutinio, como&nbsp;candidato presidencial del Partido Revolucionario Moderno (PRM),&nbsp;y&nbsp;el actual&nbsp;Presidente de la Rep\u00fablica&nbsp;Danilo Medina,&nbsp;as\u00ed como&nbsp;los dem\u00e1s contrincantes&nbsp;reconocieron&nbsp;su&nbsp;derrota. Este&nbsp;resultadoelectoral puso&nbsp;fin a cuatro mandatos consecutivos del Partido de la Liberaci\u00f3n Dominicana&nbsp;(PLD).&nbsp;<\/p>\n\n\n\n<p class=\"wp-block-paragraph\">Abinader&nbsp;se acompa\u00f1\u00f3&nbsp;de&nbsp;una mujer como vicepresidenta,&nbsp;Raquel Pe\u00f1a,&nbsp;y&nbsp;prometi\u00f3&nbsp;\u201cmodernizar el Estado y combatir la corrupci\u00f3n, la impunidad y el clientelismo, pr\u00e1cticas que atribuye al&nbsp;oficialista&nbsp;PLD y que han contribuido a desgastar la imagen del partido gubernamental, a pesar de la buena marcha de la econom\u00eda en los \u00faltimos a\u00f1os\u201d.&nbsp;Coment\u00f3&nbsp;en&nbsp;su discurso de victoria, que&nbsp;\u201cgobernar\u00e1&nbsp;con firme paso de avance hacia la&nbsp;democratizaci\u00f3n, institucionalidad y desarrollo\u201d.<\/p>\n\n\n\n<p class=\"wp-block-paragraph\">De igual manera,&nbsp;conform\u00f3 de manera&nbsp;equitativa la comisi\u00f3n t\u00e9cnica de transici\u00f3n que trabajar\u00e1 en el Palacio Nacional, para coordinar el traspaso de mando.<\/p>\n\n\n\n<p class=\"wp-block-paragraph\">Un panorama dif\u00edcil se cierne sobre el reci\u00e9n electo presidente dominicano,&nbsp;debido a los record de contagios que durante las elecciones y posteriormente tiene el pa\u00eds. El propio&nbsp;Abinader&nbsp;afirm\u00f3 estar convencido de que su partido enfrentar\u00e1 los desaf\u00edos \u201cm\u00e1s dif\u00edciles\u201d de la historia&nbsp;ante la necesidad dereactivar la productividad de las empresas, recuperar los empleos destruidos por la crisis de la COVID-19,&nbsp;y rescatar la confianza en las instituciones democr\u00e1ticas.<\/p>\n\n\n\n<p class=\"wp-block-paragraph\"><strong>\u201cF<\/strong><strong>eminista por convicci\u00f3n\u201d<\/strong><\/p>\n\n\n\n<p class=\"wp-block-paragraph\">A principios de este a\u00f1o 2020, el entonces&nbsp;candidato presidencial Luis&nbsp;Abinader&nbsp;confes\u00f3 que estar rodeado de&nbsp;su esposa Raquel, sus tres hijas, y su madre, y la relaci\u00f3n permanente con su hermana Rita, lo&nbsp;hab\u00edan&nbsp;obligado&nbsp;a pensar en clave femenina:&nbsp;\u201cLa poblaci\u00f3n mayoritaria de mujeres en mi entorno, hacen de m\u00ed un feminista por convicci\u00f3n\u201d,&nbsp;se\u00f1al\u00f3&nbsp;mientras participaba en&nbsp;un conversatorio con directivas de la Asociaci\u00f3n de Mujeres Empresarias.<\/p>\n\n\n\n<p class=\"wp-block-paragraph\">\u201cNosotros hacemos el compromiso de lograr una sociedad en la que el futuro de la mujer no sea determinado por los hombres. Construiremos una sociedad en la que la mujer defina el \u00e9xito en sus propios t\u00e9rminos, alcance sus objetivos en sus propios t\u00e9rminos y tenga una vida que la haga sentir orgullosa\u201d, enfatiz\u00f3&nbsp;Abinader.<\/p>\n\n\n\n<p class=\"wp-block-paragraph\">Tambi\u00e9n a finales del pasado a\u00f1o 2019,&nbsp;el electo gobernante&nbsp;propuso&nbsp;10 medidas para detener violencia contra la mujer, \u201cque mantiene indignada y avergonzada a la sociedad dominicana por la frecuencia con que se producen los asesinatos de&nbsp;mujeres\u201d, subray\u00f3&nbsp;y al referirse a las&nbsp;inequidades fundamentales que afectan a las&nbsp;dominicanas&nbsp;expuso: \u201cLas sabe el gobierno, lo sabe el Congreso, lo saben los ayuntamientos, lo saben los partidos, lo saben las iglesias, lo saben los medios de comunicaci\u00f3n, lo sabemos todos. Todos conocemos el triste diagn\u00f3stico sobre la situaci\u00f3n de las mujeres\u201d.<\/p>\n\n\n\n<p class=\"wp-block-paragraph\">Este&nbsp;18 de&nbsp;julio, el grupo #CeroDiscriminaci\u00f3nRDexigi\u00f3 al presidente electo&nbsp;la designaci\u00f3n de un gabinete de gobierno equilibrado en relaci\u00f3n&nbsp;con&nbsp;la igualdad de g\u00e9nero, en&nbsp;un video colgado en sus redes sociales,&nbsp;en el que&nbsp;destac\u00f3&nbsp;que de las 22 designaciones ministeriales realizadas por&nbsp;Abinader, solo tres son mujeres, expresando que esa misma disparidad existe en otras instituciones del Estado.<\/p>\n\n\n\n<p class=\"wp-block-paragraph\">\u201cEso es un desconocimiento absoluto de la paridad que deber\u00eda existir entre hombres y mujeres, y es un no reconocimiento de las capacidades y los talentos de las dominicanas\u201d, se escucha decir en el audiovisual, que tuvo la participaci\u00f3n de varias personalidades p\u00fablicas.<\/p>\n\n\n\n<p class=\"wp-block-paragraph\">#CeroDiscriminaci\u00f3nRD, \u201c#masmujeresalpoder\u201d, y diversas&nbsp;organizaciones m\u00e1s, as\u00ed como destacadas activistas sociales, como&nbsp;Sergia&nbsp;Galv\u00e1n, entre muchas otras,&nbsp;contin\u00faan&nbsp;abogando por un \u201cverdadero cambio\u201d,&nbsp;e incitan&nbsp;al pr\u00f3ximo Jefe de Estado a nombrar un gabinete presidencial con una cuota de mujeres y hombres de 50%-50%.<\/p>\n","protected":false},"excerpt":{"rendered":"<p>Ha decidido integrar a las mujeres en puestos de decisiones de los ministerios y organismos t\u00e9cnicos especializados, y la sociedad dominicana augura que los vientos soplar\u00e1n a favor de la imprescindible y postergada equidad de g\u00e9nero<\/p>\n","protected":false},"author":3,"featured_media":23330,"comment_status":"open","ping_status":"open","sticky":false,"template":"","format":"standard","meta":{"_monsterinsights_skip_tracking":false,"footnotes":""},"categories":[691,53],"tags":[],"class_list":["post-23329","post","type-post","status-publish","format-standard","has-post-thumbnail","category-691","category-internacional"],"_links":{"self":[{"href":"https:\/\/redsemlac.com\/semmexico\/wp-json\/wp\/v2\/posts\/23329","targetHints":{"allow":["GET"]}}],"collection":[{"href":"https:\/\/redsemlac.com\/semmexico\/wp-json\/wp\/v2\/posts"}],"about":[{"href":"https:\/\/redsemlac.com\/semmexico\/wp-json\/wp\/v2\/types\/post"}],"author":[{"embeddable":true,"href":"https:\/\/redsemlac.com\/semmexico\/wp-json\/wp\/v2\/users\/3"}],"replies":[{"embeddable":true,"href":"https:\/\/redsemlac.com\/semmexico\/wp-json\/wp\/v2\/comments?post=23329"}],"version-history":[{"count":0,"href":"https:\/\/redsemlac.com\/semmexico\/wp-json\/wp\/v2\/posts\/23329\/revisions"}],"wp:featuredmedia":[{"embeddable":true,"href":"https:\/\/redsemlac.com\/semmexico\/wp-json\/wp\/v2\/media\/23330"}],"wp:attachment":[{"href":"https:\/\/redsemlac.com\/semmexico\/wp-json\/wp\/v2\/media?parent=23329"}],"wp:term":[{"taxonomy":"category","embeddable":true,"href":"https:\/\/redsemlac.com\/semmexico\/wp-json\/wp\/v2\/categories?post=23329"},{"taxonomy":"post_tag","embeddable":true,"href":"https:\/\/redsemlac.com\/semmexico\/wp-json\/wp\/v2\/tags?post=23329"}],"curies":[{"name":"wp","href":"https:\/\/api.w.org\/{rel}","templated":true}]}}