{"id":23323,"date":"2020-07-24T21:25:57","date_gmt":"2020-07-24T21:25:57","guid":{"rendered":"https:\/\/redsemlac.com\/semmexico\/?p=23323"},"modified":"2023-07-21T16:26:30","modified_gmt":"2023-07-21T21:26:30","slug":"amnistia-internacional-pide-comparecencia-de-herrera-por-recorte-al-presupuesto-de-inmujeres","status":"publish","type":"post","link":"https:\/\/redsemlac.com\/semmexico\/amnistia-internacional-pide-comparecencia-de-herrera-por-recorte-al-presupuesto-de-inmujeres\/","title":{"rendered":"Amnist\u00eda Internacional pide comparecencia de Herrera por recorte al presupuesto de Inmujeres"},"content":{"rendered":"\n<p class=\"wp-block-paragraph\"><strong>Redacci\u00f3n\u00a0<\/strong><\/p>\n\n\n\n<p class=\"wp-block-paragraph\">SemM\u00e9xico\/EFE. 24 de julio de 2020.- Amnist\u00eda Internacional (AI) pidi\u00f3 este mi\u00e9rcoles a la C\u00e1mara de Diputados que llame a comparecer al secretario de Hacienda, Arturo Herrera, por el recorte al presupuesto del Instituto Nacional de las Mujeres (Inmujeres).<\/p>\n\n\n\n<p class=\"wp-block-paragraph\">\u201cLas y los diputados deben ejercer su facultad de vigilancia y llamar a comparecer al secretario de Hacienda y Cr\u00e9dito P\u00fablico, para que rinda cuentas sobre los recortes presupuestarios ordenados por el Ejecutivo federal\u201d, asever\u00f3 la organizaci\u00f3n en un comunicado.<\/p>\n\n\n\n<p class=\"wp-block-paragraph\">Argument\u00f3 que estos recortes son contrarios a la Ley Federal de Presupuesto y Responsabilidad Hacendaria, que establece claramente que \u201cno se podr\u00e1n realizar reducciones a los programas presupuestarios ni a las inversiones dirigidas a la atenci\u00f3n de la igualdad entre mujeres y hombres\u201d.<\/p>\n\n\n\n<p class=\"wp-block-paragraph\">La semana pasada, la Junta de Gobierno aprob\u00f3 un recorte del 75% en el presupuesto del Inmujeres, equivalente a 151.9 millones de pesos.<\/p>\n\n\n\n<p class=\"wp-block-paragraph\">La disminuci\u00f3n es consecuencia del decreto publicado el pasado 23 de abril por el Gobierno Federal en el que se anunciaban fuertes ajustes a los gastos de ciertas \u00e1reas a causa de la crisis por el Covid-19.<\/p>\n\n\n\n<p class=\"wp-block-paragraph\">Amnist\u00eda Internacional denunci\u00f3 que el Ejecutivo federal pas\u00f3 por alto las facultades que tiene en este caso la C\u00e1mara de Diputados, pues la citada ley precisa que cualquier cambio en el ejercicio del presupuesto \u201cdebe ser aprobado por las y los diputados\u201c.<\/p>\n\n\n\n<p class=\"wp-block-paragraph\">Entre las reducciones, se pretendi\u00f3 recortar los recursos de las Casas de la Mujer Ind\u00edgena y Afrodescendiente y el presupuesto que asigna la Comisi\u00f3n Nacional para Prevenir y Erradicar la Violencia Contra las Mujeres para implementar las recomendaciones de las Alertas de Violencia de G\u00e9nero.<\/p>\n\n\n\n<p class=\"wp-block-paragraph\">Estos recortes han sido negados por el presidente Andr\u00e9s Manuel L\u00f3pez Obrador, quien ha dicho que su gobierno no ha recortado ayudas contra la violencia de g\u00e9nero.<\/p>\n\n\n\n<p class=\"wp-block-paragraph\">\u201cNosotros no tenemos ning\u00fan ajuste en el programa federal para lo que tiene que ver con la defensa de los derechos humanos\u201d, asever\u00f3 el mandatario el pasado martes en su conferencia matutina, pese a que ha hecho numerosos recortes en el gasto p\u00fablico para cumplir con su plan de \u201causteridad republicana\u201d.<\/p>\n","protected":false},"excerpt":{"rendered":"<p>La semana pasada, la Junta de Gobierno aprob\u00f3 un recorte del 75% en el presupuesto del Inmujeres, equivalente a 151.9 millones de pesos.<\/p>\n","protected":false},"author":3,"featured_media":23324,"comment_status":"open","ping_status":"open","sticky":false,"template":"","format":"standard","meta":{"_monsterinsights_skip_tracking":false,"footnotes":""},"categories":[691,54],"tags":[],"class_list":["post-23323","post","type-post","status-publish","format-standard","has-post-thumbnail","category-691","category-mujeres"],"_links":{"self":[{"href":"https:\/\/redsemlac.com\/semmexico\/wp-json\/wp\/v2\/posts\/23323","targetHints":{"allow":["GET"]}}],"collection":[{"href":"https:\/\/redsemlac.com\/semmexico\/wp-json\/wp\/v2\/posts"}],"about":[{"href":"https:\/\/redsemlac.com\/semmexico\/wp-json\/wp\/v2\/types\/post"}],"author":[{"embeddable":true,"href":"https:\/\/redsemlac.com\/semmexico\/wp-json\/wp\/v2\/users\/3"}],"replies":[{"embeddable":true,"href":"https:\/\/redsemlac.com\/semmexico\/wp-json\/wp\/v2\/comments?post=23323"}],"version-history":[{"count":0,"href":"https:\/\/redsemlac.com\/semmexico\/wp-json\/wp\/v2\/posts\/23323\/revisions"}],"wp:featuredmedia":[{"embeddable":true,"href":"https:\/\/redsemlac.com\/semmexico\/wp-json\/wp\/v2\/media\/23324"}],"wp:attachment":[{"href":"https:\/\/redsemlac.com\/semmexico\/wp-json\/wp\/v2\/media?parent=23323"}],"wp:term":[{"taxonomy":"category","embeddable":true,"href":"https:\/\/redsemlac.com\/semmexico\/wp-json\/wp\/v2\/categories?post=23323"},{"taxonomy":"post_tag","embeddable":true,"href":"https:\/\/redsemlac.com\/semmexico\/wp-json\/wp\/v2\/tags?post=23323"}],"curies":[{"name":"wp","href":"https:\/\/api.w.org\/{rel}","templated":true}]}}