{"id":23312,"date":"2020-07-24T20:41:40","date_gmt":"2020-07-24T20:41:40","guid":{"rendered":"https:\/\/redsemlac.com\/semmexico\/?p=23312"},"modified":"2023-07-21T16:26:30","modified_gmt":"2023-07-21T21:26:30","slug":"la-onu-propone-seis-meses-de-ingreso-basico-universal-para-frenar-la-pandemia","status":"publish","type":"post","link":"https:\/\/redsemlac.com\/semmexico\/la-onu-propone-seis-meses-de-ingreso-basico-universal-para-frenar-la-pandemia\/","title":{"rendered":"La ONU propone seis meses de ingreso b\u00e1sico universal para frenar la pandemia"},"content":{"rendered":"\n<p class=\"wp-block-paragraph\"><strong>Redacci\u00f3n<\/strong>\u00a0<\/p>\n\n\n\n<p class=\"wp-block-paragraph\">SemM\u00e9xico\/Periodistas En Espa\u00f1ol. 24 de julio de 2020.- Si los sectores m\u00e1s pobres del planeta obtuvieran durante seis meses un ingreso b\u00e1sico y as\u00ed tres mil millones millones de personas no tuvieran que salir todos los d\u00edas a trabajar para sobrevivir, se podr\u00eda frenar el ritmo de contagio del coronavirus, postul\u00f3 este jueves 23 un nuevo informe del PNUD, informa la IPS.<\/p>\n\n\n\n<p class=\"wp-block-paragraph\">El administrador del PNUD (Programa de las Naciones Unidas para el Desarrollo),&nbsp;<strong>Achim Steiner<\/strong>, dijo al presentar el informe que \u00abla introducci\u00f3n de un ingreso b\u00e1sico temporal para las personas m\u00e1s pobres del mundo se ha planteado como una opci\u00f3n, algo que habr\u00eda parecido imposible s\u00f3lo unos meses atr\u00e1s\u00bb.<\/p>\n\n\n\n<p class=\"wp-block-paragraph\">\u00abEstos tiempos sin precedentes exigen medidas econ\u00f3micas y sociales sin precedentes\u00bb,&nbsp; afirm\u00f3 Steiner.<\/p>\n\n\n\n<p class=\"wp-block-paragraph\">El ingreso b\u00e1sico deber\u00eda destinarse a los 2700 millones de personas que viven por debajo de la l\u00ednea de la pobreza en 132 pa\u00edses en desarrollo y la medida costar\u00eda 199 000 millones de d\u00f3lares mensuales, seg\u00fan los economistas autores del informe, el boliviano&nbsp;<strong>George Gray Molina<\/strong>&nbsp;y el mexicano&nbsp;<strong>Eduardo Ortiz-Ju\u00e1rez<\/strong>.<\/p>\n\n\n\n<p class=\"wp-block-paragraph\">Ese costo representa doce por ciento del total de la respuesta financiera prevista para 2020 ante la pandemia covid-19, o el equivalente a una tercera parte del monto que los pa\u00edses en desarrollo deben pagar por su deuda externa este a\u00f1o.<\/p>\n\n\n\n<p class=\"wp-block-paragraph\">La propuesta no establece un monto \u00fanico para el ingreso b\u00e1sico universal, en atenci\u00f3n a las diferencias regionales y nacionales, aunque un l\u00edmite promedio de vulnerabilidad se sit\u00faa alrededor de 62 d\u00f3lares mensuales y si se promedian ingresos y necesidades de consumo en los 132 pa\u00edses podr\u00eda situarse en 110 d\u00f3lares.<\/p>\n\n\n\n<p class=\"wp-block-paragraph\">La medida no solo es viable sino urgente, \u00abya que la pandemia avanza a un ritmo que supera el mill\u00f3n y medio de casos nuevos por semana, sobre todo en los pa\u00edses en desarrollo, donde siete de cada diez trabajadores generan su sustento en la econom\u00eda informal\u00bb, expuso el PNUD.<\/p>\n\n\n\n<p class=\"wp-block-paragraph\">Esas personas \u00abno pueden subsistir si no salen de sus casas ya que no cuentan con protecci\u00f3n social, y un ingreso b\u00e1sico temporal les brindar\u00eda los medios necesarios para comprar alimentos y costear sus gastos de salud y educaci\u00f3n\u00bb, indic\u00f3 el informe.<\/p>\n\n\n\n<p class=\"wp-block-paragraph\">Steiner sostuvo que los rescates y los planes de recuperaci\u00f3n \u00abno pueden centrarse \u00fanicamente en los grandes mercados y negocios\u00bb, y un ingreso b\u00e1sico temporal permitir\u00eda a los gobiernos dar a las personas en confinamiento un sustento financiero.<\/p>\n\n\n\n<p class=\"wp-block-paragraph\">Agreg\u00f3 que ese dinero volver\u00eda a inyectar efectivo en las econom\u00edas locales para ayudar a mantener los peque\u00f1os negocios a flote, al tiempo que se desacelera el devastador avance de la covid.<\/p>\n\n\n\n<p class=\"wp-block-paragraph\">Para sufragar el ingreso b\u00e1sico temporal los pa\u00edses podr\u00edan, por ejemplo, reorientar los fondos que originalmente destinar\u00edan este a\u00f1o al pago de su deuda, que seg\u00fan el informe suman 3,1 billones (millones de millones) de d\u00f3lares.<\/p>\n\n\n\n<p class=\"wp-block-paragraph\">La aplicaci\u00f3n de una moratoria amplia de la deuda para todos los pa\u00edses en desarrollo, como ha solicitado el secretario general de la ONU,&nbsp;<strong>Ant\u00f3nio Guterres<\/strong>, permitir\u00eda a los pa\u00edses reorientar temporalmente esos fondos hacia medidas de emergencia que contrarresten los efectos de la crisis provocada por la pandemia.<\/p>\n\n\n\n<p class=\"wp-block-paragraph\">Las comisiones econ\u00f3micas regionales de la ONU, Cepal en Am\u00e9rica Latina y el Caribe, CEPA en \u00c1frica, y Escap en Asia y el Pac\u00edfico, han abogado en los \u00faltimos meses por la adopci\u00f3n de un ingreso b\u00e1sico de emergencia ante la covid, como ahora hace el PNUD.<\/p>\n\n\n\n<p class=\"wp-block-paragraph\">Sus estudios muestran que la propagaci\u00f3n del coronavirus exacerb\u00f3 desigualdades que ya exist\u00edan a nivel mundial y nacional, y ha generado nuevas disparidades que est\u00e1n perjudicando en mayor medida a las personas m\u00e1s vulnerables.<\/p>\n\n\n\n<p class=\"wp-block-paragraph\">El PNUD estima que el desarrollo humano retroceder\u00e1 este a\u00f1o por primera vez desde que empez\u00f3 a medirse en 1990, dado que cien millones de personas m\u00e1s caer\u00e1n en la pobreza.<\/p>\n","protected":false},"excerpt":{"rendered":"<p>El ingreso b\u00e1sico deber\u00eda destinarse a los 2700 millones de personas que viven por debajo de la l\u00ednea de la pobreza en 132 pa\u00edses en desarrollo <\/p>\n","protected":false},"author":3,"featured_media":23313,"comment_status":"open","ping_status":"open","sticky":false,"template":"","format":"standard","meta":{"_monsterinsights_skip_tracking":false,"footnotes":""},"categories":[691,53],"tags":[],"class_list":["post-23312","post","type-post","status-publish","format-standard","has-post-thumbnail","category-691","category-internacional"],"_links":{"self":[{"href":"https:\/\/redsemlac.com\/semmexico\/wp-json\/wp\/v2\/posts\/23312","targetHints":{"allow":["GET"]}}],"collection":[{"href":"https:\/\/redsemlac.com\/semmexico\/wp-json\/wp\/v2\/posts"}],"about":[{"href":"https:\/\/redsemlac.com\/semmexico\/wp-json\/wp\/v2\/types\/post"}],"author":[{"embeddable":true,"href":"https:\/\/redsemlac.com\/semmexico\/wp-json\/wp\/v2\/users\/3"}],"replies":[{"embeddable":true,"href":"https:\/\/redsemlac.com\/semmexico\/wp-json\/wp\/v2\/comments?post=23312"}],"version-history":[{"count":0,"href":"https:\/\/redsemlac.com\/semmexico\/wp-json\/wp\/v2\/posts\/23312\/revisions"}],"wp:featuredmedia":[{"embeddable":true,"href":"https:\/\/redsemlac.com\/semmexico\/wp-json\/wp\/v2\/media\/23313"}],"wp:attachment":[{"href":"https:\/\/redsemlac.com\/semmexico\/wp-json\/wp\/v2\/media?parent=23312"}],"wp:term":[{"taxonomy":"category","embeddable":true,"href":"https:\/\/redsemlac.com\/semmexico\/wp-json\/wp\/v2\/categories?post=23312"},{"taxonomy":"post_tag","embeddable":true,"href":"https:\/\/redsemlac.com\/semmexico\/wp-json\/wp\/v2\/tags?post=23312"}],"curies":[{"name":"wp","href":"https:\/\/api.w.org\/{rel}","templated":true}]}}