{"id":23305,"date":"2020-07-24T20:26:07","date_gmt":"2020-07-24T20:26:07","guid":{"rendered":"https:\/\/redsemlac.com\/semmexico\/?p=23305"},"modified":"2023-07-21T16:26:30","modified_gmt":"2023-07-21T21:26:30","slug":"el-senado-pide-mayor-presupuesto-para-combate-a-la-violencia-de-genero","status":"publish","type":"post","link":"https:\/\/redsemlac.com\/semmexico\/el-senado-pide-mayor-presupuesto-para-combate-a-la-violencia-de-genero\/","title":{"rendered":"El Senado pide mayor presupuesto para combate a la violencia de g\u00e9nero"},"content":{"rendered":"\n<ul class=\"wp-block-list\"><li><strong>Los recientes recortes hechos en la materia s\u00f3lo propician incertidumbre y falta de compromiso para proteger a las mujeres del pa\u00eds<\/strong>.\u00a0<\/li><\/ul>\n\n\n\n<p class=\"wp-block-paragraph\">Redacci\u00f3n <\/p>\n\n\n\n<p class=\"wp-block-paragraph\">SemM\u00e9xico. Cd. de M\u00e9xico. 24 de julio de 2020.- Ante la grave situaci\u00f3n que vive el pa\u00eds por la violencia de g\u00e9nero, la senadora Ver\u00f3nica Delgadillo Garc\u00eda hizo un llamado a la Secretar\u00eda de Hacienda y Cr\u00e9dito P\u00fablico para que\u00a0\u00a0incremente el presupuesto a instituciones y organismos encargados de implementar programas destinados a\u00a0combatir este problema en el pa\u00eds. \u00a0<\/p>\n\n\n\n<p class=\"wp-block-paragraph\">Mediante un punto de acuerdo, la legisladora de Movimiento Ciudadano tambi\u00e9n solicit\u00f3 a la Comisi\u00f3n Nacional para Prevenir y Erradicar la Violencia contra las Mujeres (Conavim) un informe respecto de los procesos y avances de la Alerta de Violencia de G\u00e9nero en Contra de las Mujeres.&nbsp;<\/p>\n\n\n\n<p class=\"wp-block-paragraph\">Al se\u00f1alar los recientes recortes presupuestales que el Gobierno realiz\u00f3 a instituciones y organismos encargados de combatir y erradicar la violencia de g\u00e9nero en contra de las mujeres, consider\u00f3 que estas \u00absolamente propician incertidumbre y falta de compromiso para atender y proteger los derechos humanos de las mujeres en el pa\u00eds\u201d.&nbsp;<\/p>\n\n\n\n<p class=\"wp-block-paragraph\">Advirti\u00f3 que dichas disminuciones se realizan en un momento en el que M\u00e9xico atraviesa por una doble crisis: por la pandemia generada por el Covid-19 y por la violencia de g\u00e9nero.&nbsp;<\/p>\n\n\n\n<p class=\"wp-block-paragraph\">Hizo ver&nbsp;&nbsp;que debido a la contingencia se increment\u00f3 la violencia contra las mujeres, adolescentes y ni\u00f1as, asesinatos, llamadas telef\u00f3nicas de auxilio, denuncias por violencia familiar y sobrecupo en algunos refugios para v\u00edctimas.&nbsp;<\/p>\n\n\n\n<p class=\"wp-block-paragraph\">Insisti\u00f3 en que la violencia de g\u00e9nero en M\u00e9xico se agrava de a acuerdo a la alta vulnerabilidad de las mujeres, ya que 27 millones se encuentran en situaci\u00f3n de pobreza; 32 millones tienen un ingreso inferior a la l\u00ednea de pobreza por ingresos, y nueve millones carecen de acceso a los servicios de salud.&nbsp;<\/p>\n\n\n\n<p class=\"wp-block-paragraph\">M\u00e9xico, apunt\u00f3, se encuentra inmerso en una violencia desmedida en contra de las mujeres, desde el acoso callejero, pasando por una constante desigualdad de g\u00e9nero, hasta los imparables casos de feminicidio.&nbsp;<\/p>\n\n\n\n<p class=\"wp-block-paragraph\">Nuestro pa\u00eds est\u00e1 dentro de las 25 naciones que tienen las tasas m\u00e1s altas de feminicidios en todo el mundo, donde 98 por ciento de los homicidios relacionados con el g\u00e9nero, no son procesados como tal, y muchas veces quedan en la impunidad, advirti\u00f3.&nbsp;<\/p>\n\n\n\n<p class=\"wp-block-paragraph\">Delgadillo Garc\u00eda se\u00f1al\u00f3 que por lo menos siete de cada 10 mujeres han llegado a sufrir alg\u00fan tipo de violencia, y de ellas el 43.9 por ciento, manifestaron que dicha agresi\u00f3n fue ocasionada por el esposo, pareja o novio.&nbsp;<\/p>\n\n\n\n<p class=\"wp-block-paragraph\">Tenemos el desaf\u00edo y compromiso de garantizar los derechos de las mujeres, de detener el incremento de la violencia y los feminicidios, as\u00ed como proporcionar mejores mecanismos de justicia, mejorar las condiciones de acceso a la salud y la calidad de vida de todas las ni\u00f1as, concluy\u00f3.&nbsp;<\/p>\n\n\n\n<p class=\"wp-block-paragraph\">El punto de acuerdo se turn\u00f3 a la Tercera Comisi\u00f3n de la Permanente del Congreso.&nbsp;<\/p>\n","protected":false},"excerpt":{"rendered":"<p>Los recientes recortes hechos en la materia s\u00f3lo propician incertidumbre y falta de compromiso para proteger a las mujeres del pa\u00eds. <\/p>\n","protected":false},"author":3,"featured_media":23306,"comment_status":"open","ping_status":"open","sticky":false,"template":"","format":"standard","meta":{"_monsterinsights_skip_tracking":false,"footnotes":""},"categories":[691,50],"tags":[],"class_list":["post-23305","post","type-post","status-publish","format-standard","has-post-thumbnail","category-691","category-congreso"],"_links":{"self":[{"href":"https:\/\/redsemlac.com\/semmexico\/wp-json\/wp\/v2\/posts\/23305","targetHints":{"allow":["GET"]}}],"collection":[{"href":"https:\/\/redsemlac.com\/semmexico\/wp-json\/wp\/v2\/posts"}],"about":[{"href":"https:\/\/redsemlac.com\/semmexico\/wp-json\/wp\/v2\/types\/post"}],"author":[{"embeddable":true,"href":"https:\/\/redsemlac.com\/semmexico\/wp-json\/wp\/v2\/users\/3"}],"replies":[{"embeddable":true,"href":"https:\/\/redsemlac.com\/semmexico\/wp-json\/wp\/v2\/comments?post=23305"}],"version-history":[{"count":0,"href":"https:\/\/redsemlac.com\/semmexico\/wp-json\/wp\/v2\/posts\/23305\/revisions"}],"wp:featuredmedia":[{"embeddable":true,"href":"https:\/\/redsemlac.com\/semmexico\/wp-json\/wp\/v2\/media\/23306"}],"wp:attachment":[{"href":"https:\/\/redsemlac.com\/semmexico\/wp-json\/wp\/v2\/media?parent=23305"}],"wp:term":[{"taxonomy":"category","embeddable":true,"href":"https:\/\/redsemlac.com\/semmexico\/wp-json\/wp\/v2\/categories?post=23305"},{"taxonomy":"post_tag","embeddable":true,"href":"https:\/\/redsemlac.com\/semmexico\/wp-json\/wp\/v2\/tags?post=23305"}],"curies":[{"name":"wp","href":"https:\/\/api.w.org\/{rel}","templated":true}]}}