{"id":23297,"date":"2020-07-24T16:09:17","date_gmt":"2020-07-24T16:09:17","guid":{"rendered":"https:\/\/redsemlac.com\/semmexico\/?p=23297"},"modified":"2023-07-21T16:26:31","modified_gmt":"2023-07-21T21:26:31","slug":"agenda-de-las-mujeres-sin-retrocesos-propone-micher-camarena","status":"publish","type":"post","link":"https:\/\/redsemlac.com\/semmexico\/agenda-de-las-mujeres-sin-retrocesos-propone-micher-camarena\/","title":{"rendered":"Agenda de las mujeres sin retrocesos, propone Micher Camarena"},"content":{"rendered":"\n<ul class=\"wp-block-list\"><li><strong>Trabajamos para que cambie la vida de todas en todos los \u00e1mbitos<\/strong><\/li><\/ul>\n\n\n\n<ul class=\"wp-block-list\"><li><strong> M\u00e9xico segundo pa\u00eds que logra la paridad en todo<\/strong><\/li><\/ul>\n\n\n\n<p class=\"wp-block-paragraph\"><strong>Lorena Vaniezcot<\/strong><\/p>\n\n\n\n<p class=\"wp-block-paragraph\">SemM\u00e9xico, Cd. de M\u00e9xico, 24 de julio, 2020.- La senadora Martha Luc\u00eda Micher Camarena dijo que las mujeres (legisladoras) deben representar una agenda feminista que no retroceda, sino que avance en la progresividad de derechos, para reclamar las injusticias y desigualdades en el acceso a estos, \u201ctrabajamos para que cambie la vida de todas en todos los \u00e1mbitos, pol\u00edtico social y cultural\u201d.<\/p>\n\n\n\n<p class=\"wp-block-paragraph\">Durante su participaci\u00f3n en el foro a distancia Acelerando la Realizaci\u00f3n de la Igualdad de G\u00e9nero y el Empoderamiento de las Mujeres y Ni\u00f1as en el marco del 25 aniversario de la Plataforma de Acci\u00f3n de Beijing, destac\u00f3 las reformas constitucionales para instituir la paridad en los tres niveles y \u00f3rdenes de gobierno y asegur\u00f3 que M\u00e9xico es el segundo pa\u00eds en el mundo que logra la paridad en todo.<\/p>\n\n\n\n<p class=\"wp-block-paragraph\">Tambi\u00e9n se refiri\u00f3 a la ratificaci\u00f3n del Convenio 189 de la Organizaci\u00f3n Internacional del Trabajo, para el reconocimiento del trabajo dom\u00e9stico; la incorporaci\u00f3n de la figura de agravio comparado a la Ley General de Acceso de las Mujeres a una Vida Libre de Violencia, para que un mismo delito se juzgue de manera diferente en cada entidad del pa\u00eds, y que se busca conformar un Sistema Nacional de Cuidados, que establezca la coparticipaci\u00f3n y distribuci\u00f3n de los trabajos al interior de los hogares.<\/p>\n\n\n\n<p class=\"wp-block-paragraph\">En la mesa de di\u00e1logo Lograr la igualdad de g\u00e9nero es responsabilidad de todas y todos, la presidenta de la Comisi\u00f3n para la Igualdad de G\u00e9nero reconoci\u00f3 que en el campo de los derechos de las mujeres, no hay avances sin contribuciones multinivel y urgi\u00f3 al compromiso con instituciones estrat\u00e9gicas fundamentales, para garantizar a las mujeres el derecho al trabajo.<\/p>\n\n\n\n<p class=\"wp-block-paragraph\">\u201cEl impacto desproporcionado y mortal del Covid-19 en la vida de las mujeres y las ni\u00f1as ha quedado patente en todos los pa\u00edses de mundo\u201d, dijo la Senadora morenista, quien agreg\u00f3 que se profundizaron las condiciones de pobreza en mujeres y ni\u00f1as ind\u00edgenas y afrodescendientes, y se arras\u00f3 con las redes sociales y familiares de apoyo con las v\u00edctimas de violencias, apunt\u00f3.<br><br>Dijo que la pandemia multiplic\u00f3 la jornada de las mujeres al interior de los hogares. Precis\u00f3 que no se puede plantear una vuelta a la normalidad, ya que se regresar\u00eda a un mundo de opresi\u00f3n, desigualdad y pobreza.<br><br>Es necesario establecer pactos pol\u00edticos, econ\u00f3micos y sociales, y legislar con perspectiva de g\u00e9nero, en base a esta nueva situaci\u00f3n que vive el pa\u00eds y el mundo, sostuvo.<br><br>Tambi\u00e9n asegur\u00f3 que la igualdad sustantiva no se puede alcanzar en lo individual, sino a trav\u00e9s del trabajo en conjunto para construir y compartir un mundo igualitario. \u201cCada quien que haga su tarea pues como dice el poeta, en esto no hay suplentes\u201d, subray\u00f3.<\/p>\n\n\n\n<p class=\"wp-block-paragraph\">Los j\u00f3venes, agreg\u00f3, son agentes indispensables en el cumplimiento de los compromisos y los hombres que deben entender que tambi\u00e9n ganan con la igualdad de las mujeres, \u201cporque ideolog\u00edas retr\u00f3gradas de derecha impulsan en todo el mundo la falsa idea de que los hombres s\u00f3lo perder\u00e1n con el avance de las mujeres\u201d.<br><br>Reconoci\u00f3 que se tienen alianzas para robustecer las autonom\u00edas: f\u00edsica, econ\u00f3mica y en la toma de decisiones de las mujeres, con lo que se logar\u00e1n las metas de la Agenda 2030, no obstante, en estos momentos de crisis, es necesario fortalecerlas, profundizarlas, y al mismo tiempo, exigir mayor compromiso de los aliados para cumplirlas.<br><br>En su participaci\u00f3n, Humberto Carolo, de la Alliance Men Engage, destac\u00f3 que el trabajo de los varones tiene que ser m\u00e1s responsable y enfocado en el g\u00e9nero, la etnia y la orientaci\u00f3n sexual, que luche contra la violencia de g\u00e9nero, ya que esta afecta desproporcionadamente a mujeres y ni\u00f1os.<br><br>Anthony Keedi, de ABAAD Resource Center for Gender Equality, MENA Region, se\u00f1al\u00f3 que en el tema de las masculinidades sanas es importante es tener en cuenta el contexto cultural, pues las ni\u00f1as y ni\u00f1os han crecido con la idea patriarcal. Al mismo tiempo, se\u00f1al\u00f3 que, hay un proceso de transformaci\u00f3n para hombres, mujeres y ni\u00f1os, para entiendan lo negativo que es todo esto contra ellos mismos.<\/p>\n\n\n\n<p class=\"wp-block-paragraph\">Adicionalmente, Stephan Loerke, representante de la Federaci\u00f3n Mundial de Publicidad y miembro fundador de la Alianza Sin Estereotipos, dijo que los profesionales de la publicidad y los medios de comunicaci\u00f3n tienen un papel fundamental para la percepci\u00f3n de los roles de la mujer en la sociedad, por ello, el contenido tambi\u00e9n debe impulsar una visi\u00f3n incluyente del hombre y de la diversidad social, no s\u00f3lo de g\u00e9nero.<\/p>\n\n\n\n<p class=\"wp-block-paragraph\"><br>A su vez, la coordinadora regional del Foro de Asia y el Pac\u00edfico de Mujeres con Derechos en Desarrollo, Misun Woo, sostuvo que los derechos humanos de g\u00e9nero de las mujeres deben tener una base s\u00f3lida e iniciativos claros, y que la participaci\u00f3n feminista es importante para lograr cambios dentro de las comunidades de Asia, principalmente China.<\/p>\n\n\n\n<p class=\"wp-block-paragraph\">SEM\/lv\/sj<\/p>\n","protected":false},"excerpt":{"rendered":"<p>Durante su participaci\u00f3n en el foro a distancia Acelerando la Realizaci\u00f3n de la Igualdad de G\u00e9nero y el Empoderamiento de las Mujeres y Ni\u00f1as en el marco del 25 aniversario de la Plataforma de Acci\u00f3n de Beijing, destac\u00f3 las reformas constitucionales para instituir la paridad en los tres niveles y \u00f3rdenes de gobierno<\/p>\n","protected":false},"author":3,"featured_media":11299,"comment_status":"open","ping_status":"open","sticky":false,"template":"","format":"standard","meta":{"_monsterinsights_skip_tracking":false,"footnotes":""},"categories":[691,50],"tags":[],"class_list":["post-23297","post","type-post","status-publish","format-standard","has-post-thumbnail","category-691","category-congreso"],"_links":{"self":[{"href":"https:\/\/redsemlac.com\/semmexico\/wp-json\/wp\/v2\/posts\/23297","targetHints":{"allow":["GET"]}}],"collection":[{"href":"https:\/\/redsemlac.com\/semmexico\/wp-json\/wp\/v2\/posts"}],"about":[{"href":"https:\/\/redsemlac.com\/semmexico\/wp-json\/wp\/v2\/types\/post"}],"author":[{"embeddable":true,"href":"https:\/\/redsemlac.com\/semmexico\/wp-json\/wp\/v2\/users\/3"}],"replies":[{"embeddable":true,"href":"https:\/\/redsemlac.com\/semmexico\/wp-json\/wp\/v2\/comments?post=23297"}],"version-history":[{"count":0,"href":"https:\/\/redsemlac.com\/semmexico\/wp-json\/wp\/v2\/posts\/23297\/revisions"}],"wp:featuredmedia":[{"embeddable":true,"href":"https:\/\/redsemlac.com\/semmexico\/wp-json\/wp\/v2\/media\/11299"}],"wp:attachment":[{"href":"https:\/\/redsemlac.com\/semmexico\/wp-json\/wp\/v2\/media?parent=23297"}],"wp:term":[{"taxonomy":"category","embeddable":true,"href":"https:\/\/redsemlac.com\/semmexico\/wp-json\/wp\/v2\/categories?post=23297"},{"taxonomy":"post_tag","embeddable":true,"href":"https:\/\/redsemlac.com\/semmexico\/wp-json\/wp\/v2\/tags?post=23297"}],"curies":[{"name":"wp","href":"https:\/\/api.w.org\/{rel}","templated":true}]}}