{"id":23289,"date":"2020-07-23T22:07:20","date_gmt":"2020-07-23T22:07:20","guid":{"rendered":"https:\/\/redsemlac.com\/semmexico\/?p=23289"},"modified":"2023-07-21T16:26:31","modified_gmt":"2023-07-21T21:26:31","slug":"las-mujeres-viven-una-pandemia-de-violencia-dentro-de-la-pandemia","status":"publish","type":"post","link":"https:\/\/redsemlac.com\/semmexico\/las-mujeres-viven-una-pandemia-de-violencia-dentro-de-la-pandemia\/","title":{"rendered":"Las mujeres viven una pandemia de violencia dentro de la pandemia"},"content":{"rendered":"\n<p class=\"wp-block-paragraph\">* 31 millones de casos m\u00e1s durante seis meses de confinamiento, dice ONU<\/p>\n\n\n\n<p class=\"wp-block-paragraph\">* Prev\u00e9n que pol\u00edticas de recuperaci\u00f3n deben abordar el impacto en las mujeres<\/p>\n\n\n\n<p class=\"wp-block-paragraph\">Redacci\u00f3n<\/p>\n\n\n\n<p class=\"wp-block-paragraph\">SemM\u00e9xico, Cd. de M\u00e9xico, 23 de julio, 2020.-&nbsp;El fondo de poblaci\u00f3n de la ONU estima que se producir\u00e1n 31 millones de casos m\u00e1s de violencia de g\u00e9nero durante seis meses de confinamiento, se\u00f1ala ese organismo internacional.<\/p>\n\n\n\n<p class=\"wp-block-paragraph\">Las mujeres y ni\u00f1as viven una pandemia de violencia dentro de la pandemia, han denunciado expertos en derechos humanos que han debatido en la ONU las medidas para protegerlas.<\/p>\n\n\n\n<p class=\"wp-block-paragraph\">Los&nbsp;confinamientos, el cierre de las escuelas y otras restricciones de movimiento&nbsp;han contribuido a un pronunciado aumento de la violencia de g\u00e9nero, aseguraron los especialistas ante el&nbsp;<a href=\"https:\/\/www.ohchr.org\/SP\/HRBodies\/HRC\/Pages\/Home.aspx\">Consejo de Derechos Humanos<\/a>.<\/p>\n\n\n\n<p class=\"wp-block-paragraph\">Los expertos dijeron que la respuesta y las pol\u00edticas de recuperaci\u00f3n despu\u00e9s de la pandemia&nbsp;\u201ctienen que abordar espec\u00edficamente el impacto en las mujeres\u201d,&nbsp;reconociendo el trabajo no remunerado en la casa y la brecha de salario con pol\u00edticas fiscales y sociales que eviten \u201cfeminizar todav\u00eda m\u00e1s la pobreza\u201d.<\/p>\n\n\n\n<p class=\"wp-block-paragraph\">SEM\/sj<\/p>\n","protected":false},"excerpt":{"rendered":"<p>* 31 millones de casos m\u00e1s durante seis meses de confinamiento, dice ONU * Prev\u00e9n que pol\u00edticas de recuperaci\u00f3n deben abordar el impacto en las mujeres Redacci\u00f3n SemM\u00e9xico, Cd. de M\u00e9xico, 23 de julio, 2020.-&nbsp;El fondo de poblaci\u00f3n de la ONU estima que se producir\u00e1n 31 millones de casos m\u00e1s de violencia de g\u00e9nero durante [&hellip;]<\/p>\n","protected":false},"author":3,"featured_media":23290,"comment_status":"open","ping_status":"open","sticky":false,"template":"","format":"standard","meta":{"_monsterinsights_skip_tracking":false,"footnotes":""},"categories":[691,135],"tags":[],"class_list":["post-23289","post","type-post","status-publish","format-standard","has-post-thumbnail","category-691","category-emergencia-sanitaria-covid-19"],"_links":{"self":[{"href":"https:\/\/redsemlac.com\/semmexico\/wp-json\/wp\/v2\/posts\/23289","targetHints":{"allow":["GET"]}}],"collection":[{"href":"https:\/\/redsemlac.com\/semmexico\/wp-json\/wp\/v2\/posts"}],"about":[{"href":"https:\/\/redsemlac.com\/semmexico\/wp-json\/wp\/v2\/types\/post"}],"author":[{"embeddable":true,"href":"https:\/\/redsemlac.com\/semmexico\/wp-json\/wp\/v2\/users\/3"}],"replies":[{"embeddable":true,"href":"https:\/\/redsemlac.com\/semmexico\/wp-json\/wp\/v2\/comments?post=23289"}],"version-history":[{"count":0,"href":"https:\/\/redsemlac.com\/semmexico\/wp-json\/wp\/v2\/posts\/23289\/revisions"}],"wp:featuredmedia":[{"embeddable":true,"href":"https:\/\/redsemlac.com\/semmexico\/wp-json\/wp\/v2\/media\/23290"}],"wp:attachment":[{"href":"https:\/\/redsemlac.com\/semmexico\/wp-json\/wp\/v2\/media?parent=23289"}],"wp:term":[{"taxonomy":"category","embeddable":true,"href":"https:\/\/redsemlac.com\/semmexico\/wp-json\/wp\/v2\/categories?post=23289"},{"taxonomy":"post_tag","embeddable":true,"href":"https:\/\/redsemlac.com\/semmexico\/wp-json\/wp\/v2\/tags?post=23289"}],"curies":[{"name":"wp","href":"https:\/\/api.w.org\/{rel}","templated":true}]}}