{"id":23282,"date":"2020-07-23T20:42:05","date_gmt":"2020-07-23T20:42:05","guid":{"rendered":"https:\/\/redsemlac.com\/semmexico\/?p=23282"},"modified":"2023-07-21T16:26:31","modified_gmt":"2023-07-21T21:26:31","slug":"la-declaracion-de-pekin-una-agenda-inacabada-o-contestada","status":"publish","type":"post","link":"https:\/\/redsemlac.com\/semmexico\/la-declaracion-de-pekin-una-agenda-inacabada-o-contestada\/","title":{"rendered":"La Declaraci\u00f3n de Pek\u00edn: \u00bfuna agenda inacabada o contestada?"},"content":{"rendered":"\n<p class=\"wp-block-paragraph\">*&nbsp;Un cuarto de siglo despu\u00e9s: pocos avances, algunos retrocesos y nuevos desaf\u00edos<\/p>\n\n\n\n<p class=\"wp-block-paragraph\">*&nbsp;Las mayores dificultades para lograr lo acordado en Pek\u00edn siguen siendo de \u00edndole pol\u00edtica y econ\u00f3mica&nbsp;<br><\/p>\n\n\n\n<p class=\"wp-block-paragraph\">Mar\u00eda Solanas<\/p>\n\n\n\n<p class=\"wp-block-paragraph\">SemM\u00e9xico\/AmecoPress\/esglobal Madrid,&nbsp;23 de julio de 2020.-&nbsp;<em>Hace m\u00e1s de dos d\u00e9cadas y media, 189 pa\u00edses se comprometieron con la que sigue siendo la&nbsp;<\/em><a href=\"https:\/\/prod.unwomen.org\/-\/media\/headquarters\/attachments\/sections\/csw\/bpa_s_final_web.pdf?la=es&amp;vs=755\"><em>hoja de ruta m\u00e1s ambiciosa<\/em><\/a><em>&nbsp;para alcanzar la igualdad plena y efectiva de las mujeres en todo el mundo. En aquel 1995, en Pek\u00edn, los Estados acordaron intensificar esfuerzos para lograr, antes del fin de siglo XX, el empoderamiento de las mujeres y las ni\u00f1as, garantizando sus derechos y libertades, su independencia econ\u00f3mica, la igualdad de acceso a puestos de poder, el derecho y el acceso universal a la salud sexual y reproductiva, o a la educaci\u00f3n en todos sus ciclos.<\/em><\/p>\n\n\n\n<p class=\"wp-block-paragraph\">A lo largo de estos 25 a\u00f1os ha habido avances, aunque no en todos los \u00e1mbitos. Y la covid19 puede ampliar las brechas preexistentes. Seg\u00fan datos de ONU Mujeres, hay m\u00e1s ni\u00f1as en la escuela que nunca (aunque 32 millones de ellas a\u00fan no reciben educaci\u00f3n primaria); menos mujeres mueren durante el parto (cifras que, no obstante, han vuelto a dispararse durante esta pandemia, como lo hicieron en las anteriores del \u00c9bola o el Zika); la proporci\u00f3n de f\u00e9minas en los Parlamentos se ha duplicado en todo el mundo (aunque sigue siendo solo del 25 % y en el&nbsp;<a href=\"https:\/\/www.esglobal.org\/no-son-las-mujeres-es-el-poder\/\">poder ejecutivo<\/a>&nbsp;es exigua); y, durante la \u00faltima d\u00e9cada, 131 pa\u00edses han aprobado leyes en favor de la igualdad de las mujeres.<\/p>\n\n\n\n<p class=\"wp-block-paragraph\">Como advierte el&nbsp;<a href=\"https:\/\/undocs.org\/es\/E\/CN.6\/2020\/3\">Informe de balance de la Plataforma y Plan de Acci\u00f3n de Pek\u00edn del Secretario General de Naciones Unidas<\/a>&nbsp;del pasado mes de marzo, el progreso hacia la igualdad de g\u00e9nero es lento, sigue retras\u00e1ndose, no es sostenido, y no solo se ciernen amenazas sobre algunos de los avances que tanto ha costado alcanzar, sino que est\u00e1n revirti\u00e9ndose logros que se hab\u00edan conquistado con enorme esfuerzo. A este contexto hay que sumar, como se\u00f1ala el informe, la desigualdad generalizada, la emergencia clim\u00e1tica, los conflictos y el auge alarmante de las pol\u00edticas excluyentes, que amenazan el progreso futuro hacia la igualdad de g\u00e9nero. Tambi\u00e9n hay que sumar los efectos desproporcionados de la covid19 en las mujeres y las ni\u00f1as, y las consecuencias que tendr\u00e1 no abordar&nbsp;<a href=\"http:\/\/www.realinstitutoelcano.org\/wps\/portal\/rielcano_es\/contenido?WCM_GLOBAL_CONTEXT=\/elcano\/elcano_es\/zonas_es\/ari33-2020-solanas-crisis-del-covid-19-y-sus-impactos-en-igualdad-de-genero\">esta pandemia con perspectiva de g\u00e9nero<\/a>.<\/p>\n\n\n\n<p class=\"wp-block-paragraph\">Las mayores dificultades para lograr lo acordado en Pek\u00edn siguen siendo de \u00edndole pol\u00edtica y econ\u00f3mica. La falta de medidas eficaces para aumentar la representaci\u00f3n de las mujeres en los cargos de poder es a\u00fan un gran obst\u00e1culo. Como se\u00f1ala la directora de ONU Mujeres, \u201cno se puede llamar igualdad a apenas una cuarta parte de los puestos de toma de decisiones\u201d: los hombres son el 75 % de los parlamentarios, ocupan el 73 % de los puestos directivos y suman el 70 % de los negociadores clim\u00e1ticos y la pr\u00e1ctica totalidad de los encargados de establecer la paz.<\/p>\n\n\n\n<p class=\"wp-block-paragraph\">Tambi\u00e9n estamos muy lejos de alcanzar los objetivos en el \u00e1mbito econ\u00f3mico: globalmente, el progreso en el acceso de las mujeres al trabajo remunerado se ha detenido en los \u00faltimos 20 a\u00f1os. Solo el 62 % de ellas forman parte de la poblaci\u00f3n activa, frente al 93 % de los hombres. Las mujeres contin\u00faan asumiendo la mayor parte del trabajo de cuidados y dom\u00e9stico no remunerado, y en promedio, se les paga el 23 % menos que a ellos, una disparidad que alcanza el 35 % en algunos pa\u00edses.<\/p>\n\n\n\n<p class=\"wp-block-paragraph\">Las cifras de la violencia machista (agravada durante la pandemia) siguen siendo abrumadoras, y a\u00fan afectan al 33 % de las mujeres en todo el mundo.<\/p>\n\n\n\n<figure class=\"wp-block-image size-large\"><img loading=\"lazy\" decoding=\"async\" width=\"184\" height=\"263\" src=\"https:\/\/redsemlac.com\/semmexico\/wp-content\/uploads\/2020\/07\/plataforma-3f6c0.jpg\" alt=\"\" class=\"wp-image-23284\"\/><\/figure>\n\n\n\n<p class=\"wp-block-paragraph\"><br>Cabr\u00eda pensar que, en este contexto, la Uni\u00f3n Europea es una isla igualitaria que avanza a mayor velocidad. Seg\u00fan el Informe global de brecha de g\u00e9nero 2020 del&nbsp;<a href=\"https:\/\/www.weforum.org\/reports\/gender-gap-2020-report-100-years-pay-equality\">Foro Mundial de Davos<\/a>, Europa occidental es la regi\u00f3n de menor brecha, manteni\u00e9ndose en esta posici\u00f3n durante los 14 a\u00f1os que se viene elaborando el informe.<\/p>\n\n\n\n<p class=\"wp-block-paragraph\">No obstante, 25 a\u00f1os despu\u00e9s de Pek\u00edn, ning\u00fan Estado del mundo ha conseguido la igualdad, ni siquiera los m\u00e1s avanzados: Islandia ha cerrado el 87,7 % de la brecha de g\u00e9nero; Noruega el 84,2 %; Finlandia el 83,2 % y Suecia el 82 %. Espa\u00f1a, que ha reducido en un 80% su brecha de g\u00e9nero, asciende en el ranking situ\u00e1ndose entre los 10 primeros puestos, fundamentalmente por el importante avance en la dimensi\u00f3n de representaci\u00f3n pol\u00edtica. Con todo, se\u00f1ala Davos, al ritmo actual y si no se toman medidas adicionales, los pa\u00edses europeos tardar\u00edan una media de 54 a\u00f1os en cerrar la brecha.<\/p>\n\n\n\n<p class=\"wp-block-paragraph\">En la UE, el balance de Pek\u00edn no es halag\u00fce\u00f1o. Un<a href=\"https:\/\/eige.europa.eu\/publications\/beijing-25-fifth-review-implementation-beijing-platform-action-eu-member-states\">informe reciente del Instituto Europeo de Igualdad de G\u00e9nero<\/a>&nbsp;(EIGE) que monitoriza el cumplimiento del Plan de Acci\u00f3n de Pek\u00edn revela que muchos de los desaf\u00edos identificados en 1995 siguen siendo muy relevantes: la brecha salarial, la distribuci\u00f3n desigual del trabajo de cuidados no remunerado, o la violencia de g\u00e9nero, entre otros. En territorio europeo conviven, junto con los escasos avances, retrocesos y nuevos desaf\u00edos que han emergido m\u00e1s recientemente, como los derivados de la digitalizaci\u00f3n, los flujos migratorios o una creciente reacci\u00f3n en contra de la igualdad de g\u00e9nero. Hay progresos indiscutibles (aunque ning\u00fan pa\u00eds de la UE ha alcanzado los objetivos), pero en la regi\u00f3n m\u00e1s igualitaria del planeta, tambi\u00e9n hay retrocesos y reacciones a los avances logrados.<\/p>\n\n\n\n<p class=\"wp-block-paragraph\">Los obst\u00e1culos tienen muchas similitudes con los de hace 25 a\u00f1os: muchas de las desigualdades econ\u00f3micas tienen su origen en la distribuci\u00f3n desigual de las responsabilidades de cuidado, crianza y otros tipos de trabajo no remunerado. Esta carga desproporcionada de trabajo de cuidados que asumen las mujeres (que dedican, de media, 13 horas m\u00e1s a la semana que los hombres) impacta directamente en su participaci\u00f3n en el mercado de trabajo. La brecha salarial persiste, y en la UE alcanza una media del 16 %. Ellas ocupan los trabajos de menores salarios, el trabajo a tiempo parcial, y son quienes abandonan su carrera profesional para cuidar de menores y personas dependientes. La brecha en las pensiones alcanza el 37%, lo que incrementa el riesgo de que muchas europeas sufran pobreza. A futuro y si no se act\u00faa para cambiar la tendencia, las mujeres podr\u00edan ser, tambi\u00e9n, las grandes perdedoras de las oportunidades laborales que ofrece la digitalizaci\u00f3n. Est\u00e1n infrarrepresentadas en los puestos de decisi\u00f3n de las empresas y en las profesiones ligadas a las tecnolog\u00edas de la informaci\u00f3n y la comunicaci\u00f3n, una tendencia de car\u00e1cter global.<\/p>\n\n\n\n<p class=\"wp-block-paragraph\">Persisten en el conjunto de los pa\u00edses que integran la Uni\u00f3n estereotipos de g\u00e9nero y discriminaciones pol\u00edticas, econ\u00f3micas y sociales. En los \u00faltimos tiempos, ha emergido con virulencia una reacci\u00f3n \u201canti-g\u00e9nero\u201d que puede tener impacto negativo en el medio plazo si no se aceleran y se consolidan medidas concretas para avanzar en la igualdad efectiva. Como se\u00f1ala el informe del EIGE, estos grupos pol\u00edticos y sociales impugnan el concepto de \u201cg\u00e9nero\u201d para negar ciertos derechos a las mujeres y las personas LGTBQI, en particular el derecho a la salud sexual y reproductiva, que consideran \u201cideol\u00f3gico\u201d y contrario a la concepci\u00f3n tradicional de la familia, apelando a la recuperaci\u00f3n de los roles de g\u00e9nero tradicionales (que relegan a las mujeres al \u00e1mbito dom\u00e9stico y subrayan su papel subordinado) y a combatir lo que denominan \u201cideolog\u00eda de g\u00e9nero\u201d .&nbsp;<\/p>\n\n\n\n<p class=\"wp-block-paragraph\">Su car\u00e1cter iliberal (en Hungr\u00eda, Polonia o Rumania, entre otros) tiene en la igualdad de g\u00e9nero uno de sus ejes ideol\u00f3gicos e identitarios. Como se\u00f1ala el informe del Instituto Europeo de Igualdad de G\u00e9nero, en algunos Estados miembros la situaci\u00f3n ha empeorado respecto a la incorporaci\u00f3n de la perspectiva de g\u00e9nero, o el acceso a los servicios de salud sexual y reproductiva, claves para construir una Europa m\u00e1s social y para lograr buena parte de los ODS relacionados no solo con la igualdad sino tambi\u00e9n con la pobreza, la salud, la educaci\u00f3n, la acci\u00f3n clim\u00e1tica, o el trabajo decente, por citar algunos.<\/p>\n\n\n\n<p class=\"wp-block-paragraph\">El cambio social hacia sociedades inclusivas es posible, como han demostrado medidas encaminadas a hacer efectivos los derechos de las mujeres: la ampliaci\u00f3n de los servicios p\u00fablicos (incluyendo el acceso a la salud sexual y reproductiva, o servicios de cuidado infantil), la lucha contra la violencia de g\u00e9nero, o el impulso a la presencia de m\u00e1s mujeres en la esfera pol\u00edtica a trav\u00e9s de leyes y medidas como las cuotas electorales. En la UE, m\u00e1s de la mitad de los Estados miembros han introducido cambios para el cuidado de la infancia y medidas para facilitar la conciliaci\u00f3n de la vida personal y profesional de hombres y mujeres.<\/p>\n\n\n\n<p class=\"wp-block-paragraph\">Como objetivo y valor fundamental de la UE, sus instituciones, en particular la Comisi\u00f3n y el Parlamento, deber\u00e1n redoblar esfuerzos para avanzar en el camino marcado en Pek\u00edn. Para ello, necesitar\u00e1n el apoyo de algunos de los Estados miembros m\u00e1s comprometidos con la agenda de la igualdad como Espa\u00f1a, Finlandia, Suecia o Pa\u00edses Bajos. En un contexto de erosi\u00f3n de algunos derechos y libertades de las mujeres (a instancias, entre otros, de pa\u00edses como EE UU y Rusia, pero tambi\u00e9n de Estados europeos como Hungr\u00eda o Polonia) y de un claro intento de ruptura de los consensos b\u00e1sicos en la comunidad internacional acordados hace 25 a\u00f1os, se seguir\u00e1 requiriendo de la UE un permanente esfuerzo para promover (y defender) la igualdad entre hombres y mujeres.<\/p>\n\n\n\n<p class=\"wp-block-paragraph\">La crisis y la enorme incertidumbre global causada por la pandemia puede tambi\u00e9n contribuir al debilitamiento de la causa de la igualdad, no solo en las respuestas nacionales, sino tambi\u00e9n en los espacios multilaterales. Cierto que la movilizaci\u00f3n social en favor de los derechos y libertades de las mujeres en cada vez un mayor n\u00famero de pa\u00edses del mundo demuestra que no se renunciar\u00e1 a lograr los objetivos . Pero no es menos cierto que, hoy, existe un riesgo mayor de que algunos de los compromisos acordados en Pek\u00edn acaben siendo excluidos de los marcos mundiales y los compromisos internacionales.<\/p>\n\n\n\n<p class=\"wp-block-paragraph\">El balance de Pek\u00edn bien puede condensarse en pocas palabras: pocos avances, algunos retrocesos y nuevos desaf\u00edos. No estamos solo ante una agenda inacabada, o como defini\u00f3 el Secretario General de las Naciones Unidas, Antonio Guterres, de la \u201cgran tarea inacabada de nuestro tiempo que es lograr la igualdad de g\u00e9nero\u201d. Asistimos, un cuarto de siglo despu\u00e9s, a un cuestionamiento de derechos y libertades que hab\u00edamos dado como consolidados, a una agenda contestada, tambi\u00e9n en el interior de la UE.<\/p>\n\n\n\n<p class=\"wp-block-paragraph\">Este 2020 aspiraba a ser un a\u00f1o para tomar nuevo impulso y relanzar el compromiso con la igualdad. La covid19 podr\u00eda no solo arrinconar la agenda (imprescindible para lograr el resto de los Objetivos de la Agenda 2030), sino agravar las brechas de desigualdad preexistentes si las respuestas, una vez m\u00e1s, son ciegas al g\u00e9nero. Es el momento de que los pa\u00edses m\u00e1s comprometidos, junto con instituciones como la UE, asuman un liderazgo m\u00e1s firme y robusto y acompa\u00f1en a Naciones Unidas para que este a\u00f1o no sea una ocasi\u00f3n perdida, sino el momento en el que, como sucedi\u00f3 en Pek\u00edn hace 25 a\u00f1os, gobiernos, sociedad civil y organizaciones multilaterales comprometan acciones inaplazables para acabar, y hacerlo con urgencia y determinaci\u00f3n, la gran tarea pendiente de nuestro tiempo.<\/p>\n\n\n\n<p class=\"wp-block-paragraph\">SEM-AmecoPress<\/p>\n","protected":false},"excerpt":{"rendered":"<p>*&nbsp;Un cuarto de siglo despu\u00e9s: pocos avances, algunos retrocesos y nuevos desaf\u00edos *&nbsp;Las mayores dificultades para lograr lo acordado en Pek\u00edn siguen siendo de \u00edndole pol\u00edtica y econ\u00f3mica&nbsp; Mar\u00eda Solanas SemM\u00e9xico\/AmecoPress\/esglobal Madrid,&nbsp;23 de julio de 2020.-&nbsp;Hace m\u00e1s de dos d\u00e9cadas y media, 189 pa\u00edses se comprometieron con la que sigue siendo la&nbsp;hoja de ruta m\u00e1s [&hellip;]<\/p>\n","protected":false},"author":3,"featured_media":23283,"comment_status":"open","ping_status":"open","sticky":false,"template":"","format":"standard","meta":{"_monsterinsights_skip_tracking":false,"footnotes":""},"categories":[691,53],"tags":[],"class_list":["post-23282","post","type-post","status-publish","format-standard","has-post-thumbnail","category-691","category-internacional"],"_links":{"self":[{"href":"https:\/\/redsemlac.com\/semmexico\/wp-json\/wp\/v2\/posts\/23282","targetHints":{"allow":["GET"]}}],"collection":[{"href":"https:\/\/redsemlac.com\/semmexico\/wp-json\/wp\/v2\/posts"}],"about":[{"href":"https:\/\/redsemlac.com\/semmexico\/wp-json\/wp\/v2\/types\/post"}],"author":[{"embeddable":true,"href":"https:\/\/redsemlac.com\/semmexico\/wp-json\/wp\/v2\/users\/3"}],"replies":[{"embeddable":true,"href":"https:\/\/redsemlac.com\/semmexico\/wp-json\/wp\/v2\/comments?post=23282"}],"version-history":[{"count":0,"href":"https:\/\/redsemlac.com\/semmexico\/wp-json\/wp\/v2\/posts\/23282\/revisions"}],"wp:featuredmedia":[{"embeddable":true,"href":"https:\/\/redsemlac.com\/semmexico\/wp-json\/wp\/v2\/media\/23283"}],"wp:attachment":[{"href":"https:\/\/redsemlac.com\/semmexico\/wp-json\/wp\/v2\/media?parent=23282"}],"wp:term":[{"taxonomy":"category","embeddable":true,"href":"https:\/\/redsemlac.com\/semmexico\/wp-json\/wp\/v2\/categories?post=23282"},{"taxonomy":"post_tag","embeddable":true,"href":"https:\/\/redsemlac.com\/semmexico\/wp-json\/wp\/v2\/tags?post=23282"}],"curies":[{"name":"wp","href":"https:\/\/api.w.org\/{rel}","templated":true}]}}