{"id":23279,"date":"2020-07-23T20:38:16","date_gmt":"2020-07-23T20:38:16","guid":{"rendered":"https:\/\/redsemlac.com\/semmexico\/?p=23279"},"modified":"2023-07-21T16:26:31","modified_gmt":"2023-07-21T21:26:31","slug":"de-lo-que-no-se-habla-abusos-a-mujeres-con-discapacidad","status":"publish","type":"post","link":"https:\/\/redsemlac.com\/semmexico\/de-lo-que-no-se-habla-abusos-a-mujeres-con-discapacidad\/","title":{"rendered":"De lo que no se habla: abusos a mujeres con discapacidad"},"content":{"rendered":"\n<p class=\"wp-block-paragraph\">*&nbsp;CERMI Mujeres denuncia el \u201cocultamiento\u201d que sufren las mujeres con discapacidad en situaciones como la prostituci\u00f3n, los abusos, la vida en prisi\u00f3n o el VIH<\/p>\n\n\n\n<p class=\"wp-block-paragraph\">*&nbsp;Fundaci\u00f3n apela e impulsar el asociacionismo de las mujeres con discapacidad<\/p>\n\n\n\n<p class=\"wp-block-paragraph\"><br>Redacci\u00f3n&nbsp;<\/p>\n\n\n\n<p class=\"wp-block-paragraph\">SemM\u00e9xico\/AmecoPress, Madrid,&nbsp;23 de julio de 2020.- L<em>a Fundaci\u00f3n CERMI Mujeres (FCM) denunci\u00f3 el \u201cocultamiento\u201d que sufren las mujeres con discapacidad en situaciones como los abusos, la prostituci\u00f3n, la vida en prisi\u00f3n, el VIH o en el ejercicio del derecho a la maternidad.<\/em><\/p>\n\n\n\n<p class=\"wp-block-paragraph\"><em>As\u00ed lo puso de relieve la vicepresidenta ejecutiva de la FCM, Ana Pel\u00e1ez Narv\u00e1ez, durante el 13\u00ba webinario del ciclo \u2018No est\u00e1s sola\u2019, una iniciativa con la que la FCM analiza cada mi\u00e9rcoles de manera telem\u00e1tica un asunto concreto y con la que impulsa el acompa\u00f1amiento y participaci\u00f3n de las mujeres con discapacidad y las madres y cuidadoras durante los meses de pandemia de COVID-19.<\/em><\/p>\n\n\n\n<p class=\"wp-block-paragraph\">En el webinario, titulado \u2018De lo que no se habla\u2019, se abord\u00f3 la problem\u00e1tica de los abusos contra ni\u00f1as con discapacidad, con la intervenci\u00f3n de \u00c1ngeles Sep\u00falveda, m\u00e9dica forense especialista en violencia de g\u00e9nero y fundadora de la Asociaci\u00f3n de Asistencia a V\u00edctimas, quien denunci\u00f3 la \u201cinvisibilizaci\u00f3n\u201d que sufren estas v\u00edctimas, pese a la mayor exposici\u00f3n. Asimismo, critic\u00f3 la \u201cminusvaloraci\u00f3n\u201d que se hace de las ni\u00f1as con discapacidad, pues se les da menor credibilidad.<\/p>\n\n\n\n<p class=\"wp-block-paragraph\">\u201cPara acabar con esta lacra, lo primero es romper el silencio\u201d y \u201cpotenciar recursos sin barreras y un lenguaje y medios adaptados como militantes de los derechos humanos\u201d, agreg\u00f3 esta experta, quien apostill\u00f3 que, \u201cmientras existan los abusos, no lograremos la igualdad plena ni una sociedad respetuosa con los derechos humanos\u201d.<\/p>\n\n\n\n<p class=\"wp-block-paragraph\">Por otro lado, la problem\u00e1tica de la explotaci\u00f3n sexual fue analizada por Beatriz Sagrado, consultora de g\u00e9nero, salud y violencia, quien denunci\u00f3 que \u201cla industria del sexo sigue ligada al ocio por ese derecho asumido por algunos hombres de poseer el cuerpo de la mujer\u201d.<\/p>\n\n\n\n<p class=\"wp-block-paragraph\">Deplor\u00f3 que \u201cen la mercantilizaci\u00f3n del cuerpo de la mujer\u201d se va dando cada vez una \u201cdemanda de mayor variedad, buscando lo ex\u00f3tico\u201d y, es ah\u00ed donde en su opini\u00f3n entra en juego la discapacidad, porque adem\u00e1s \u201crefuerza el deseo de posesi\u00f3n de los puteros\u201d. Adem\u00e1s, alert\u00f3 de los efectos en la salud f\u00edsica y sobre todo ps\u00edquica el hecho de estar prostituidas.<\/p>\n\n\n\n<p class=\"wp-block-paragraph\">En esta l\u00ednea, se pudieron escuchar desde Latinoam\u00e9rica testimonios de mujeres con discapacidad supervivientes a la prostituci\u00f3n. Dos de ellas confesaron las dificultades a las que se enfrenta para salir de la prostituci\u00f3n. Desde Venezuela, una mujer coment\u00f3 que necesita dar de comer a su hija de nueve a\u00f1os y que, ante la falta de recursos, el \u00fanico medio al que se puede agarrar para salir de la prostituci\u00f3n es la mendicidad.<\/p>\n\n\n\n<p class=\"wp-block-paragraph\">Pero como ejemplo de que hay salida, Mar\u00eda, colombiana, relat\u00f3 como perdi\u00f3 un brazo en el ejercicio de la prostituci\u00f3n y, posteriormente, pudo rehabilitarse y \u201csalir de ese infierno en el que perd\u00eda la vida y la juventud\u201d.<\/p>\n\n\n\n<p class=\"wp-block-paragraph\"><strong>Vida en prisi\u00f3n<\/strong><\/p>\n\n\n\n<p class=\"wp-block-paragraph\">Mientras, Ana Bel\u00e9n Sevillano, responsable del Programa de Atenci\u00f3n Integral e Inclusi\u00f3n Social de Plena Inclusi\u00f3n Castilla y Le\u00f3n, abord\u00f3 la situaci\u00f3n de las mujeres con discapacidad en los centros penitenciarios, quien explic\u00f3 que la mayor\u00eda de personas con discapacidad intelectual que est\u00e1n en prisi\u00f3n es por delitos materiales. Adem\u00e1s, advirti\u00f3 de que casi la mitad de las personas con discapacidad con las que trabajan no tienen reconocido oficialmente el grado de discapacidad, lo que dificulta que en el proceso judicial se pueda tener en cuenta esta situaci\u00f3n y que en la c\u00e1rcel puedan acudir a recursos de apoyo especializados.<\/p>\n\n\n\n<p class=\"wp-block-paragraph\">Esta experta estuvo acompa\u00f1ada por Belinda Ponce, una mujer con discapacidad que ha estado en prisi\u00f3n en dos ocasiones. Calific\u00f3 la vida en la c\u00e1rcel como \u201cmuy dura\u201d y coment\u00f3 que desde Plena Inclusi\u00f3n se le ayud\u00f3 a que se tuviera en cuenta su discapacidad en su d\u00eda a d\u00eda. Denunci\u00f3 que, al salir de prisi\u00f3n, no hab\u00eda recursos de atenci\u00f3n espec\u00edficos para mujeres con discapacidad, pero s\u00ed para hombres.<\/p>\n\n\n\n<p class=\"wp-block-paragraph\"><br>Concluy\u00f3 su testimonio celebrando que ahora tiene trabajo, \u201caunque tengo que tener mucho cuidado con la pandemia\u201d.<\/p>\n\n\n\n<p class=\"wp-block-paragraph\">Desde Latinoam\u00e9rica, intervino tambi\u00e9n una mujer con discapacidad superviviente al VIH. Un c\u00e1ncer le ocasion\u00f3 una discapacidad sobrevenida, y posteriormente fue diagnosticada de VIH. Fruto de esta situaci\u00f3n, lament\u00f3 que sinti\u00f3 \u201cdiscriminaci\u00f3n y rechazo en su centro de trabajo. \u201cVivimos en una sociedad con una importante marginaci\u00f3n, pero de esta situaci\u00f3n no se habla, y la pandemia ha generado todav\u00eda muchas m\u00e1s<\/p>\n\n\n\n<p class=\"wp-block-paragraph\">dificultades, porque no hay suficientes retrovirales\u201d, comparti\u00f3 esta mujer, quien envi\u00f3 un mensaje de optimismo se\u00f1alando que \u201cen la vida hay que luchar y todo es posible\u201d. En este punto, CERMI Mujeres llam\u00f3 a implementar programas que trabajen de manera conjunta la discapacidad y el VIH.<\/p>\n\n\n\n<p class=\"wp-block-paragraph\"><strong>Mujeres vulneradas, pero no vulnerables<\/strong><\/p>\n\n\n\n<p class=\"wp-block-paragraph\">Carmen Riu, presidenta de la Asociaci\u00f3n Donas No Est\u00e1ndar, imparti\u00f3 la ponencia \u2018C\u00f3mo nos definimos y c\u00f3mo nos entendemos las mujeres con discapacidad\u2019. En ella, pidi\u00f3 \u201cno hablar de mujeres vulnerables, sino vulneradas, porque como personas, nuestros derechos humanos no son vulnerables, sino que son vulnerados\u201d. Adem\u00e1s, llam\u00f3 a \u201cno desfallecer en la lucha por la igualdad de derechos desde la sororidad\u201d, que a su juicio, \u201ces la \u00fanica forma de construir un nuevo mundo\u201d que no est\u00e9 basado en la rivalidad y la separaci\u00f3n entre hombres y mujeres, o personas con o sin discapacidad.<\/p>\n\n\n\n<p class=\"wp-block-paragraph\">Por su parte, Sandra Darce, presidenta de FEMUCADI, organizaci\u00f3n de mujeres con discapacidad de Nicaragua, relat\u00f3 las \u201cgraves carencias\u201d a las que se est\u00e1n enfrentando las mujeres con discapacidad en su pa\u00eds, sobre todo en el medio rural, sin acceso muchas veces a bienes b\u00e1sicos como el agua potable, lo que aumenta su situaci\u00f3n de vulnerabilidad. En este punto, resalt\u00f3 la importancia de las organizaciones de mujeres con discapacidad para luchar contra esta situaci\u00f3n, argumento que fue reforzado por la vicepresidenta ejecutiva de CERMI Mujeres, Ana Pel\u00e1ez, quien inst\u00f3 a reforzar el asociacionismo de las mujeres con discapacidad y alab\u00f3 el trabajo de las entidades de este \u00e1mbito en Latinoam\u00e9rica.<\/p>\n\n\n\n<p class=\"wp-block-paragraph\">Por \u00faltimo, en el encuentro se ahond\u00f3 en el derecho a la maternidad de las mujeres con discapacidad con el testimonio de Raquel, quien agradeci\u00f3 el apoyo de su madre para poder salir adelante sola con su hijo. Por su parte, Manuela, una mujer de 52 a\u00f1os ciega, comparti\u00f3 emocionada que uno de sus dos hijos falleci\u00f3 repentinamente \u201cy se me par\u00f3 la vida\u201d. Posteriormente, sufri\u00f3 un accidente y ella misma perdi\u00f3 un brazo, teniendo que dejar su empleo como fisioterapeuta. Pese a su dura trayectoria, finaliz\u00f3 su discurso exclamando que \u201cno quiero dar pena. Siempre he luchado mucho y ahora voy a seguir haci\u00e9ndolo\u201d.<\/p>\n\n\n\n<p class=\"wp-block-paragraph\">SEM-AmecoPress<\/p>\n","protected":false},"excerpt":{"rendered":"<p>*&nbsp;CERMI Mujeres denuncia el \u201cocultamiento\u201d que sufren las mujeres con discapacidad en situaciones como la prostituci\u00f3n, los abusos, la vida en prisi\u00f3n o el VIH *&nbsp;Fundaci\u00f3n apela e impulsar el asociacionismo de las mujeres con discapacidad Redacci\u00f3n&nbsp; SemM\u00e9xico\/AmecoPress, Madrid,&nbsp;23 de julio de 2020.- La Fundaci\u00f3n CERMI Mujeres (FCM) denunci\u00f3 el \u201cocultamiento\u201d que sufren las mujeres [&hellip;]<\/p>\n","protected":false},"author":3,"featured_media":23280,"comment_status":"open","ping_status":"open","sticky":false,"template":"","format":"standard","meta":{"_monsterinsights_skip_tracking":false,"footnotes":""},"categories":[691,53],"tags":[],"class_list":["post-23279","post","type-post","status-publish","format-standard","has-post-thumbnail","category-691","category-internacional"],"_links":{"self":[{"href":"https:\/\/redsemlac.com\/semmexico\/wp-json\/wp\/v2\/posts\/23279","targetHints":{"allow":["GET"]}}],"collection":[{"href":"https:\/\/redsemlac.com\/semmexico\/wp-json\/wp\/v2\/posts"}],"about":[{"href":"https:\/\/redsemlac.com\/semmexico\/wp-json\/wp\/v2\/types\/post"}],"author":[{"embeddable":true,"href":"https:\/\/redsemlac.com\/semmexico\/wp-json\/wp\/v2\/users\/3"}],"replies":[{"embeddable":true,"href":"https:\/\/redsemlac.com\/semmexico\/wp-json\/wp\/v2\/comments?post=23279"}],"version-history":[{"count":0,"href":"https:\/\/redsemlac.com\/semmexico\/wp-json\/wp\/v2\/posts\/23279\/revisions"}],"wp:featuredmedia":[{"embeddable":true,"href":"https:\/\/redsemlac.com\/semmexico\/wp-json\/wp\/v2\/media\/23280"}],"wp:attachment":[{"href":"https:\/\/redsemlac.com\/semmexico\/wp-json\/wp\/v2\/media?parent=23279"}],"wp:term":[{"taxonomy":"category","embeddable":true,"href":"https:\/\/redsemlac.com\/semmexico\/wp-json\/wp\/v2\/categories?post=23279"},{"taxonomy":"post_tag","embeddable":true,"href":"https:\/\/redsemlac.com\/semmexico\/wp-json\/wp\/v2\/tags?post=23279"}],"curies":[{"name":"wp","href":"https:\/\/api.w.org\/{rel}","templated":true}]}}