{"id":23276,"date":"2020-07-23T20:35:56","date_gmt":"2020-07-23T20:35:56","guid":{"rendered":"https:\/\/redsemlac.com\/semmexico\/?p=23276"},"modified":"2023-07-21T16:26:31","modified_gmt":"2023-07-21T21:26:31","slug":"preocupa-desaparicion-de-infantes-en-chiapas-exigen-acciones-de-busqueda","status":"publish","type":"post","link":"https:\/\/redsemlac.com\/semmexico\/preocupa-desaparicion-de-infantes-en-chiapas-exigen-acciones-de-busqueda\/","title":{"rendered":"Preocupa desaparici\u00f3n de infantes en Chiapas, exigen acciones de b\u00fasqueda"},"content":{"rendered":"\n<p class=\"wp-block-paragraph\">* Cada tres d\u00edas desaparecen dos menores en esa entidad<\/p>\n\n\n\n<p class=\"wp-block-paragraph\">* Exigen a la Fiscal\u00eda investigaciones profundas y a los medios no revictimizar<\/p>\n\n\n\n<p class=\"wp-block-paragraph\">Candelaria Rodr\u00edguez<\/p>\n\n\n\n<p class=\"wp-block-paragraph\">SemM\u00e9xico, San Crist\u00f3bal de Las Casas, Chis., 23 de julio, 2020.- En Chiapas cada tres d\u00edas desaparecen dos ni\u00f1as, ni\u00f1os o adolescentes, se\u00f1alan organizaciones sociales que urgieron al gobierno de esta entidad implementar acciones de b\u00fasqueda en todos los casos, ante la posibilidad de explotaci\u00f3n laboral o sexual.<\/p>\n\n\n\n<p class=\"wp-block-paragraph\">Melel Xojobal A.C. y Red por los Derechos de la Infancia y Adolescencia en Chiapas (REDIAS) se\u00f1alan que en M\u00e9xico desaparecen cada d\u00eda 7 ni\u00f1as, ni\u00f1os y adolescentes, en tanto que en esta entidad cada 3 d\u00edas desaparecen 2 infantes o adolescentes.<\/p>\n\n\n\n<p class=\"wp-block-paragraph\">La demanda de las organizaciones surgi\u00f3 luego de que la Fiscal\u00eda General del Estado inform\u00f3 que por el operativo de b\u00fasqueda del ni\u00f1o Dylan Esa\u00fa G.P., en San Crist\u00f3bal de Las Casas se desmantel\u00f3 una red de trata que operaba en la ciudad, logrando el rescate de 23 ni\u00f1as, ni\u00f1os y adolescentes, entre ellos tres lactantes de 3 meses, 12 meses, 20 meses de edad, y los dem\u00e1s de entre 2 y 15 a\u00f1os de edad.<\/p>\n\n\n\n<p class=\"wp-block-paragraph\">La Fiscal\u00eda chiapaneca indica que de enero a lo que va de julio de este a\u00f1o, 160 ni\u00f1as, ni\u00f1os y adolescentes han desaparecido en la entidad y solo 27 han sido localizados; el 21 % son de origen ind\u00edgena y el 88 % son ni\u00f1as y adolescentes mujeres; el 10 % de los casos han sucedido en San Crist\u00f3bal de Las Casas, la cifra de menores desaparecidos casi se ha duplicado con respecto a 2019, cuando se tuvo un registro de 183.<\/p>\n\n\n\n<p class=\"wp-block-paragraph\">Las organizaciones refieren que existen graves vac\u00edos y omisiones hist\u00f3ricas del gobierno de Chiapas para avanzar en la garant\u00eda de los Derechos de la Ni\u00f1ez, por ejemplo se\u00f1alan que el Programa Estatal de Protecci\u00f3n de Ni\u00f1as, Ni\u00f1os y Adolescentes (PROESPINNA) no ha sido aprobado por el Sistema Estatal de Protecci\u00f3n de Ni\u00f1as, Ni\u00f1os y Adolescentes (SIPINNA), ni cuenta con presupuesto para operar.&nbsp;&nbsp;<\/p>\n\n\n\n<p class=\"wp-block-paragraph\">Ello pese a que Chiapas es el estado con mayor poblaci\u00f3n infantil del pa\u00eds, 4 de cada 10 personas tienen menos de 18 a\u00f1os, 30 % es de origen ind\u00edgena, el 85 % vive en pobreza y estiman que este porcentaje podr\u00eda incrementarse al 93 % por los efectos de la pandemia, situaci\u00f3n que ponen en condici\u00f3n de vulnerabilidad a este grupo etario.<\/p>\n\n\n\n<p class=\"wp-block-paragraph\">Melel Xojobal y REDIAS reconocen la actuaci\u00f3n de las diferentes fiscal\u00edas y el trabajo coordinado de la Procuradur\u00eda de Protecci\u00f3n de Ni\u00f1as, Ni\u00f1os, Adolescentes para resguardar la integridad de las ni\u00f1as, ni\u00f1os y adolescentes rescatados.&nbsp;&nbsp;<\/p>\n\n\n\n<p class=\"wp-block-paragraph\">Sin embargo, agregan, ante la grave situaci\u00f3n de desaparici\u00f3n preocupan las conclusiones anticipadas sobre el caso de la red de trata de infantes desmantelada en d\u00edas pasados, el se\u00f1alamiento de las tres mujeres como \u00fanicas responsables, as\u00ed como la falta de informaci\u00f3n sobre la existencia de reportes de desaparici\u00f3n o secuestro de alguno de los 23 ni\u00f1as, ni\u00f1os y adolescentes encontrados.<\/p>\n\n\n\n<p class=\"wp-block-paragraph\">As\u00ed como la posible relaci\u00f3n de parentesco con las mujeres detenidas, la probable participaci\u00f3n de m\u00e1s personas, las comunidades de origen de las ni\u00f1as y ni\u00f1os, la forma en que llegaron ah\u00ed, por citar algunos vac\u00edos.&nbsp;&nbsp;<\/p>\n\n\n\n<p class=\"wp-block-paragraph\">Por tanto, aseguran las organizaciones en un comunicado, \u201cnos parece que el anuncio hecho por la Fiscal\u00eda de una presunta red de trata es imprecisa y se requiere mayor informaci\u00f3n para confirmar que efectivamente se cuentan con todos los elementos para configurar el delito de trata de personas\u201d.<\/p>\n\n\n\n<p class=\"wp-block-paragraph\">Ambas organizaciones indican que la difusi\u00f3n medi\u00e1tica en el caso de Dylan Esa\u00fa, a\u00fan no localizado y la estigmatizaci\u00f3n y criminalizaci\u00f3n a las ni\u00f1as, ni\u00f1os y adolescentes trabajadores y sus familias por poner en riesgo a sus hijas e hijos mientras trabajan.&nbsp;<\/p>\n\n\n\n<p class=\"wp-block-paragraph\">Por ello llaman a realizar una investigaci\u00f3n profunda e imparcial, en coordinaci\u00f3n el Sistema Nacional de B\u00fasqueda y fijan la responsabilidad del Estado de proteger los derechos de la ni\u00f1ez y la urgencia de fortalecer el funcionamiento de SIPINNA, en el estado y municipios, as\u00ed como el trabajo de las Procuradur\u00edas de Protecci\u00f3n a la Infancia.<\/p>\n\n\n\n<p class=\"wp-block-paragraph\">Al gobernador Rutilio Escand\u00f3n Cadena, como presidente del SIPINNA estatal, le piden integrar los derechos de la ni\u00f1ez como agenda prioritaria de su gobierno, impulsando pol\u00edticas p\u00fablicas y presupuesto para su garant\u00eda y acciones espec\u00edficas para prevenir, atender, sancionar y erradicar todas las formas de violencia contra la ni\u00f1ez.<\/p>\n\n\n\n<p class=\"wp-block-paragraph\">Melel Xojobal y REDIAS exigen a los medios de comunicaci\u00f3n, las autoridades de todos los niveles y a la sociedad en general que respeten y promuevan el inter\u00e9s superior de la ni\u00f1ez evitando la revictimizaci\u00f3n de las ni\u00f1as, ni\u00f1os y adolescentes resguardados y la estigmatizaci\u00f3n de las infancias que trabajan o acompa\u00f1an a sus familias en el trabajo.&nbsp;&nbsp;SEM\/cr\/sj<\/p>\n","protected":false},"excerpt":{"rendered":"<p>* Cada tres d\u00edas desaparecen dos menores en esa entidad * Exigen a la Fiscal\u00eda investigaciones profundas y a los medios no revictimizar Candelaria Rodr\u00edguez SemM\u00e9xico, San Crist\u00f3bal de Las Casas, Chis., 23 de julio, 2020.- En Chiapas cada tres d\u00edas desaparecen dos ni\u00f1as, ni\u00f1os o adolescentes, se\u00f1alan organizaciones sociales que urgieron al gobierno de [&hellip;]<\/p>\n","protected":false},"author":3,"featured_media":23277,"comment_status":"open","ping_status":"open","sticky":false,"template":"","format":"standard","meta":{"_monsterinsights_skip_tracking":false,"footnotes":""},"categories":[691,54],"tags":[],"class_list":["post-23276","post","type-post","status-publish","format-standard","has-post-thumbnail","category-691","category-mujeres"],"_links":{"self":[{"href":"https:\/\/redsemlac.com\/semmexico\/wp-json\/wp\/v2\/posts\/23276","targetHints":{"allow":["GET"]}}],"collection":[{"href":"https:\/\/redsemlac.com\/semmexico\/wp-json\/wp\/v2\/posts"}],"about":[{"href":"https:\/\/redsemlac.com\/semmexico\/wp-json\/wp\/v2\/types\/post"}],"author":[{"embeddable":true,"href":"https:\/\/redsemlac.com\/semmexico\/wp-json\/wp\/v2\/users\/3"}],"replies":[{"embeddable":true,"href":"https:\/\/redsemlac.com\/semmexico\/wp-json\/wp\/v2\/comments?post=23276"}],"version-history":[{"count":0,"href":"https:\/\/redsemlac.com\/semmexico\/wp-json\/wp\/v2\/posts\/23276\/revisions"}],"wp:featuredmedia":[{"embeddable":true,"href":"https:\/\/redsemlac.com\/semmexico\/wp-json\/wp\/v2\/media\/23277"}],"wp:attachment":[{"href":"https:\/\/redsemlac.com\/semmexico\/wp-json\/wp\/v2\/media?parent=23276"}],"wp:term":[{"taxonomy":"category","embeddable":true,"href":"https:\/\/redsemlac.com\/semmexico\/wp-json\/wp\/v2\/categories?post=23276"},{"taxonomy":"post_tag","embeddable":true,"href":"https:\/\/redsemlac.com\/semmexico\/wp-json\/wp\/v2\/tags?post=23276"}],"curies":[{"name":"wp","href":"https:\/\/api.w.org\/{rel}","templated":true}]}}