{"id":23264,"date":"2020-07-23T00:55:57","date_gmt":"2020-07-23T00:55:57","guid":{"rendered":"https:\/\/redsemlac.com\/semmexico\/?p=23264"},"modified":"2023-07-21T16:26:32","modified_gmt":"2023-07-21T21:26:32","slug":"piden-a-congreso-de-jalisco-informe-de-iniciativas-sobre-desaparicion-de-personas","status":"publish","type":"post","link":"https:\/\/redsemlac.com\/semmexico\/piden-a-congreso-de-jalisco-informe-de-iniciativas-sobre-desaparicion-de-personas\/","title":{"rendered":"Piden a Congreso de Jalisco informe de iniciativas sobre desaparici\u00f3n de personas"},"content":{"rendered":"\n<ul class=\"wp-block-list\"><li><strong>Se discuten tres iniciativas de ley: Personas Desaparecidas, de Declaraci\u00f3n Especial de Ausencia por Desaparici\u00f3n y Ley de V\u00edctimas<\/strong><\/li><\/ul>\n\n\n\n<ul class=\"wp-block-list\"><li><strong> Piden la identificaci\u00f3n de las observaciones hechas por diversos colectivos<\/strong><\/li><\/ul>\n\n\n\n<p class=\"wp-block-paragraph\"><strong>Redacci\u00f3n<\/strong><\/p>\n\n\n\n<p class=\"wp-block-paragraph\">SemM\u00e9xico, Guadalajara, Jal., 22 de julio, 2020.- Una reuni\u00f3n de car\u00e1cter urgente con el Pleno de la Comisi\u00f3n Legislativa de Derechos Humanos, para que nos informe sobre la hoja de ruta que ha previsto el Congreso local para la revisi\u00f3n, discusi\u00f3n, dictaminaci\u00f3n y posterior votaci\u00f3n de las tres propuestas legislativas a la Ley de Personas Desaparecidas del Estado de Jalisco, Ley de Declaraci\u00f3n Especial de Ausencia por Desaparici\u00f3n de Personas del Estado de Jalisco y Ley de V\u00edctimas del Estado de Jalisco, solicitaron hoy diversos colectivos.<\/p>\n\n\n\n<p class=\"wp-block-paragraph\">En una carta, las organizaciones defensoras y defensores de derechos humanos pidieron que esa comisi\u00f3n comparta el avance en la incorporaci\u00f3n de las observaciones que varias de las firmantes hemos hecho a dos de las tres iniciativas, y a las recabadas durante las mesas de trabajo sostenidas en el mes de enero de 2020.<\/p>\n\n\n\n<p class=\"wp-block-paragraph\">Por ello, solicitan al presidente de la Comisi\u00f3n de Derechos Humanos y Pueblos Originarios del Congreso de Jalisco, diputado Jorge Eduardo Gonz\u00e1lez Arana, como responsable de la dictaminaci\u00f3n de las tres iniciativas, que atienda las obligaciones del Poder Legislativo y los acuerdos celebrados en enero de este a\u00f1o en el marco de las \u201cmesas de trabajo para dictaminar las propuestas de leyes de Personas desaparecidas del Estado de Jalisco, de Atenci\u00f3n a V\u00edctimas y de Declaraci\u00f3n Especial de Ausencia por Desaparici\u00f3n de Personas\u201d y sea desde esta Comisi\u00f3n que seamos convocadas para la discusi\u00f3n de las mismas.<\/p>\n\n\n\n<p class=\"wp-block-paragraph\">La identificaci\u00f3n de los documentos sobre los cuales se realizaron las observaciones de las diversas organizaciones locales e internacionales y colectivos. Conocer las adiciones que se han hecho a las iniciativas presentadas por el Gobernador a partir de las observaciones realizadas por distintos actores, sobre los cuales se discutir\u00e1n las leyes y los criterios de incorporaci\u00f3n de las observaciones.<\/p>\n\n\n\n<p class=\"wp-block-paragraph\">Por tanto, para que el proceso sea adecuado y eficiente, ser\u00e1 fundamental contar con los documentos ya mencionados para poderlos revisar previo a las mesas t\u00e9cnicas de trabajo, cuando menos 15 d\u00edas antes de su discusi\u00f3n. De igual manera, es importante identificar las partes que no fueron incorporadas, o sobre las cuales existe controversia o diferentes puntos de vista, para concentrarnos en la identificaci\u00f3n de propuestas que puedan resolver esos puntos concretos.<\/p>\n\n\n\n<p class=\"wp-block-paragraph\">La metodolog\u00eda deber\u00eda identificar claramente el orden de revisi\u00f3n de los documentos (priorizaci\u00f3n), la forma en que se incorporar\u00e1n las observaciones discutidas en las mesas t\u00e9cnicas correspondientes, la persona o personas que dar\u00e1n seguimiento y elaborar\u00e1n el dictamen final que ser\u00e1 votado por las y los integrantes del pleno y dar\u00e1 a conocer a las y los actores que participaron de su discusi\u00f3n. Finalmente, que el documento que sea trabajado y acordado por las organizaciones y el Congreso, no sufra cambios en la votaci\u00f3n del pleno.<\/p>\n\n\n\n<p class=\"wp-block-paragraph\">Es importante saber qui\u00e9nes participar\u00e1n en los procesos de revisi\u00f3n en las mesas t\u00e9cnicas ya acordadas y, reiteramos la importancia de la participaci\u00f3n de las familiares de personas desaparecidas, v\u00edctimas de otras violaciones a los derechos humanos y los delitos, personas expertas, organismos internacionales, as\u00ed como las autoridades que ser\u00e1n responsables de la implementaci\u00f3n o cumplimiento de las leyes.<\/p>\n\n\n\n<p class=\"wp-block-paragraph\">Con el fin de usar eficientemente el tiempo, ser\u00e1 relevante consensuar con las familias un calendario en el que se identifiquen los d\u00edas y horarios de revisi\u00f3n. Previa entrega de los documentos a discutir.<\/p>\n\n\n\n<p class=\"wp-block-paragraph\">Solicitan que los trabajos realizados conjuntamente entre las diferentes autoridades sean llevados bajo condiciones adecuadas, por ejemplo, sin fotograf\u00edas y\/o publicidad de las mismas. Esperando poder construir una relaci\u00f3n de confianza y basada en el di\u00e1logo honesto y respeto a los acuerdos.<\/p>\n\n\n\n<p class=\"wp-block-paragraph\">Que se realice la convocatoria para el establecimiento de las mesas t\u00e9cnicas, por parte de la Comisi\u00f3n de Derechos Humanos.<\/p>\n\n\n\n<p class=\"wp-block-paragraph\">Dada la contingencia, pedimos que la participaci\u00f3n pueda hacerse de manera remota, con horarios razonables en tanto esta forma de participaci\u00f3n puede ser m\u00e1s complicada, promoviendo los mecanismos y alternativas m\u00e1s adecuadas que garanticen la participaci\u00f3n m\u00e1s amplia.<\/p>\n\n\n\n<p class=\"wp-block-paragraph\">Se\u00f1alan las colectivas firmantes: Colectivo Por Amor a Ellxs, Colectivo Entre Cielo y Tierra<\/p>\n\n\n\n<p class=\"wp-block-paragraph\">Centro de Justicia para la Paz y el Desarrollo, A.C (CEPAD), Centro Universitario por la Dignidad y la Justicia Francisco Su\u00e1rez, S.J., Comit\u00e9 de Am\u00e9rica Latina y el Caribe en Defensa de los Derechos de las Mujeres (CLADEM) y el Observatorio Legislativo ITESO.<\/p>\n","protected":false},"excerpt":{"rendered":"<p>Piden la identificaci\u00f3n de las observaciones hechas por diversos colectivos<\/p>\n","protected":false},"author":3,"featured_media":23265,"comment_status":"open","ping_status":"open","sticky":false,"template":"","format":"standard","meta":{"_monsterinsights_skip_tracking":false,"footnotes":""},"categories":[691,54],"tags":[],"class_list":["post-23264","post","type-post","status-publish","format-standard","has-post-thumbnail","category-691","category-mujeres"],"_links":{"self":[{"href":"https:\/\/redsemlac.com\/semmexico\/wp-json\/wp\/v2\/posts\/23264","targetHints":{"allow":["GET"]}}],"collection":[{"href":"https:\/\/redsemlac.com\/semmexico\/wp-json\/wp\/v2\/posts"}],"about":[{"href":"https:\/\/redsemlac.com\/semmexico\/wp-json\/wp\/v2\/types\/post"}],"author":[{"embeddable":true,"href":"https:\/\/redsemlac.com\/semmexico\/wp-json\/wp\/v2\/users\/3"}],"replies":[{"embeddable":true,"href":"https:\/\/redsemlac.com\/semmexico\/wp-json\/wp\/v2\/comments?post=23264"}],"version-history":[{"count":0,"href":"https:\/\/redsemlac.com\/semmexico\/wp-json\/wp\/v2\/posts\/23264\/revisions"}],"wp:featuredmedia":[{"embeddable":true,"href":"https:\/\/redsemlac.com\/semmexico\/wp-json\/wp\/v2\/media\/23265"}],"wp:attachment":[{"href":"https:\/\/redsemlac.com\/semmexico\/wp-json\/wp\/v2\/media?parent=23264"}],"wp:term":[{"taxonomy":"category","embeddable":true,"href":"https:\/\/redsemlac.com\/semmexico\/wp-json\/wp\/v2\/categories?post=23264"},{"taxonomy":"post_tag","embeddable":true,"href":"https:\/\/redsemlac.com\/semmexico\/wp-json\/wp\/v2\/tags?post=23264"}],"curies":[{"name":"wp","href":"https:\/\/api.w.org\/{rel}","templated":true}]}}