{"id":23261,"date":"2020-07-22T23:35:22","date_gmt":"2020-07-22T23:35:22","guid":{"rendered":"https:\/\/redsemlac.com\/semmexico\/?p=23261"},"modified":"2023-07-21T16:26:32","modified_gmt":"2023-07-21T21:26:32","slug":"en-vulnerabilidad-las-trabajadoras-del-hogar-desempleo-y-covid-19-entre-las-causas","status":"publish","type":"post","link":"https:\/\/redsemlac.com\/semmexico\/en-vulnerabilidad-las-trabajadoras-del-hogar-desempleo-y-covid-19-entre-las-causas\/","title":{"rendered":"En vulnerabilidad las Trabajadoras del Hogar; desempleo y COVID-19 entre las causas"},"content":{"rendered":"\n<ul class=\"wp-block-list\"><li><strong>Denuncian que alrededor de 250 mujeres que integran la Red, ninguna ha sido dada de alta en el Instituto Mexicano del Seguro Social (IMSS) hasta el momento.<\/strong><\/li><li><strong> \u201cTrabajamos en una situaci\u00f3n de vulnerabilidad, porque no tenemos las condiciones laborales\u201d, dicen.<\/strong><\/li><\/ul>\n\n\n\n<p class=\"wp-block-paragraph\"><strong>Josefina Aguilar Pastor\u00a0<\/strong><\/p>\n\n\n\n<p class=\"wp-block-paragraph\">SemM\u00e9xico.Chilpancingo, Gro, 22 de julio del 2020.- Entre el desempleo, la falta de apoyo, de seguridad social y la COVID-19, se mantienen las trabajadoras del hogar en el Estado de Guerrero.&nbsp;<\/p>\n\n\n\n<p class=\"wp-block-paragraph\">En&nbsp;&nbsp;el marco del D\u00eda Internacional del Empleo Dom\u00e9stico, Petra Hermillo Mart\u00ednez, integrante de la Red de&nbsp;&nbsp;Mujeres Trabajadoras del Hogar en Guerrero, dio a conocer que contin\u00faan en la lucha de sus derechos como el reconocimiento real del trabajo dom\u00e9stico remunerado, la seguridad social, entre otros.<\/p>\n\n\n\n<p class=\"wp-block-paragraph\">El trabajo dom\u00e9stico, se encuentra reconocido en el tratado internacional, ratificado por el gobierno mexicano 189, en la ley Federal del Trabajo, cap\u00edtulo 3 en el que habla de trabajo dom\u00e9stico, y en cuanto a derechos, en la Ley del Seguro Social que se\u00f1ala que las trabajadoras del hogar pueden ser dadas de alta, y que es una lucha que la Red en Guerrero, hab\u00eda venido dando&nbsp;&nbsp;desde hace mucho tiempo, apunt\u00f3 Hermillo Martinez.<\/p>\n\n\n\n<p class=\"wp-block-paragraph\">A pesar de ello, de las alrededor de 250 mujeres que integran la Red, ninguna ha sido dada de alta en el Instituto Mexicano del Seguro Social (IMSS) hasta el momento \u201ctrabajamos en una situaci\u00f3n de vulnerabilidad, porque no tenemos las condiciones laborales\u201d, denunci\u00f3.<\/p>\n\n\n\n<p class=\"wp-block-paragraph\">Con la pandemia por COVID-19, la situaci\u00f3n&nbsp;&nbsp;las trabajadoras del hogar se ha complicado a\u00fan m\u00e1s, de las 250 agremiadas, de las 80 de la zona centro, unas cuantas, han sido llamadas a reiniciar labores, la mayor\u00eda contin\u00faa en desempleo, alrededor del 40&nbsp;&nbsp;por ciento, \u201clos empleadores comentan que no hay posibilidades, debido a que a ellos mismos en sus respectivos trabajo, no han sido llamados&nbsp;&nbsp;a reiniciar\u201d.<\/p>\n\n\n\n<p class=\"wp-block-paragraph\">A esto, se suman los contagios por COVID-19, tan solo en la zona centro, fueron reportadas 4 trabajadoras dom\u00e9sticas contagiadas, el n\u00famero podr\u00eda ser mayor, la Red, se encuentra en este momento, realizando un monitoreo, un estudio de la situaci\u00f3n del resto de las integrantes, para establecer un panorama m\u00e1s preciso, coment\u00f3 Petra Hermillo.<\/p>\n\n\n\n<p class=\"wp-block-paragraph\">Al continuar el receso laboral decretado por las autoridades sanitarias estatales y federales, agrava la situaci\u00f3n de desempleo de las trabajadoras del hogar, \u201cest\u00e1 muy complicado,&nbsp;&nbsp;porque no hay todav\u00eda, porque los empleadores \u2013alrededor de 30-, ninguno ha llamado, solo tres han pedido que contin\u00faen las compa\u00f1eras\u201d.<\/p>\n\n\n\n<p class=\"wp-block-paragraph\">Durante el punto \u00e1lgido de la pandemia, la Red de&nbsp;&nbsp;Mujeres Trabajadoras del Hogar, a apoyo a alrededor de 180 de sus agremiadas con ayuda alimentaria donada por una fundaci\u00f3n. No ha recibido ning\u00fan tipo de ayuda por parte de ninguna instancia gubernamental, la Secretar\u00eda de la Mujer, les debe a\u00fan un curso de capacitaci\u00f3n para el autoempleo, del que hasta la fecha no saben si se realizar\u00e1.&nbsp;<\/p>\n\n\n\n<p class=\"wp-block-paragraph\">\u201cEn la situaci\u00f3n laboral, no estamos bien, hay problema de desempleo, desabasto alimenticio, sin servicio a la salud que tanto se requiere, en el caso de las que pagan renta se complicada su situaci\u00f3n, no es nada favorable para las trabajadoras del hogar, es complicado, dif\u00edcil y desesperante\u201d, expuso Petra Hermillo.<\/p>\n\n\n\n<p class=\"wp-block-paragraph\">Claman por un trabajo de lavado o planchado de ropa, por lo menos.<\/p>\n","protected":false},"excerpt":{"rendered":"<p> \u201cTrabajamos en una situaci\u00f3n de vulnerabilidad, porque no tenemos las condiciones laborales\u201d, dicen.<\/p>\n","protected":false},"author":3,"featured_media":23262,"comment_status":"open","ping_status":"open","sticky":false,"template":"","format":"standard","meta":{"_monsterinsights_skip_tracking":false,"footnotes":""},"categories":[691,54],"tags":[],"class_list":["post-23261","post","type-post","status-publish","format-standard","has-post-thumbnail","category-691","category-mujeres"],"_links":{"self":[{"href":"https:\/\/redsemlac.com\/semmexico\/wp-json\/wp\/v2\/posts\/23261","targetHints":{"allow":["GET"]}}],"collection":[{"href":"https:\/\/redsemlac.com\/semmexico\/wp-json\/wp\/v2\/posts"}],"about":[{"href":"https:\/\/redsemlac.com\/semmexico\/wp-json\/wp\/v2\/types\/post"}],"author":[{"embeddable":true,"href":"https:\/\/redsemlac.com\/semmexico\/wp-json\/wp\/v2\/users\/3"}],"replies":[{"embeddable":true,"href":"https:\/\/redsemlac.com\/semmexico\/wp-json\/wp\/v2\/comments?post=23261"}],"version-history":[{"count":0,"href":"https:\/\/redsemlac.com\/semmexico\/wp-json\/wp\/v2\/posts\/23261\/revisions"}],"wp:featuredmedia":[{"embeddable":true,"href":"https:\/\/redsemlac.com\/semmexico\/wp-json\/wp\/v2\/media\/23262"}],"wp:attachment":[{"href":"https:\/\/redsemlac.com\/semmexico\/wp-json\/wp\/v2\/media?parent=23261"}],"wp:term":[{"taxonomy":"category","embeddable":true,"href":"https:\/\/redsemlac.com\/semmexico\/wp-json\/wp\/v2\/categories?post=23261"},{"taxonomy":"post_tag","embeddable":true,"href":"https:\/\/redsemlac.com\/semmexico\/wp-json\/wp\/v2\/tags?post=23261"}],"curies":[{"name":"wp","href":"https:\/\/api.w.org\/{rel}","templated":true}]}}