{"id":23256,"date":"2020-07-22T23:22:13","date_gmt":"2020-07-22T23:22:13","guid":{"rendered":"https:\/\/redsemlac.com\/semmexico\/?p=23256"},"modified":"2023-07-21T16:26:32","modified_gmt":"2023-07-21T21:26:32","slug":"documentaran-crimenes-de-odio-contra-la-poblacion-muxhe","status":"publish","type":"post","link":"https:\/\/redsemlac.com\/semmexico\/documentaran-crimenes-de-odio-contra-la-poblacion-muxhe\/","title":{"rendered":"Documentar\u00e1n cr\u00edmenes de odio contra la poblaci\u00f3n muxhe"},"content":{"rendered":"\n<ul class=\"wp-block-list\"><li><strong>En la regi\u00f3n del Istmo de Tehuantepec con apoyo de Mexfam y Arcus Fundation<\/strong><\/li><\/ul>\n\n\n\n<ul class=\"wp-block-list\"><li><strong>Pocos resultados de la Fiscal\u00eda General para que la justicia sea una realidad, denuncian<\/strong><\/li><\/ul>\n\n\n\n<p class=\"wp-block-paragraph\"><strong>Soledad Jarqu\u00edn Edgar<\/strong><\/p>\n\n\n\n<p class=\"wp-block-paragraph\">SemM\u00e9xico, Oaxaca, 22 de julio, 2020.- TRANSform\u00e1ndome, inclusi\u00f3n social y derechos humanos de la poblaci\u00f3n muxhe trans anunci\u00f3 hoy que llevar\u00e1n a cabo la documentaci\u00f3n de cr\u00edmenes de odio contra la poblaci\u00f3n muxhes en la regi\u00f3n del istmo de Tehuantepec y denunciaron la falta de pol\u00edticas p\u00fablicas de prevenci\u00f3n, los nulos avances en las investigaciones y la inexistencia de protocolos de actuaci\u00f3n.<\/p>\n\n\n\n<p class=\"wp-block-paragraph\">En conferencia de prensa a la que se unieron activistas muxhes de distintos municipios de esa regi\u00f3n, Amaranta G\u00f3mez Regalado, coordinadora general del proyecto, indic\u00f3 que \u00e9ste se realiza de manera conjunta con Mexfam y Arcus Fundation, organismo que recientemente don\u00f3 equipos de c\u00f3mputo para cada una de las 10 l\u00edderes del proyecto.<\/p>\n\n\n\n<p class=\"wp-block-paragraph\">G\u00f3mez Regalado dijo que, en los \u00faltimos 17 a\u00f1os, al menos 15 muxhes han sido asesinados en la zona, se trata de un delito que no est\u00e1 tipificado como tal y que deber\u00eda estar considerando las particularidades que lo preceden.&nbsp;<\/p>\n\n\n\n<p class=\"wp-block-paragraph\">La reconocida activista por los derechos humanos de la poblaci\u00f3n muxhe se\u00f1al\u00f3 que la Fiscal\u00eda de Oaxaca carece de estrategias para atender estos cr\u00edmenes e incluso no cuenta con un protocolo, esto pese a que la Procuradur\u00eda Federal de la Rep\u00fablica, actual Fiscal\u00eda General de la Rep\u00fablica, ya hab\u00eda instrumentado esos mecanismos.<\/p>\n\n\n\n<figure class=\"wp-block-gallery columns-1 is-cropped wp-block-gallery-1 is-layout-flex wp-block-gallery-is-layout-flex\"><ul class=\"blocks-gallery-grid\"><li class=\"blocks-gallery-item\"><figure><img decoding=\"async\" src=\"https:\/\/redsemlac.com\/semmexico\/wp-content\/uploads\/2020\/07\/WhatsApp-Image-2020-07-22-at-12.38.40-PM-1024x768.jpeg\" alt=\"\" data-id=\"23259\" data-full-url=\"https:\/\/redsemlac.com\/semmexico\/wp-content\/uploads\/2020\/07\/WhatsApp-Image-2020-07-22-at-12.38.40-PM.jpeg\" data-link=\"https:\/\/redsemlac.com\/semmexico\/?attachment_id=23259\" class=\"wp-image-23259\"\/><\/figure><\/li><li class=\"blocks-gallery-item\"><figure><img decoding=\"async\" src=\"https:\/\/redsemlac.com\/semmexico\/wp-content\/uploads\/2020\/07\/WhatsApp-Image-2020-07-22-at-12.38.35-PM-1024x768.jpeg\" alt=\"\" data-id=\"23257\" data-full-url=\"https:\/\/redsemlac.com\/semmexico\/wp-content\/uploads\/2020\/07\/WhatsApp-Image-2020-07-22-at-12.38.35-PM.jpeg\" data-link=\"https:\/\/redsemlac.com\/semmexico\/?attachment_id=23257\" class=\"wp-image-23257\"\/><\/figure><\/li><\/ul><\/figure>\n\n\n\n<p class=\"wp-block-paragraph\">De esta forma, afirm\u00f3 que ni los casos m\u00e1s emblem\u00e1ticos, como el de Oscar Cazorla, ocurrido en febrero de 2019, ha sido aclarado por las autoridades, por lo que consider\u00f3 que la elaboraci\u00f3n de un \u201cformato de datos\u201d podr\u00eda ayudar a visibilizar esta problem\u00e1tica, agudizada por la violencia generalizada.<\/p>\n\n\n\n<p class=\"wp-block-paragraph\">Adem\u00e1s apunt\u00f3 que en tiempos de la pandemia por la COVID 19 la discriminaci\u00f3n, exclusi\u00f3n y actos de violencia contra la poblaci\u00f3n muxhe no cesan, en ese sentido Josel\u00edn Sosa, una de las activistas, refiri\u00f3 que las autoridades municipales y los polic\u00edas los han perseguido hist\u00f3ricamente.<\/p>\n\n\n\n<p class=\"wp-block-paragraph\">El proyecto, que es la continuaci\u00f3n de un largo proceso de trabajo encabezado por lideresas de la comunidad muxhe y que alcanza a unas 120 personas, ha pasado de la capacitaci\u00f3n en materia de salud y sexualidad, derechos humanos y no discriminaci\u00f3n y ahora en la tarea de visibilizar la violencia transfeminicida, as\u00ed como la documentaci\u00f3n de casos y la capacitaci\u00f3n y sensibilizaci\u00f3n a periodistas.<\/p>\n\n\n\n<p class=\"wp-block-paragraph\">En la conferencia de prensa virtual estuvieron presentes tambi\u00e9n Adri\u00e1n Coman desde la oficina neoyorkina de Arcus Fundation, as\u00ed como la directora general de Mexfam M\u00e9xico, Victoria Fuentes, entre otras personas.<\/p>\n","protected":false},"excerpt":{"rendered":"<p>En la regi\u00f3n del Istmo de Tehuantepec con apoyo de Mexfam y Arcus Fundation<\/p>\n","protected":false},"author":3,"featured_media":23258,"comment_status":"open","ping_status":"open","sticky":false,"template":"","format":"standard","meta":{"_monsterinsights_skip_tracking":false,"footnotes":""},"categories":[691,1],"tags":[],"class_list":["post-23256","post","type-post","status-publish","format-standard","has-post-thumbnail","category-691","category-uncategorized"],"_links":{"self":[{"href":"https:\/\/redsemlac.com\/semmexico\/wp-json\/wp\/v2\/posts\/23256","targetHints":{"allow":["GET"]}}],"collection":[{"href":"https:\/\/redsemlac.com\/semmexico\/wp-json\/wp\/v2\/posts"}],"about":[{"href":"https:\/\/redsemlac.com\/semmexico\/wp-json\/wp\/v2\/types\/post"}],"author":[{"embeddable":true,"href":"https:\/\/redsemlac.com\/semmexico\/wp-json\/wp\/v2\/users\/3"}],"replies":[{"embeddable":true,"href":"https:\/\/redsemlac.com\/semmexico\/wp-json\/wp\/v2\/comments?post=23256"}],"version-history":[{"count":0,"href":"https:\/\/redsemlac.com\/semmexico\/wp-json\/wp\/v2\/posts\/23256\/revisions"}],"wp:featuredmedia":[{"embeddable":true,"href":"https:\/\/redsemlac.com\/semmexico\/wp-json\/wp\/v2\/media\/23258"}],"wp:attachment":[{"href":"https:\/\/redsemlac.com\/semmexico\/wp-json\/wp\/v2\/media?parent=23256"}],"wp:term":[{"taxonomy":"category","embeddable":true,"href":"https:\/\/redsemlac.com\/semmexico\/wp-json\/wp\/v2\/categories?post=23256"},{"taxonomy":"post_tag","embeddable":true,"href":"https:\/\/redsemlac.com\/semmexico\/wp-json\/wp\/v2\/tags?post=23256"}],"curies":[{"name":"wp","href":"https:\/\/api.w.org\/{rel}","templated":true}]}}