{"id":23219,"date":"2020-07-21T18:09:12","date_gmt":"2020-07-21T18:09:12","guid":{"rendered":"https:\/\/redsemlac.com\/semmexico\/?p=23219"},"modified":"2023-07-21T16:26:33","modified_gmt":"2023-07-21T21:26:33","slug":"alista-suprema-corte-despenalizar-aborto","status":"publish","type":"post","link":"https:\/\/redsemlac.com\/semmexico\/alista-suprema-corte-despenalizar-aborto\/","title":{"rendered":"Alista Suprema Corte despenalizar aborto"},"content":{"rendered":"\n<p class=\"wp-block-paragraph\"><strong>V\u00edctor Fuentes\/Reforma<\/strong><\/p>\n\n\n\n<p class=\"wp-block-paragraph\">SemM\u00e9xico\/Reforma. Ciudad de M\u00e9xico. 21 de julio 2020.- La Suprema Corte de Justicia discutir\u00e1 un proyecto que, de ser aprobado, por primera vez establecer\u00eda que penalizar el aborto viola derechos humanos de las mujeres.<\/p>\n\n\n\n<p class=\"wp-block-paragraph\">El Ministro Juan Luis Gonz\u00e1lez Alc\u00e1ntara propuso a la Primera Sala confirmar el amparo otorgado por un juez federal de Xalapa, que ordena al Congreso de Veracruz reformar el C\u00f3digo Penal local, para eliminar la sanci\u00f3n a las mujeres por abortar.<\/p>\n\n\n\n<p class=\"wp-block-paragraph\">\u00abLa prohibici\u00f3n total de la interrupci\u00f3n del embarazo -v\u00eda tipificaci\u00f3n penal- es una barrera que genera discriminaci\u00f3n en contra de las mujeres en relaci\u00f3n con el acceso al derecho a la salud\u00bb, dice el proyecto que ser\u00e1 discutido el pr\u00f3ximo 29 de julio.<\/p>\n\n\n\n<p class=\"wp-block-paragraph\">\u00abConsiderando las exigencias de los tratados internacionales de derechos humanos de las mujeres y su evoluci\u00f3n, para esta Primera Sala, las decisiones de la mujer durante el periodo de las primeras doce semanas del embarazo, previos al periodo fetal, son parte de su esfera privada que no est\u00e1 sujeta a la potestad sancionadora del Estado. Por lo tanto, no es acorde con las obligaciones convencionales aparejar una sanci\u00f3n penal por la interrupci\u00f3n del embarazo durante este periodo\u00bb, agrega.<\/p>\n\n\n\n<p class=\"wp-block-paragraph\">Si tres de cinco ministros de la Sala aprueban el proyecto, abrir\u00edan la puerta para que organizaciones civiles como la que present\u00f3 el amparo en Veracruz, lleven a juicio los c\u00f3digos penales estatales que todav\u00eda contemplan alguna sanci\u00f3n por abortar.<\/p>\n\n\n\n<p class=\"wp-block-paragraph\">SEM\/Reforma<\/p>\n","protected":false},"excerpt":{"rendered":"<p>La Suprema Corte de Justicia discutir\u00e1 un proyecto que, de ser aprobado, por primera vez establecer\u00eda que penalizar el aborto viola derechos humanos de las mujeres.<\/p>\n","protected":false},"author":3,"featured_media":23220,"comment_status":"open","ping_status":"open","sticky":false,"template":"","format":"standard","meta":{"_monsterinsights_skip_tracking":false,"footnotes":""},"categories":[691,56],"tags":[],"class_list":["post-23219","post","type-post","status-publish","format-standard","has-post-thumbnail","category-691","category-redes"],"_links":{"self":[{"href":"https:\/\/redsemlac.com\/semmexico\/wp-json\/wp\/v2\/posts\/23219","targetHints":{"allow":["GET"]}}],"collection":[{"href":"https:\/\/redsemlac.com\/semmexico\/wp-json\/wp\/v2\/posts"}],"about":[{"href":"https:\/\/redsemlac.com\/semmexico\/wp-json\/wp\/v2\/types\/post"}],"author":[{"embeddable":true,"href":"https:\/\/redsemlac.com\/semmexico\/wp-json\/wp\/v2\/users\/3"}],"replies":[{"embeddable":true,"href":"https:\/\/redsemlac.com\/semmexico\/wp-json\/wp\/v2\/comments?post=23219"}],"version-history":[{"count":0,"href":"https:\/\/redsemlac.com\/semmexico\/wp-json\/wp\/v2\/posts\/23219\/revisions"}],"wp:featuredmedia":[{"embeddable":true,"href":"https:\/\/redsemlac.com\/semmexico\/wp-json\/wp\/v2\/media\/23220"}],"wp:attachment":[{"href":"https:\/\/redsemlac.com\/semmexico\/wp-json\/wp\/v2\/media?parent=23219"}],"wp:term":[{"taxonomy":"category","embeddable":true,"href":"https:\/\/redsemlac.com\/semmexico\/wp-json\/wp\/v2\/categories?post=23219"},{"taxonomy":"post_tag","embeddable":true,"href":"https:\/\/redsemlac.com\/semmexico\/wp-json\/wp\/v2\/tags?post=23219"}],"curies":[{"name":"wp","href":"https:\/\/api.w.org\/{rel}","templated":true}]}}