{"id":23216,"date":"2020-07-21T18:03:31","date_gmt":"2020-07-21T18:03:31","guid":{"rendered":"https:\/\/redsemlac.com\/semmexico\/?p=23216"},"modified":"2023-07-21T16:26:33","modified_gmt":"2023-07-21T21:26:33","slug":"costa-rica-aprueba-una-ley-que-castiga-con-carcel-el-acoso-sexual-callejero","status":"publish","type":"post","link":"https:\/\/redsemlac.com\/semmexico\/costa-rica-aprueba-una-ley-que-castiga-con-carcel-el-acoso-sexual-callejero\/","title":{"rendered":"Costa Rica aprueba una ley que castiga con c\u00e1rcel el acoso sexual callejero"},"content":{"rendered":"\n<ul class=\"wp-block-list\"><li><strong>La Asamblea Legislativa tipifica como delito palabras, silbidos o gestos con connotaci\u00f3n sexual al igual que tomar fotograf\u00edas o videos sin consentimiento. Quienes lo cometan, deber\u00e1n enfrentarse a multas y penas de c\u00e1rcel<\/strong><\/li><\/ul>\n\n\n\n<p class=\"wp-block-paragraph\"><strong>Por Yurany Arciniegas Salamanca<\/strong><\/p>\n\n\n\n<p class=\"wp-block-paragraph\">SemM\u00e9xico\/ AmecoPress. San Jos\u00e9, 21 jul. 20.- Con 47 votos a favor y ninguno en contra, la Asamblea Legislativa de Costa Rica aprob\u00f3 la Ley Contra el Acoso Sexual Callejero. Aunque diez de los diputados se ausentaron en la votaci\u00f3n. Un pronunciamiento un\u00e1nime contra el acoso sexual callejero, informa&nbsp;<a href=\"http:\/\/bing.com\/news\" target=\"_blank\" rel=\"noreferrer noopener\">bing.com\/news<\/a>.<\/p>\n\n\n\n<p class=\"wp-block-paragraph\">Este delito est\u00e1 considerado como \u00abtoda conducta con connotaci\u00f3n sexual y con car\u00e1cter unidireccional, sin que medie el consentimiento ni aceptaci\u00f3n de la persona a la que est\u00e1 dirigida, con potencial de causar molestia, malestar, intimidaci\u00f3n, humillaci\u00f3n, inseguridad, miedo y ofensa, que proviene generalmente de una persona desconocida para quien la recibe y que tiene lugar en espacios p\u00fablicos o de acceso p\u00fablico\u00bb, se\u00f1al\u00f3 la declaraci\u00f3n del \u00f3rgano unicameral sobre el que recae el poder legislativo en este pa\u00eds.<\/p>\n\n\n\n<p class=\"wp-block-paragraph\">La aprobaci\u00f3n de la iniciativa, que fue impulsada por varios partidos pol\u00edticos, fue celebrada por la ministra de la condici\u00f3n de la mujer, Patricia Mora.<\/p>\n\n\n\n<p class=\"wp-block-paragraph\">\u201cLas mujeres tienen derecho a caminar en libertad y sin miedo. La ciudad tambi\u00e9n es de las mujeres. Pero mientras avanzamos hacia el cambio cultural, hasta conseguir que la sociedad desnaturalice el acoso sexual callejero, el Estado debe asegurar el acceso de las mujeres a la justicia\u201d, declar\u00f3 la funcionaria, en un comunicado difundido en sus redes sociales.<\/p>\n\n\n\n<p class=\"wp-block-paragraph\"><strong>\u00bfC\u00f3mo ser\u00e1n aplicadas las sanciones con la nueva ley?<\/strong><\/p>\n\n\n\n<p class=\"wp-block-paragraph\">Para la entrada en vigor de la ley s\u00f3lo falta la ratificaci\u00f3n por parte del presidente del pa\u00eds, Carlos Alvarado, quien ya mostr\u00f3 su respaldo a trav\u00e9s de sus redes sociales.<\/p>\n\n\n\n<p class=\"wp-block-paragraph\">\u00abHoy la Asamblea Legislativa aprob\u00f3 en segundo debate el proyecto de Ley contra el Acoso Sexual Callejero. Agradezco al Congreso y a todas las mujeres que trabajaron para hacer posible esta iniciativa, que pronto ser\u00e1 ley y contribuir\u00e1 a construir una sociedad m\u00e1s respetuosa\u00bb, expres\u00f3 el mandatario.<\/p>\n\n\n\n<p class=\"wp-block-paragraph\">La norma impone penas de entre un a\u00f1o y a\u00f1o y medio de c\u00e1rcel contra aquella persona que tome fotos o videos de otra persona en sitios p\u00fablicos, sin su consentimiento, y con connotaci\u00f3n sexual.<\/p>\n\n\n\n<p class=\"wp-block-paragraph\">La sanci\u00f3n aumenta a dos a\u00f1os de prisi\u00f3n si el material es compartido o distribuido a otras personas.<\/p>\n\n\n\n<p class=\"wp-block-paragraph\">Para quienes muestren sus genitales en lugares p\u00fablicos, la pena ser\u00e1 de seis meses en prisi\u00f3n.<\/p>\n\n\n\n<p class=\"wp-block-paragraph\">Quien persiga o acorrale a alguien con intenciones sexuales enfrentar\u00e1 entre 8 meses y un a\u00f1o de c\u00e1rcel.<\/p>\n\n\n\n<p class=\"wp-block-paragraph\">La masturbaci\u00f3n en sitios p\u00fablicos se expone a penas de c\u00e1rcel de hasta un a\u00f1o o sanciones econ\u00f3micas.<\/p>\n\n\n\n<p class=\"wp-block-paragraph\">Y quien use palabras, ruidos, gemidos, silbidos o ademanes hacia otra persona, con fines sexuales, deber\u00e1 pagar una multa. Aunque el valor a\u00fan no ha sido revelado.<\/p>\n\n\n\n<p class=\"wp-block-paragraph\">Las autoridades pertinentes contemplar\u00e1n agravantes contra los acusados, en caso de que la v\u00edctima sea menor de edad, persona de la tercera edad, en condici\u00f3n de discapacidad, o si el agresor es reincidente.<\/p>\n\n\n\n<p class=\"wp-block-paragraph\">\u00abEl acoso sexual callejero no es inofensivo, es violencia contra las mujeres y sus cuerpos y ya no podemos seguir justificando, naturalizando ni minimizando esta conducta machista y cotidiana\u00bb, se\u00f1al\u00f3 la ministra Mora.<\/p>\n\n\n\n<p class=\"wp-block-paragraph\">El Instituto Nacional de las Mujeres, Inamu, destac\u00f3 que esta ley es un avance fundamental para reducir la alta impunidad que existe frente a esta forma de violencia que sufren a diario las mujeres de todas las edades.<\/p>\n","protected":false},"excerpt":{"rendered":"<p>La Asamblea Legislativa tipifica como delito palabras, silbidos o gestos con connotaci\u00f3n sexual al igual que tomar fotograf\u00edas o videos sin consentimiento. Quienes lo cometan, deber\u00e1n enfrentarse a multas y penas de c\u00e1rcel<\/p>\n","protected":false},"author":3,"featured_media":23217,"comment_status":"open","ping_status":"open","sticky":false,"template":"","format":"standard","meta":{"_monsterinsights_skip_tracking":false,"footnotes":""},"categories":[691,53],"tags":[],"class_list":["post-23216","post","type-post","status-publish","format-standard","has-post-thumbnail","category-691","category-internacional"],"_links":{"self":[{"href":"https:\/\/redsemlac.com\/semmexico\/wp-json\/wp\/v2\/posts\/23216","targetHints":{"allow":["GET"]}}],"collection":[{"href":"https:\/\/redsemlac.com\/semmexico\/wp-json\/wp\/v2\/posts"}],"about":[{"href":"https:\/\/redsemlac.com\/semmexico\/wp-json\/wp\/v2\/types\/post"}],"author":[{"embeddable":true,"href":"https:\/\/redsemlac.com\/semmexico\/wp-json\/wp\/v2\/users\/3"}],"replies":[{"embeddable":true,"href":"https:\/\/redsemlac.com\/semmexico\/wp-json\/wp\/v2\/comments?post=23216"}],"version-history":[{"count":0,"href":"https:\/\/redsemlac.com\/semmexico\/wp-json\/wp\/v2\/posts\/23216\/revisions"}],"wp:featuredmedia":[{"embeddable":true,"href":"https:\/\/redsemlac.com\/semmexico\/wp-json\/wp\/v2\/media\/23217"}],"wp:attachment":[{"href":"https:\/\/redsemlac.com\/semmexico\/wp-json\/wp\/v2\/media?parent=23216"}],"wp:term":[{"taxonomy":"category","embeddable":true,"href":"https:\/\/redsemlac.com\/semmexico\/wp-json\/wp\/v2\/categories?post=23216"},{"taxonomy":"post_tag","embeddable":true,"href":"https:\/\/redsemlac.com\/semmexico\/wp-json\/wp\/v2\/tags?post=23216"}],"curies":[{"name":"wp","href":"https:\/\/api.w.org\/{rel}","templated":true}]}}