{"id":23169,"date":"2020-07-20T17:45:26","date_gmt":"2020-07-20T17:45:26","guid":{"rendered":"https:\/\/redsemlac.com\/semmexico\/?p=23169"},"modified":"2023-07-21T16:25:48","modified_gmt":"2023-07-21T21:25:48","slug":"cuba-homofobia-institucional-entre-prejuicios-y-responsabilidad-publica","status":"publish","type":"post","link":"https:\/\/redsemlac.com\/semmexico\/cuba-homofobia-institucional-entre-prejuicios-y-responsabilidad-publica\/","title":{"rendered":"Cuba: Homofobia institucional, entre prejuicios y responsabilidad p\u00fablica"},"content":{"rendered":"\n<ul class=\"wp-block-list\"><li><strong>Encienden alarmas prejuicios machistas y homof\u00f3bicos en medios de comunicaci\u00f3n<\/strong><\/li><\/ul>\n\n\n\n<ul class=\"wp-block-list\"><li><strong> \u201cHay que identificarlas, desenmascararlas y denunciarlas\u2026\u201d<\/strong><\/li><\/ul>\n\n\n\n<p class=\"wp-block-paragraph\"><strong>Lirians Gordillo Pi\u00f1a<\/strong><\/p>\n\n\n\n<p class=\"wp-block-paragraph\">SemM\u00e9xico\/SEMlac. La Habana, 20 de julio 2020.- La existencia de prejuicios machistas y homof\u00f3bicos en los medios de comunicaci\u00f3n vuelve a encender las alarmas sobre el derecho a la no discriminaci\u00f3n en Cuba.<\/p>\n\n\n\n<p class=\"wp-block-paragraph\">La alerta surgi\u00f3 a partir de afirmaciones de Yusimy Gonz\u00e1lez Herrera, actual directora de Comunicaci\u00f3n del Instituto Cubano de Radio y Televisi\u00f3n (ICRT), diputada a la Asamblea Nacional del Poder Popular e integrante de la direcci\u00f3n de su Comisi\u00f3n permanente de trabajo sobre la ni\u00f1ez, la juventud y los derechos de la mujer.<\/p>\n\n\n\n<p class=\"wp-block-paragraph\">\u00abY hay y lo digo y lo reitero, lo subrayo, un uso en las voces masculinas platinadas de locutores. Para ser m\u00e1s concreta, las voces platinadas son voces blandas, voces suaves, voces amaneradas\u00bb, se escucha en el audio que circula por las redes sociales y que reproduce fragmentos de la intervenci\u00f3n de Gonz\u00e1lez Herrera en una reuni\u00f3n nacional de la instituci\u00f3n cubana en 2016.<\/p>\n\n\n\n<p class=\"wp-block-paragraph\">\u00abY no es solamente de locutores. Son periodistas y son colaboradores. Hay colaboradores, se\u00f1or m\u00edo y usted tiene que seleccionarlos. Porque, mire, no hace un mensaje cre\u00edble. Cuando usted empieza a dibujar florecitas y colores en las voces, se\u00f1or m\u00edo, el mensaje se distorsion\u00f3. No es cre\u00edble. Y si usted dise\u00f1a un programa para una voz masculina y una voz femenina, es una voz masculina y una voz femenina\u00bb, contin\u00faa otro fragmento del audio.<\/p>\n\n\n\n<p class=\"wp-block-paragraph\">Activistas y profesionales de la comunicaci\u00f3n denunciaron inmediatamente los prejuicios, estereotipos y discriminaci\u00f3n presentes en las palabras de Gonz\u00e1lez Herrera.<\/p>\n\n\n\n<p class=\"wp-block-paragraph\">Entre las diversas voces, estuvo la del actor y director de televisi\u00f3n Elio P\u00e9rez Pav\u00f3n, quien public\u00f3 un post en su perfil de Facebook en el cual cuestiona la visi\u00f3n patriarcal de la tambi\u00e9n radialista cubana.<\/p>\n\n\n\n<p class=\"wp-block-paragraph\">Yusimi, no solo est\u00e1s ofendiendo por segunda vez a la comunidad LGBTIQ+, porque hay locutores\/locutoras, periodistas y colaboradores, hombres y mujeres heterosexuales que sus voces califican en lo que sueles llamar: Voces Platinadas, ellxs tienen voces blandas y no son homosexuales. Usted ha planeado el binarismo de g\u00e9nero sin tener siquiera conocimiento de lo que es. Su posici\u00f3n es homof\u00f3bica, machista, heterohegem\u00f3nica y heterosexista, demostrando que muchas mujeres como usted no escapan del machismo cruel y brutal\u00bb, comparti\u00f3 el tambi\u00e9n coordinador del proyecto ZoomDiversidad.<\/p>\n\n\n\n<p class=\"wp-block-paragraph\">La activista Mercedes Garc\u00eda tambi\u00e9n&nbsp;<a href=\"https:\/\/m.facebook.com\/story.php?story_fbid=983367375420573&amp;id=100012419581708\" target=\"_blank\" rel=\"noreferrer noopener\">comparti\u00f3 en Facebook<\/a>&nbsp;su indignaci\u00f3n y preocupaci\u00f3n por los criterios que, en su opini\u00f3n, contradicen \u00ablos intentos de una voluntad pol\u00edtica para una naci\u00f3n unida, donde quepan les cubanes con identidades sexuales no heteronormativas\u00bb, a la vez que alert\u00f3 sobre el hecho de que \u00abtales posturas son m\u00e1s comunes de lo que creemos y queremos en nuestras instituciones\u00bb.<\/p>\n\n\n\n<p class=\"wp-block-paragraph\">\u00abHay que identificarlas, desenmascararlas y denunciarlas manteniendo el sospech\u00f3metro activado\u00bb, concluy\u00f3 Garc\u00eda.<\/p>\n\n\n\n<p class=\"wp-block-paragraph\">Por su parte, Yusimy Gonz\u00e1lez Herrera y&nbsp;<a href=\"https:\/\/m.facebook.com2\/story.php?story_fbid=3464060950324666&amp;id=100001623866658\" target=\"_blank\" rel=\"noreferrer noopener\">personas solidarias<\/a>&nbsp;con ella han denunciado la manipulaci\u00f3n del audio filtrado, a partir de cortes, y difundido sin su consentimiento, de forma an\u00f3nima. Quienes la apoyan alegan que los fragmentos buscan desacreditarla, afectar a la instituci\u00f3n y al proyecto socialista cubano.<br>\u00abPorque adem\u00e1s no se habl\u00f3 solamente de eso. En esa reuni\u00f3n no solamente habl\u00f3 Yusimy, no solamente se habl\u00f3 sobre ese tema. Se abordaron muchos temas. El audio se edit\u00f3 y se fue construyendo la idea de la persona que lo edit\u00f3 -no s\u00e9 qui\u00e9n&#8211;, para dar a entender que la radio estaba cuestionando las voces platinadas y la no posibilidad de personas conste tipo de voz de trabajar en los medios de comunicaci\u00f3n, cuando no es cierto\u00bb, afirm\u00f3 Gonz\u00e1lez Herrera en una&nbsp;<a href=\"https:\/\/paquitoeldecuba.com\/2020\/07\/16\/yusimy-necesita-de-todos-los-seres-humanos\/#more-3326\" target=\"_blank\" rel=\"noreferrer noopener\">entrevista al periodista y activista Francisco Rodr\u00edguez Cruz<\/a>, en la cual reconoci\u00f3 que s\u00ed es su voz la que aparece en el material difundido-<br>\u00abNunca ha sido posici\u00f3n de la radio y la televisi\u00f3n limitar a nadie por su orientaci\u00f3n sexual, por alg\u00fan tipo de discapacidad, por ning\u00fan color de la piel, no es el caso. Y no es que solo lo muestre en sus trabajos period\u00edsticos o en sus propuestas dramatizadas o en su quehacer musical. Quienes construyen esos proyectos, quienes los defienden y tienen como sus hijos, son personas dis\u00edmiles, diversas\u00bb, agreg\u00f3.<\/p>\n\n\n\n<p class=\"wp-block-paragraph\">\u00abNo es tampoco ni la proyecci\u00f3n, ni el entendimiento, ni el pensamiento ni la manera de ver m\u00edos, porque Yusimy necesita de todos los seres humanos. Quienes me conocen podr\u00e1n decir si mi manera de manifestarme durante todos estos a\u00f1os como profesional coincide con esa l\u00ednea de pensamiento que alguien intent\u00f3 construir o no. Eso pudi\u00e9ramos dej\u00e1rselo al tiempo, pero s\u00ed defiendo que nunca ha sido, ni es, ni ser\u00e1 la proyecci\u00f3n del ICRT limitar ni excluir a nadie por su orientaci\u00f3n sexual u otra condici\u00f3n humana, todo lo contrario\u00bb, dijo la entrevistada.<br><strong><br>Estereotipos y requerimientos t\u00e9cnicos<\/strong><\/p>\n\n\n\n<p class=\"wp-block-paragraph\">\u00abLos registros vocales son tan diversos como la humanidad misma, encasillarlos en femeninos o masculinos es una expresi\u00f3n de un orden de g\u00e9nero binario y biologizante que forzosamente quiere apelar a una supuesta &#8216;naturaleza&#8217; para sustentar la ficci\u00f3n de dos g\u00e9neros\u00bb, argumenta Yarnelis M. Malfr\u00e1n en&nbsp;<a href=\"https:\/\/negracubanateniaqueser.com\/2020\/07\/19\/homofobia-institucional-notas-sobre-la-agenda-de-una-especialista-de-la-radio-cubana\/\" target=\"_blank\" rel=\"noreferrer noopener\">un comentario publicado en el blog Negra Cubana.<\/a><\/p>\n\n\n\n<p class=\"wp-block-paragraph\">La permanencia de estereotipos y prejuicios machistas en los medios de comunicaci\u00f3n no es un asunto nuevo, ni exclusivo de Cuba.<\/p>\n\n\n\n<p class=\"wp-block-paragraph\">Desde hace varios a\u00f1os, en postgrados, espacios acad\u00e9micos, institucionales y de activismo social, se discute sobre la escasa representaci\u00f3n de personas LGBTIQ en la radio y la televisi\u00f3n cubanas, el uso continuado de un lenguaje sexista, la representaci\u00f3n patriarcal de las mujeres como objeto de deseo en los videoclips nacionales y la censura de expresiones homoafectivas en productos televisivos.<br>Los costos de la homofobia en los medios y sus impactos en la cultura y a sociedad cubanas son debates de larga data y emergen tambi\u00e9n actualmente. El reconocido dramaturgo y poeta Norge Espinosa expuso varias alertas&nbsp;<a href=\"https:\/\/m.facebook.com\/story.php?story_fbid=10223080244778131&amp;id=1341324971&amp;ref=content_filter\" target=\"_blank\" rel=\"noreferrer noopener\">en su perfil de Facebook<\/a>.<\/p>\n\n\n\n<p class=\"wp-block-paragraph\">\u00abUna radio limpia de homosexuales, una cultura exente de &#8216;voces dudosas&#8217;, un proyecto de pa\u00eds vac\u00edo, donde los due\u00f1os de esas voces no puedan transmitir mensaje alguno. Si eso es lo que se propone, mientras otras personas abogan por una diversidad verdaderamente representativa, debemos estar hablando de un pa\u00eds equivocado. O al menos en una naci\u00f3n que se llama Cuba, pero existe en un mundo paralelo, incapaz de progresar y sacar partido de errores y exclusiones precedentes\u00bb, reflexiona Espinosa.<br><br><strong>Capacitaci\u00f3n y responsabilidad pol\u00edtica para superar prejuicios<\/strong><\/p>\n\n\n\n<p class=\"wp-block-paragraph\">Las declaraciones hechas por la funcionaria del ICRT en 2016 se comparten en la Cuba de 2020, con una Constituci\u00f3n que proh\u00edbe la discriminaci\u00f3n por orientaci\u00f3n sexual e identidad de g\u00e9nero, entre otras causales.<\/p>\n\n\n\n<p class=\"wp-block-paragraph\">Los avances de la Carta Magna se encuentran con un contexto social complejo, donde emergen posturas contrarias a los derechos de personas LGBTIQ. Pero tambi\u00e9n existen espacios de formaci\u00f3n en temas de g\u00e9nero y diversidad sexual, mayor visibilidad y diversidad del activismo LGBTIQ y posicionamientos pol\u00edticos.<br>Recientemente, el&nbsp;<a href=\"http:\/\/www.granma.cu\/cuba-covid-19\/2020-07-17\/version-integra-de-las-palabras-pronunciadas-por-el-presidente-de-la-republica-de-cuba-miguel-diaz-canel\" target=\"_blank\" rel=\"noreferrer noopener\">presidente cubano Miguel D\u00edaz-Canel Berm\u00fadez<\/a>, reconoci\u00f3 que el matrimonio igualitario, un punto central en la agenda LGBTIQ, junto a otras problem\u00e1ticas sociales como el racismo, la violencia contra la mujer o el maltrato a los animales son asuntos sensibles \u00aben los cuales trabajamos seriamente para resolver deudas de siglos que solo la Revoluci\u00f3n en el poder ha enfrentado con indiscutibles progresos\u00bb, dijo el mandatario.<\/p>\n\n\n\n<p class=\"wp-block-paragraph\">Activistas de la naci\u00f3n caribe\u00f1a tambi\u00e9n recuerdan que, desde mucho antes, en el pa\u00eds existen normas que proscriben la homofobia y ha habido posicionamientos partidistas a favor de su erradicaci\u00f3n.<\/p>\n\n\n\n<p class=\"wp-block-paragraph\">En su post en Facebook, la activista Mercedes Garc\u00eda se\u00f1al\u00f3 que, en el audio, la funcionaria \u00abestaba ignorando a la Primera Conferencia Nacional del PCC, que en 2012 hab\u00eda definido, entre sus objetivos de trabajo, el de erradicar la discriminaci\u00f3n por orientaci\u00f3n sexual y tomar en consideraci\u00f3n la identidad de g\u00e9nero en la implementaci\u00f3n de las pol\u00edticas futuras, adem\u00e1s de la Ley 116, C\u00f3digo del Trabajo, que proscribe la discriminaci\u00f3n por tales causas en el \u00e1mbito laboral\u00bb.<\/p>\n\n\n\n<p class=\"wp-block-paragraph\">Superar la homofon\u00eda en la isla no parece tener una sola ruta. En los debates emergen propuestas para la transformaci\u00f3n social, como el reconocimiento del problema, la capacitaci\u00f3n y sensibilizaci\u00f3n, el enfrentamiento p\u00fablico y legal y la atenci\u00f3n a los reclamos de la comunidad LGBTIQ en defensa de sus derechos.<br>En un&nbsp;<a href=\"https:\/\/www.facebook.com\/cenesex\/posts\/3251455434918511\" target=\"_blank\" rel=\"noreferrer noopener\">comunicado de prensa<\/a>, el Centro Nacional de Educaci\u00f3n Sexual (Cenesex) enfatiza en la necesidad de continuar con la capacitaci\u00f3n, un proceso que aseguran es \u00abel m\u00e1s dif\u00edcil, porque se propone eliminar tab\u00faes que fueron heredados por nuestros generaciones\u00bb, apunta el texto.<\/p>\n\n\n\n<p class=\"wp-block-paragraph\">\u00abTales situaciones nos confirman la necesidad de continuar nuestro trabajo de capacitaci\u00f3n y sensibilizaci\u00f3n en el ICRT. Los prejuicios no se superan r\u00e1pidamente, es por ello que requieren una incidencia formativa permanente\u00bb, refiere el comunicado de la instituci\u00f3n cubana que, desde 2008, ha intensificado sus acciones en la lucha contra la homofobia.<\/p>\n\n\n\n<p class=\"wp-block-paragraph\">Al respecto, el activista&nbsp;<a href=\"https:\/\/www.facebook.com\/alberto.roqueguerra\" target=\"_blank\" rel=\"noreferrer noopener\">Alberto Roque<\/a>&nbsp;propone que la educaci\u00f3n de personas decisoras y dirigentes pol\u00edticos en temas de sexualidad sea permanente, pues \u00abhace m\u00e1s de 15a\u00f1os que las pol\u00edticas contra la homofobia son de dominio p\u00fablico\u00bb.<\/p>\n\n\n\n<p class=\"wp-block-paragraph\">Roque, al igual que otras voces solidarias de la comunidad LGBTIQ, insiste en que la carga cultura heteropatriarcal no puede ser una justificaci\u00f3n. \u00abLa homofobia es discriminaci\u00f3n y es un crimen\u00bb, afirma el activista.<\/p>\n\n\n\n<p class=\"wp-block-paragraph\">SEM\/SEMlac\/lgp<\/p>\n","protected":false},"excerpt":{"rendered":"<p>\u201cHay que identificarlas, desenmascararlas y denunciarlas\u2026\u201d<\/p>\n","protected":false},"author":3,"featured_media":23170,"comment_status":"open","ping_status":"open","sticky":false,"template":"","format":"standard","meta":{"_monsterinsights_skip_tracking":false,"footnotes":""},"categories":[691,53],"tags":[],"class_list":["post-23169","post","type-post","status-publish","format-standard","has-post-thumbnail","category-691","category-internacional"],"_links":{"self":[{"href":"https:\/\/redsemlac.com\/semmexico\/wp-json\/wp\/v2\/posts\/23169","targetHints":{"allow":["GET"]}}],"collection":[{"href":"https:\/\/redsemlac.com\/semmexico\/wp-json\/wp\/v2\/posts"}],"about":[{"href":"https:\/\/redsemlac.com\/semmexico\/wp-json\/wp\/v2\/types\/post"}],"author":[{"embeddable":true,"href":"https:\/\/redsemlac.com\/semmexico\/wp-json\/wp\/v2\/users\/3"}],"replies":[{"embeddable":true,"href":"https:\/\/redsemlac.com\/semmexico\/wp-json\/wp\/v2\/comments?post=23169"}],"version-history":[{"count":0,"href":"https:\/\/redsemlac.com\/semmexico\/wp-json\/wp\/v2\/posts\/23169\/revisions"}],"wp:featuredmedia":[{"embeddable":true,"href":"https:\/\/redsemlac.com\/semmexico\/wp-json\/wp\/v2\/media\/23170"}],"wp:attachment":[{"href":"https:\/\/redsemlac.com\/semmexico\/wp-json\/wp\/v2\/media?parent=23169"}],"wp:term":[{"taxonomy":"category","embeddable":true,"href":"https:\/\/redsemlac.com\/semmexico\/wp-json\/wp\/v2\/categories?post=23169"},{"taxonomy":"post_tag","embeddable":true,"href":"https:\/\/redsemlac.com\/semmexico\/wp-json\/wp\/v2\/tags?post=23169"}],"curies":[{"name":"wp","href":"https:\/\/api.w.org\/{rel}","templated":true}]}}