{"id":23158,"date":"2020-07-20T16:36:38","date_gmt":"2020-07-20T16:36:38","guid":{"rendered":"https:\/\/redsemlac.com\/semmexico\/?p=23158"},"modified":"2023-07-21T16:25:48","modified_gmt":"2023-07-21T21:25:48","slug":"miradas-de-reportero-43","status":"publish","type":"post","link":"https:\/\/redsemlac.com\/semmexico\/miradas-de-reportero-43\/","title":{"rendered":"Miradas de reportero"},"content":{"rendered":"\n<h2 class=\"wp-block-heading\">Es did\u00e1ctica presidencial debatir con esos intelectuales y se divierte<\/h2>\n\n\n\n<p class=\"wp-block-paragraph\"><strong>Rogelio Hern\u00e1ndez L\u00f3pez<\/strong><\/p>\n\n\n\n<p class=\"wp-block-paragraph\">SemM\u00e9xico, 20 de julio, 2020.- A m\u00e1s de una persona nos arranc\u00f3 una sonrisa la frase final que us\u00f3 el Presidente al responder a los 30 personajes de la academia y la intelectualidad:<\/p>\n\n\n\n<p class=\"wp-block-paragraph\"><em>\u201cS\u00f3lo faltar\u00eda decir: el rey va desnudo\u201d.<\/em><\/p>\n\n\n\n<p class=\"wp-block-paragraph\">Con eso aludi\u00f3 &#8211;mordaz y seguramente divertido&#8211; el cuento de Hans Christian Andersen sobre unos charlatanes, sedicentes tejedores de ilusiones.<\/p>\n\n\n\n<p class=\"wp-block-paragraph\">\u00bfPor qu\u00e9 insiste Andr\u00e9s Manuel L\u00f3pez Obrador en debatir as\u00ed desde el p\u00f3dium presidencial con quienes le critican?<\/p>\n\n\n\n<p class=\"wp-block-paragraph\">\u00bfPor qu\u00e9 calificar a estos y otros como \u201cintelectuales org\u00e1nicos\u201d del pa\u00eds \u201cde la corrupci\u00f3n, de los potentados, de los privilegios, de la hipocres\u00eda, de la marginaci\u00f3n, del clasismo y del racismo\u201d?<\/p>\n\n\n\n<p class=\"wp-block-paragraph\">La mayor\u00eda de las respuestas que encontraremos ser\u00e1n cargadas de ideolog\u00eda y estimuladoras de la polarizaci\u00f3n pol\u00edtica. Hay que buscar explicaciones.<\/p>\n\n\n\n<p class=\"wp-block-paragraph\">Reporteros profesionales, en charlas de pares y en sesiones acad\u00e9micas de actualizaci\u00f3n period\u00edstica, defendemos una m\u00e1xima para informar que ayuda a eludir la especulaci\u00f3n:<\/p>\n\n\n\n<p class=\"wp-block-paragraph\"><em>&#8211;No sabemos lo suficiente para responder a todas las preguntas, por eso estamos obligados a saber qui\u00e9n s\u00ed sabe las respuestas&#8211;.<\/em><\/p>\n\n\n\n<p class=\"wp-block-paragraph\">La informaci\u00f3n sustancial tendr\u00eda que venir del mismo Presidente. Pero repetir\u00e1 que critica a sus cr\u00edticos en uso de su derecho de r\u00e9plica y para fomentar el debate. \u00c9l seguir\u00e1 haciendo pol\u00edtica con el peso de las palabras de quien s\u00ed sabe que encabeza al Estado y no sincerar\u00e1 sus intenciones de fondo. Tiene que haber una explicaci\u00f3n mayor. \u00bfQui\u00e9n tiene respuestas?<\/p>\n\n\n\n<p class=\"wp-block-paragraph\"><strong>Tres aportaciones<\/strong><\/p>\n\n\n\n<p class=\"wp-block-paragraph\">Jes\u00fas Ram\u00edrez Cuevas, el vocero presidencial, V\u00edctor Manuel Toledo, secretario de del Medio Ambiente y Recursos Naturales y Pablo G\u00f3mez \u00c1lvarez, diputado federal contribuyen, por separado, para configurar una explicaci\u00f3n de esa actitud presidencial frente a esos y otros intelectuales:<\/p>\n\n\n\n<p class=\"wp-block-paragraph\">El modelo presidencial de comunicaci\u00f3n pol\u00edtica eligi\u00f3 la confrontaci\u00f3n abierta como una t\u00e9cnica did\u00e1ctica para aumentar la politizaci\u00f3n pol\u00edtica de la mayor\u00eda de mexicanos, para elevar la identidad popular con el cambio, para construir el consenso social que contrarreste la influencia de las corporaciones y las elites que se beneficiaron de los reg\u00edmenes neoliberales y que subordinaron al Estado. Veamos:<\/p>\n\n\n\n<p class=\"wp-block-paragraph\"><strong>Es did\u00e1ctica concientizadora: Jes\u00fas Ram\u00edrez<\/strong><\/p>\n\n\n\n<p class=\"wp-block-paragraph\">Durante una entrevista el 12 de julio con Daniela Pastrana, Reyna Haydee Ram\u00edrez y Mar\u00eda Fernanda Ruiz &#8211;reporteras del sitio <em>P\u00ede de P\u00e1gina<\/em>&#8212; Ram\u00edrez Cuevas aguant\u00f3 interpelaciones respecto a este comportamiento del Presidente y respondi\u00f3 as\u00ed<\/p>\n\n\n\n<p class=\"wp-block-paragraph\"><em>&#8212; \u2026 digo es muy empecinado en un modelo de confrontaci\u00f3n pol\u00edtica, que es como muy pedag\u00f3gico, de deslindar los campos y decir: \u00ab\u00e9stos, que todos piensan que son independientes; pues no. Est\u00e1n teniendo intereses\u00bb. Es un ejercicio did\u00e1ctico y es importante\u2026\u201d<\/em><\/p>\n\n\n\n<p class=\"wp-block-paragraph\"><em>\u2014\u00bfEste gobierno es de izquierda?<\/em> Inquirieron las reporteras de Pie de p\u00e1gina casi al final de la amplia conversaci\u00f3n. Jes\u00fas Respondi\u00f3:<\/p>\n\n\n\n<p class=\"wp-block-paragraph\"><em>\u2014\u00a1Claro que es de izquierda! En primera, porque formamos parte de la tradici\u00f3n de lucha popular por la defensa de la soberan\u00eda, la democracia y las libertades. Luego, porque estamos viendo, velando y trabajando para la mayor\u00eda, para hacer que los recursos p\u00fablicos sean p\u00fablicos, de acuerdo con el inter\u00e9s p\u00fablico, para que el gobierno sirva a la poblaci\u00f3n y no a unas cuantas corporaciones&#8211;.<\/em><\/p>\n\n\n\n<p class=\"wp-block-paragraph\"><strong>Disgusto de las \u00e9lites: Toledo<\/strong><\/p>\n\n\n\n<p class=\"wp-block-paragraph\">El investigador acad\u00e9mico hoy secretario de Estado, V\u00edctor Manuel Toledo, se incorpor\u00f3 al debate en un escrito difundido por La Jornada el 14 de julio. Ah\u00ed asegur\u00f3:<\/p>\n\n\n\n<p class=\"wp-block-paragraph\"><em>\u201c\u2026Son las \u00e9lites que hoy vociferan desesperadas y hacen campa\u00f1as de desprestigio.<\/em><\/p>\n\n\n\n<p class=\"wp-block-paragraph\"><em>\u201cEl pa\u00eds que dejaron tres d\u00e9cadas de neoliberalismo, no s\u00f3lo fue una sociedad injusta, devastada, fracturada, enferma y con un entorno natural y ambiental deplorable; tambi\u00e9n heredaron \u00e9lites de todo tipo dotados de un enorme poder, castas que se fueron creando en todos los \u00e1mbitos de la vida social: en los medios de comunicaci\u00f3n (prensa, radio y tv), entre gremios de profesionistas, grupos de cient\u00edficos e intelectuales, y en enclaves religiosos.<\/em><\/p>\n\n\n\n<p class=\"wp-block-paragraph\"><em>\u201cLas \u00e9lites acumularon poder en cada campo y se fueron inventando una ideolog\u00eda para justificar sus roles y sobre todo para convalidar sus actitudes clasistas y racistas hacia las mayor\u00edas marginadas, explotadas, castigadas, las que el 1\u00ba de julio de 2018 salieron a votar masivamente por un proyecto que por lo menos les dotaba de esperanza.<\/em><\/p>\n\n\n\n<p class=\"wp-block-paragraph\"><strong>Es deriva autoritaria: 30 personalidades<\/strong><\/p>\n\n\n\n<p class=\"wp-block-paragraph\">El desplegado que public\u00f3 Reforma el 15 de julio con el t\u00edtulo <em>Contra la deriva autoritaria y en defensa de la democracia<\/em> lo firman 30 personalidades, entre los que llaman la atenci\u00f3n varios ex militantes de las izquierdas: del desaparecido PCM (Roger Bartra, Jorge Casta\u00f1eda, Jos\u00e9 Ram\u00f3n Enr\u00edquez) del PMS (Ricardo Pascoe Pierce y Jos\u00e9 Woldenberg) adem\u00e1s de quienes encabezan grupos muy compactos desde las revistas Nexos y Letras Libres como H\u00e9ctor Aguilar Cam\u00edn y Enrique Krauze.<\/p>\n\n\n\n<p class=\"wp-block-paragraph\">En su breve documento afirman, entre otras cosas:<\/p>\n\n\n\n<p class=\"wp-block-paragraph\"><em>\u2018Han transcurrido casi 20 meses del gobierno encabezado por el presidente Andr\u00e9s Manuel L\u00f3pez Obrador. El triunfo del presidente fue inequ\u00edvoco, no obstante, sin que la mayor\u00eda de los mexicanos vot\u00e1ramos por ellos y violando la Constituci\u00f3n, Morena y sus aliados lograron que una minor\u00eda de votos se convirtiera en una mayor\u00eda de esca\u00f1os en el Congreso.<\/em><\/p>\n\n\n\n<p class=\"wp-block-paragraph\"><em>\u2018Adem\u00e1s, ampli\u00f3 el n\u00famero de diputados de su grupo mediante la compra de representantes electos de otros partidos. La consecuencia ha sido la asfixia del pluralismo de la representaci\u00f3n en aras de someter al Poder Legislativo a los dictados del Ejecutivo.<\/em><\/p>\n\n\n\n<p class=\"wp-block-paragraph\"><em>\u201cEl gobierno de L\u00f3pez Obrador ha mantenido una actitud despreciativa, no s\u00f3lo hacia las instituciones aut\u00f3nomas, sino tambi\u00e9n hacia las esferas cient\u00edficas y culturales, as\u00ed como muy notoriamente hacia el movimiento de las mujeres que luchan por la igualdad.<\/em><\/p>\n\n\n\n<p class=\"wp-block-paragraph\"><strong>Demencia conservadora: Pablo G\u00f3mez<\/strong><\/p>\n\n\n\n<p class=\"wp-block-paragraph\">Quien fuera uno de los primeros diputados federales del desaparecido PCM, hoy por Morena, difundi\u00f3 por Facebook el 17 de julio una r\u00e9plica a la carta de las 30 personalidades con ese t\u00edtulo:<\/p>\n\n\n\n<p class=\"wp-block-paragraph\"><em>Los intelectuales de la neo derecha nacional, aliados a los de la rancia, han entrado en demencia pol\u00edtica. Ponen en duda la legitimidad del resultado de las elecciones legislativas de 2018, pero dos a\u00f1os despu\u00e9s de los comicios\u2026<\/em><\/p>\n\n\n\n<p class=\"wp-block-paragraph\"><em>H\u00e9ctor Aguilar Cam\u00edn y sus compa\u00f1eros de viaje desconocen la Constituci\u00f3n y se lanzan a tratar de deslegitimar a la \u00fanica mayor\u00eda parlamentaria aut\u00e9ntica que ha tenido M\u00e9xico desde hace muchos a\u00f1os. La 4T obtuvo el 47% de la votaci\u00f3n efectiva. Si hubiera sido un solo partido, que no lo fue, pues era una coalici\u00f3n de tres, su representaci\u00f3n hubiera sido del 55 % de la C\u00e1mara, suficiente para ser mayor\u00eda absoluta.<\/em><\/p>\n\n\n\n<p class=\"wp-block-paragraph\"><em>Los intelectuales org\u00e1nicos de la derecha funcional de nuestro tiempo se inventan un nuevo prototipo democr\u00e1tico. El punto central ya no es que cada quien vote como quiera y se respete la votaci\u00f3n\u2026 sino que lo haga de tal manera que se logre el \u00abequilibrio\u2026. Nada nuevo, a menos que se restablezca el PRIAN, el partido de Aguilar Cam\u00edn y compa\u00f1\u00eda. De eso ya tuvimos bastante.<\/em><\/p>\n\n\n\n<p class=\"wp-block-paragraph\"><strong>Los intelectuales org\u00e1nicos tambi\u00e9n se degradan: Le\u00f3n<\/strong><\/p>\n\n\n\n<p class=\"wp-block-paragraph\">En Julio de 2019, alrededor de un debate en Europa sobre los intelectuales org\u00e1nicos el fil\u00f3sofo, doctor y catedr\u00e1tico marxista Tomas Rodr\u00edguez Le\u00f3n asever\u00f3:<\/p>\n\n\n\n<p class=\"wp-block-paragraph\"><em>\u201cLos intelectuales org\u00e1nicos para Antonio Gramsci son quienes describen la vida social cient\u00edfica y culturalmente pues traducen las experiencias y el sentir que las masas no pueden articular por s\u00ed mismas, es decir, son agentes conscientes de procesos inconscientes<\/em><\/p>\n\n\n\n<p class=\"wp-block-paragraph\"><em>\u201c\u2026el intelectual org\u00e1nico funciona con lenguaje pol\u00edtico y son intelectuales org\u00e1nicos los que act\u00faan para la revoluci\u00f3n o contra ella. La organicidad del intelectual se entender\u00e1 como algo m\u00e1s amplio que el sector espec\u00edficamente cultural. Seg\u00fan Gramsci, son los que intervienen en el dise\u00f1o y organizaci\u00f3n de las ideas de cambio o reacci\u00f3n\u2026<\/em><\/p>\n\n\n\n<p class=\"wp-block-paragraph\"><em>\u201cLa producci\u00f3n intelectual y art\u00edstica displicente poco est\u00e9tica y muy de maquillaje, enferma a end\u00e9micos vanidosos que creen ocupar un lugar aristocr\u00e1tico y elitista. No reparan, aquellos imberbes, que solo est\u00e1n trabajando para el aplauso, repletos de una banalidad perfumada, donde solo son alba\u00f1iles del muro de lo espectacular. Existe un pensamiento cr\u00edtico en deterioro; los intelectuales prosistema son expresi\u00f3n de la sociedad y su decadencia\u201d.<\/em><\/p>\n\n\n\n<p class=\"wp-block-paragraph\"><strong>El debate seguir\u00e1<\/strong><\/p>\n\n\n\n<p class=\"wp-block-paragraph\">Este debate sobre los intelectuales org\u00e1nicos seguir\u00e1. Habr\u00e1 otros m\u00e1s. La polarizaci\u00f3n se elevar\u00e1 en la medida en que se aproximen las elecciones federales de 2021. El elemento m\u00e1s nuevo es que el Presidente sonr\u00ede al ejercer lo que \u00e9l llama su derecho de r\u00e9plica. Ya nos enteramos de que eso es parte de su estrategia de comunicaci\u00f3n pol\u00edtica para ir formando otros consensos sociales pac\u00edficamente. Veremos m\u00e1s.<\/p>\n\n\n\n<p class=\"wp-block-paragraph\">Por lo pronto, quien quiera contextualizar la sonrisa del Presidente al responder a las 30 personalidades con su frase de \u201cEl Rey va desnudo\u201d tome el cuento <em>El traje nuevo del emperador<\/em> que escribi\u00f3 Andersen en 1837 y quiz\u00e1 hasta le divierta:<\/p>\n\n\n\n<p class=\"wp-block-paragraph\"><em>\u201c\u2026 Hasta la misma persona de un rey, llegaron dos charlatanes que se dec\u00edan a s\u00ed mismos sastres o tejedores. Afirmaban que eran capaces de elaborar las mejores telas, los mejores vestidos y las mejores capas que ojos humanos pudieran haber visto, s\u00f3lo exig\u00edan que se les entregase el dinero necesario para comprar las telas, los bordados, los hilos de oro y todo lo necesario para su confecci\u00f3n\u2026<\/em><\/p>\n","protected":false},"excerpt":{"rendered":"<p>Es did\u00e1ctica presidencial debatir con esos intelectuales y se divierte<\/p>\n","protected":false},"author":3,"featured_media":8473,"comment_status":"open","ping_status":"open","sticky":false,"template":"","format":"standard","meta":{"_monsterinsights_skip_tracking":false,"footnotes":""},"categories":[691,106,85],"tags":[],"class_list":["post-23158","post","type-post","status-publish","format-standard","has-post-thumbnail","category-691","category-mirada-de-reportero","category-rogelio-hernandez-lopez"],"_links":{"self":[{"href":"https:\/\/redsemlac.com\/semmexico\/wp-json\/wp\/v2\/posts\/23158","targetHints":{"allow":["GET"]}}],"collection":[{"href":"https:\/\/redsemlac.com\/semmexico\/wp-json\/wp\/v2\/posts"}],"about":[{"href":"https:\/\/redsemlac.com\/semmexico\/wp-json\/wp\/v2\/types\/post"}],"author":[{"embeddable":true,"href":"https:\/\/redsemlac.com\/semmexico\/wp-json\/wp\/v2\/users\/3"}],"replies":[{"embeddable":true,"href":"https:\/\/redsemlac.com\/semmexico\/wp-json\/wp\/v2\/comments?post=23158"}],"version-history":[{"count":0,"href":"https:\/\/redsemlac.com\/semmexico\/wp-json\/wp\/v2\/posts\/23158\/revisions"}],"wp:featuredmedia":[{"embeddable":true,"href":"https:\/\/redsemlac.com\/semmexico\/wp-json\/wp\/v2\/media\/8473"}],"wp:attachment":[{"href":"https:\/\/redsemlac.com\/semmexico\/wp-json\/wp\/v2\/media?parent=23158"}],"wp:term":[{"taxonomy":"category","embeddable":true,"href":"https:\/\/redsemlac.com\/semmexico\/wp-json\/wp\/v2\/categories?post=23158"},{"taxonomy":"post_tag","embeddable":true,"href":"https:\/\/redsemlac.com\/semmexico\/wp-json\/wp\/v2\/tags?post=23158"}],"curies":[{"name":"wp","href":"https:\/\/api.w.org\/{rel}","templated":true}]}}