{"id":23155,"date":"2020-07-20T16:34:53","date_gmt":"2020-07-20T16:34:53","guid":{"rendered":"https:\/\/redsemlac.com\/semmexico\/?p=23155"},"modified":"2023-07-21T16:25:48","modified_gmt":"2023-07-21T21:25:48","slug":"alfa-omega-26","status":"publish","type":"post","link":"https:\/\/redsemlac.com\/semmexico\/alfa-omega-26\/","title":{"rendered":"Alfa Omega"},"content":{"rendered":"\n<h2 class=\"wp-block-heading\"><strong>Lozoya, los Duarte y Rosario, tras las rejas, bajo proceso<\/strong><\/h2>\n\n\n\n<p class=\"wp-block-paragraph\"><strong>Jorge Herrera Valenzuela<\/strong><\/p>\n\n\n\n<p class=\"wp-block-paragraph\">SemM\u00e9xico, 20 de julio, 2020.- Con la llegada del exdirector general de Petr\u00f3leos Mexicanos, Emilio Lozoya Austin, se complementa otra parte del argumento telenovelesco, cuya segunda parte se inici\u00f3 el pasado 13 de febrero cuando el exfuncionario fue detenido en M\u00e1laga, Espa\u00f1a, a solicitud de la justicia mexicana. Mucho se especula sobre qu\u00e9 habr\u00e1 de suceder y qui\u00e9nes del sexenio pe\u00f1anietista tendr\u00e1n que comparecer ante los jueces o, simplemente, el enjuiciado ser\u00e1 Lozoya, junto con su mam\u00e1, su esposa y su hermana los procesados.<\/p>\n\n\n\n<p class=\"wp-block-paragraph\">En un avi\u00f3n de la Fuerza A\u00e9rea Mexicana fue tra\u00eddo, desde Madrid, Espa\u00f1a, Lozoya Austin para enfrentar dos procesos penales federales. La Fiscal\u00eda General de la Rep\u00fablica lo acusa de corrupci\u00f3n, de lavado de dinero, de asociaci\u00f3n delictuosa y cohecho. Tambi\u00e9n en los respectivos expedientes judiciales se involucran a las se\u00f1oras Gilda Margarita Austin y Sol\u00eds, Marielle Helene Exckes y Gilda Susana Lozoya Austin, madre, esposa y hermana del hombre que durante 14 meses fue perseguido por la polic\u00eda.<\/p>\n\n\n\n<p class=\"wp-block-paragraph\">La misma madrugada del jueves y dos horas despu\u00e9s de los tr\u00e1mites migratorios y un examen m\u00e9dico de rigor \u2013lo se\u00f1ala la legislaci\u00f3n penal\u2014Lozoya Austin fue revisado por un m\u00e9dico particular. Los m\u00e9dicos diagnosticaron que el presunto responsable de varios delitos estaba en muy malas condiciones f\u00edsicas, requer\u00eda atenci\u00f3n hospitalaria y fue llevado a un hospital privado, en calidad de detenido. Debi\u00f3 ser trasladado al Reclusorio Norte (RENO) y puesto a disposici\u00f3n de los jueces que se encargar\u00e1n de los procesos.<\/p>\n\n\n\n<p class=\"wp-block-paragraph\">El comentario obligado tiene dos aristas. Los m\u00e9dicos, oficial y particular, coincidieron en que el detenido padec\u00eda anemia aguda, problemas en el esfogado y otros males. Los elementos de la Fiscal\u00eda General de la Rep\u00fablica no recibieron orden de alguno de los jueces para llevar a Lozoya a un hospital particular. Recuerdo que no en las mismas circunstancias, pero con la autorizaci\u00f3n oficial, se permiti\u00f3 que la profesora Elba Esther Gordillo Morales, exlideresa magisterial, fuese llevada de su celda penitenciaria a un hospital privado. Bueno, el poder pol\u00edtico y la fuerza econ\u00f3mica, en uso.<\/p>\n\n\n\n<p class=\"wp-block-paragraph\">La segunda observaci\u00f3n period\u00edstica. De nueva cuenta apareci\u00f3 la descoordinaci\u00f3n en los mandos federales. Tanto el Presidente de M\u00e9xico como su secretario de Seguridad, Francisco Alfonso Durazo Monta\u00f1o, recibieron el inmediato reporte o algo ocurri\u00f3, porque cuando ambos fueron entrevistados (en la ma\u00f1ana) dijeron desconocer el paradero de Lozoya Austin. Tal vez alg\u00fan d\u00eda uno de los dos declare quien autoriz\u00f3 que no hubiese ingresado Emilio al RENO. Aqu\u00ed es como lo relacionado con la libertad del narcotraficante Ovidio Guzm\u00e1n, ya detenido por militares.<\/p>\n\n\n\n<p class=\"wp-block-paragraph\">&nbsp;Muy probable cuando Usted este leyendo este comentario, ya est\u00e9 definida la fecha del inicio del proceso penal y se sabr\u00e1 si los jueces van al hospital para tomarle la declaraci\u00f3n a Lozoya Austin o si esperan a que lo den de alta m\u00e9dica. Lo cierto es que hay mucha expectaci\u00f3n por lo que declare el procesado, pero como Emilio se acogi\u00f3 al derecho \u201cde criterio de oportunidad\u201d nada espectacular ocurrir\u00e1. El proceso no tendr\u00e1 p\u00fablico ni representantes de la prensa. Todo ser\u00e1 privado y \u201cen petit comit\u00e9\u201d.<\/p>\n\n\n\n<p class=\"wp-block-paragraph\"><strong>2 \u201cPe\u00f1istas\u201d y 2 gobernadores<\/strong><\/p>\n\n\n\n<p class=\"wp-block-paragraph\">&nbsp;Este sexenio se recordar\u00e1 porque es la primera ocasi\u00f3n en que dos miembros del gabinete presidencial inmediato anterior y dos gobernadores de la misma camada quedan presos. Recuerdo los casos de dos ingenieros Eugenio M\u00e9ndez Docurro y Jorge D\u00edaz Serrano, exsecretario de Comunicaciones y Transportes y exdirector de Pemex y senador al ser detenido. Sus procesos fueron producto de venganzas pol\u00edticas. Ambos ya fallecieron.<\/p>\n\n\n\n<p class=\"wp-block-paragraph\">El primero en pisar el piso de una prisi\u00f3n fue el abogado y economista Javier Duarte de Ochoa, quien est\u00e1 cumpliendo una condena de 9 a\u00f1os por el desv\u00edo de 1,349 millones de pesos. El proceso ha estado plagado de irregularidades. Duarte de Ochoa como gobernador de su natal Veracruz se convirti\u00f3, de acuerdo con sus acusadores, en un millonario que comparti\u00f3 compra de inmuebles y ranchos con su hoy exesposa Karime Mac\u00edas.<\/p>\n\n\n\n<p class=\"wp-block-paragraph\">Al ser oficializada la acusaci\u00f3n en su contra, Duarte de Ochoa abandono el pa\u00eds. Anduvo pr\u00f3fugo hasta el 15 de abril de 2017. Lo detuvieron en una poblaci\u00f3n del vecino pa\u00eds sure\u00f1o, en Guatemala. Tres meses despu\u00e9s fue trasladado a la Ciudad de M\u00e9xico. Para entonces ya la dirigencia nacional del PRI lo declar\u00f3 expulsado del partido, como tiempo despu\u00e9s tambi\u00e9n lo fue C\u00e9sar Horacio Duarte J\u00e1cquez, del que comentar\u00e9 enseguida.<\/p>\n\n\n\n<p class=\"wp-block-paragraph\">Hay coincidencias entre Javier y C\u00e9sar Horacio. Los dos fueron gobernadores de 2010 a 2016. No son parientes, aunque el apellido paterno es Duarte. El primero naci\u00f3 en el Puerto de Veracruz y tiene 46 a\u00f1os; fue diputado federal y manej\u00f3 las finanzas en el gobierno de Fidel Herrera Beltr\u00e1n. C\u00e9sar, reci\u00e9n detenido, es de Hidalgo del Parral, Chihuahua y ya lleg\u00f3 a los 57 a\u00f1os. Como diputado federal durante un a\u00f1o presidi\u00f3 el Congreso de la Uni\u00f3n.<\/p>\n\n\n\n<p class=\"wp-block-paragraph\">La segunda en caer presa y llevada a la C\u00e1rcel de Santa Martha Acatitla, al Sur de la Ciudad de M\u00e9xico, fue la licenciada Mar\u00eda del Rosario Robles Berlanga, quien desde el 13 de agosto de 2019 perdi\u00f3 su libertad. Inicialmente le dijeron que estar\u00eda dos meses tras las rejas, pero solo fue una falsa promesa. Llevaba una buena carrera pol\u00edtica que inici\u00f3 como militante del PRD. Diputada federal, secretaria general de Gobierno con Cuauht\u00e9moc C\u00e1rdenas Sol\u00f3rzano.<\/p>\n\n\n\n<p class=\"wp-block-paragraph\">Despu\u00e9s de ser interinamente Jefa de Gobierno del Distrito Federal, tuvo diferencias con el hoy Presidente de M\u00e9xico. Aparentemente se alej\u00f3 del perredismo y reapareci\u00f3 como secretaria de Desarrollo Social en el gabinete del presidente Enrique Pe\u00f1a Nieto, quien despu\u00e9s la nombr\u00f3 titular de Desarrollo Agrario, Territorial y Urbano. Le imputan el desv\u00edo de 1,787 millones de pesos. En todo omento Rosario se ha declarado inocente de esos cargos y antes de recibir sentencia, el actual gobierno federal la inhabilit\u00f3 por 10 a\u00f1os para ejercer un cargo p\u00fablico. \u00bfY si prueba su inocencia?<\/p>\n\n\n\n<p class=\"wp-block-paragraph\">De Duarte J\u00e1quez hay que esperar un buen rato. Lo aprehende la polic\u00eda en Miami, Florida, cuando iba a comprar una llanta. Coincidentemente en Washington se entrevistaban los presidentes de M\u00e9xico y de Estados Unidos de Am\u00e9rica. En junio de 2017 la entonces Procuradur\u00eda General de la Rep\u00fablica lo buscaba. Las presiones del PANista Javier Corral Jurado, gobernador de Chihuahua, no surtieron efecto y el pasado 8 del presente \u201cle dieron su regalo al presidente mexicano\u201d.<\/p>\n\n\n\n<p class=\"wp-block-paragraph\">Este gobernador chihuahuense, como dice el pueblo, no se midi\u00f3. Hizo tal fortuna que hasta fund\u00f3 su propia instituci\u00f3n bancaria. S\u00ed, abri\u00f3 las puertas del Banco Progreso Chihuahua. El gobierno panista lo se\u00f1ala como responsable de malversaci\u00f3n del erario estatal y de haber entregado casi 250 millones de pesos para una campa\u00f1a pol\u00edtico electoral del PRI. Esto era com\u00fan en aquellas \u00e9pocas, aunque hay casos en que les perdonaron todo como es el caso del profesor Humberto Moreira Vald\u00e9s que no rindi\u00f3 cuentas de 36,000 millones de pesos.<\/p>\n\n\n\n<p class=\"wp-block-paragraph\">En s\u00edntesis, dos miembros del gabinete de Pe\u00f1a y dos exgobernadores frente a la justicia. \u00bfHasta d\u00f3nde llegar\u00e1n los cuatro asuntos? Adem\u00e1s hay otros procesados, el abogado Juan Collado Mocelo, detenido hace un a\u00f1o en la Capital del Pa\u00eds y Genaro Garc\u00eda Luna que est\u00e1 en una c\u00e1rcel norteamericana, bajo proceso penal. Collado est\u00e1 pagando cuentas pol\u00edticas que le imputa el r\u00e9gimen actual.<\/p>\n\n\n\n<p class=\"wp-block-paragraph\">Se supo que la Secretaria de Relaciones Exteriores se encargar\u00e1 de tramitar la extradici\u00f3n del exgobernador de Chihuahua, pero \u00e9ste ya est\u00e1 buscando la protecci\u00f3n de la justicia, mediante un amparo, para no retornar a su pa\u00eds.<\/p>\n\n\n\n<p class=\"wp-block-paragraph\"><strong>Pregunta para meditar:<\/strong><\/p>\n\n\n\n<p class=\"wp-block-paragraph\">\u00bfEn el proceso al exdirector de Pemex saltar\u00e1n los nombres de Luis Videgaray, Luis Enrique Miranda Nava, Lino Z\u00e1rate y del mismo Enrique Pe\u00f1a Nieto?<\/p>\n\n\n\n<p class=\"wp-block-paragraph\"><strong>El Zool\u00f3gico de Moctezuma<\/strong><\/p>\n\n\n\n<p class=\"wp-block-paragraph\">La semana pasada coment\u00e9 sobre la fundaci\u00f3n del Zool\u00f3gico de Chapultepec. Como se dice, en el tintero se quedaron algunos datos. Me asombr\u00f3 encontrar referencias al Zool\u00f3gico de Moctezuma Xocoyotzin, uno de los reyes aztecas y al que le toc\u00f3 recibir al aventurero Hern\u00e1n Cort\u00e9s. Estaba ubicado en terrenos de lo que despu\u00e9s fue el Templo de San Francisco de As\u00eds, que a\u00fan se conserva en las calles de Madero, en el Centro Hist\u00f3rico de la Ciudad de M\u00e9xico. Era muy amplio, pues colindaba con el Templo Mayor y cercano al Palacio de Moctezuma, donde est\u00e1 ubicado el Nacional Monte de Piedad.<\/p>\n\n\n\n<p class=\"wp-block-paragraph\">El rey mexica lo clasific\u00f3 en Casa de Aves, Casa de Animales, Casa de Fieras. Hab\u00eda veinte estanques, diez con agua salada y otros tantos con agua dulce. Ten\u00eda peces y aves acu\u00e1ticas. En su vasta extensi\u00f3n hab\u00eda jaguares, pumas, linces, lobos, coyotes, linces, osos, ocelotes y bisontes. Pero lo incre\u00edble, seg\u00fan apuntan los historiadores, tambi\u00e9n un espacio era \u201cUn Zool\u00f3gico Humano\u201d con jorobados, albinos, enanos y deformes. \u00bfSer\u00eda cierto?<\/p>\n\n\n\n<p class=\"wp-block-paragraph\">Pues ese Zoo desapareci\u00f3 a ra\u00edz de la llega de Cort\u00e9s, quien orden\u00f3 su destrucci\u00f3n y fue incendiado. La cr\u00f3nica no se\u00f1ala si en ese acto de barbarie, los animales los humanos quedaron a salvo.<\/p>\n\n\n\n<p class=\"wp-block-paragraph\">P.D. Tres personajes de nuestra Historia Patria son recordados, este mes, en sus respectivos aniversarios luctuosos.&nbsp; El 20 fue asesinado en Parral, Chihuahua, el duranguense Pancho Villa, hace 97 a\u00f1os\u2026En su rec\u00e1mara, en el ala norte de Palacio Nacional, expir\u00f3 el oaxaque\u00f1o Benito Ju\u00e1rez, Presidente de M\u00e9xico en funciones. Era el 18 de julio de 1872\u2026.El mediod\u00eda del 17 de julio de 1928 un falso caricaturista de nombre Jos\u00e9 Le\u00f3n Toral le cort\u00f3 la vida al presidente reelecto \u00c1lvaro Obreg\u00f3n, minutos antes de servirse una comida en su honor en el restaurant La Bombilla, en San \u00c1ngel, D.F\u2026.Tambi\u00e9n un 20 de julio, pero de 1822, es coronado Agust\u00edn de Iturbide como Emperador de M\u00e9xico y adopta el nombre de Agust\u00edn I\u2026Termino comentando que otro d\u00eda 20, el de 1955, fallece el gran Don Susanito Pe\u00f1afiel y Somellera, ilustre artista guanajuatense que conocimos con el nombre de Joaqu\u00edn Pardav\u00e9, quien personific\u00f3 a ese \u201csecretario particular\u201d del presidente Porfirio D\u00edaz, en la pel\u00edcula \u201cM\u00e9xico de mis Recuerdos\u201d.<\/p>\n\n\n\n<p class=\"wp-block-paragraph\">jherrerav@live.com.mx<\/p>\n","protected":false},"excerpt":{"rendered":"<p>Lozoya, los Duarte y Rosario, tras las rejas, bajo proceso<\/p>\n","protected":false},"author":3,"featured_media":23156,"comment_status":"open","ping_status":"open","sticky":false,"template":"","format":"standard","meta":{"_monsterinsights_skip_tracking":false,"footnotes":""},"categories":[691,94,110],"tags":[],"class_list":["post-23155","post","type-post","status-publish","format-standard","has-post-thumbnail","category-691","category-jorge-herrera-valenzuela","category-la-opinion-columnas"],"_links":{"self":[{"href":"https:\/\/redsemlac.com\/semmexico\/wp-json\/wp\/v2\/posts\/23155","targetHints":{"allow":["GET"]}}],"collection":[{"href":"https:\/\/redsemlac.com\/semmexico\/wp-json\/wp\/v2\/posts"}],"about":[{"href":"https:\/\/redsemlac.com\/semmexico\/wp-json\/wp\/v2\/types\/post"}],"author":[{"embeddable":true,"href":"https:\/\/redsemlac.com\/semmexico\/wp-json\/wp\/v2\/users\/3"}],"replies":[{"embeddable":true,"href":"https:\/\/redsemlac.com\/semmexico\/wp-json\/wp\/v2\/comments?post=23155"}],"version-history":[{"count":0,"href":"https:\/\/redsemlac.com\/semmexico\/wp-json\/wp\/v2\/posts\/23155\/revisions"}],"wp:featuredmedia":[{"embeddable":true,"href":"https:\/\/redsemlac.com\/semmexico\/wp-json\/wp\/v2\/media\/23156"}],"wp:attachment":[{"href":"https:\/\/redsemlac.com\/semmexico\/wp-json\/wp\/v2\/media?parent=23155"}],"wp:term":[{"taxonomy":"category","embeddable":true,"href":"https:\/\/redsemlac.com\/semmexico\/wp-json\/wp\/v2\/categories?post=23155"},{"taxonomy":"post_tag","embeddable":true,"href":"https:\/\/redsemlac.com\/semmexico\/wp-json\/wp\/v2\/tags?post=23155"}],"curies":[{"name":"wp","href":"https:\/\/api.w.org\/{rel}","templated":true}]}}