{"id":23139,"date":"2020-07-17T21:50:20","date_gmt":"2020-07-17T21:50:20","guid":{"rendered":"https:\/\/redsemlac.com\/semmexico\/?p=23139"},"modified":"2023-07-21T16:25:49","modified_gmt":"2023-07-21T21:25:49","slug":"fallece-alcaldesa-de-miahuatlan-veracruz-habia-presentado-sintomas-de-covid-19","status":"publish","type":"post","link":"https:\/\/redsemlac.com\/semmexico\/fallece-alcaldesa-de-miahuatlan-veracruz-habia-presentado-sintomas-de-covid-19\/","title":{"rendered":"Fallece alcaldesa de Miahuatl\u00e1n, Veracruz; hab\u00eda presentado s\u00edntomas de COVID-19"},"content":{"rendered":"\n<ul class=\"wp-block-list\"><li><strong>La alcaldesa, Irma Delia B\u00e1rcena, estuvo internada en el Centro de Alta Especialidad (CAE) \u201cDoctor Rafael Lucio\u201d de la ciudad de Xalapa<\/strong><\/li><\/ul>\n\n\n\n<p class=\"wp-block-paragraph\"><strong>Redacci\u00f3n<\/strong><\/p>\n\n\n\n<p class=\"wp-block-paragraph\">SemM\u00e9xico\/Plaza Juarez.mx\/El Universal. 17 de julio 2020.- La presidenta municipal de Miahuatl\u00e1n, Veracruz, Irma Delia B\u00e1rcena Villa, falleci\u00f3 la madrugada de este jueves con s\u00edntomas relacionados al coronavirus Covid-19.<\/p>\n\n\n\n<p class=\"wp-block-paragraph\">La alcaldesa estuvo internada en el Centro de Alta Especialidad (CAE) \u201cDoctor Rafael Lucio\u201d de la ciudad de Xalapa.<\/p>\n\n\n\n<p class=\"wp-block-paragraph\">La enfermedad se complic\u00f3 y tuvo que ser entubada durante varios d\u00edas; sin embargo, falleci\u00f3 durante la madrugada de este jueves.<\/p>\n\n\n\n<p class=\"wp-block-paragraph\">En las redes sociales del Ayuntamiento se coloc\u00f3 un mensaje sobre la muerte de la alcaldesa.<\/p>\n\n\n\n<p class=\"wp-block-paragraph\">&nbsp;\u201cAgradecemos de coraz\u00f3n al apoyo que con afecto demostraron a nuestra alcaldesa Irma Delia B\u00e1rcena Villa, hoy es uno de los d\u00edas m\u00e1s tristes para todo nuestro municipio y para todas las personas que tuvimos la fortuna de conocerla, no hay palabras que llenen el vac\u00edo que nos deja\u201d, se inform\u00f3.<\/p>\n\n\n\n<p class=\"wp-block-paragraph\">Agradecieron las oraciones y atenciones para la pol\u00edtica y explicaron por la contingencia sanitaria no habr\u00e1 ning\u00fan evento ni reuni\u00f3n que genere aglomeraci\u00f3n para despedir a la alcaldesa.<\/p>\n\n\n\n<p class=\"wp-block-paragraph\">Se trata del segundo caso en que un presidente municipal de Veracruz fallece a causa del virus SARS-Cov2, ya que recientemente muri\u00f3 a causa de la enfermedad el alcalde de Coetzala, Gerardo Tirso Acahue Apale.<\/p>\n","protected":false},"excerpt":{"rendered":"<p>La alcaldesa estuvo internada en el Centro de Alta Especialidad (CAE) \u201cDoctor Rafael Lucio\u201d de la ciudad de Xalapa.<\/p>\n","protected":false},"author":3,"featured_media":23140,"comment_status":"open","ping_status":"open","sticky":false,"template":"","format":"standard","meta":{"_monsterinsights_skip_tracking":false,"footnotes":""},"categories":[691,56],"tags":[],"class_list":["post-23139","post","type-post","status-publish","format-standard","has-post-thumbnail","category-691","category-redes"],"_links":{"self":[{"href":"https:\/\/redsemlac.com\/semmexico\/wp-json\/wp\/v2\/posts\/23139","targetHints":{"allow":["GET"]}}],"collection":[{"href":"https:\/\/redsemlac.com\/semmexico\/wp-json\/wp\/v2\/posts"}],"about":[{"href":"https:\/\/redsemlac.com\/semmexico\/wp-json\/wp\/v2\/types\/post"}],"author":[{"embeddable":true,"href":"https:\/\/redsemlac.com\/semmexico\/wp-json\/wp\/v2\/users\/3"}],"replies":[{"embeddable":true,"href":"https:\/\/redsemlac.com\/semmexico\/wp-json\/wp\/v2\/comments?post=23139"}],"version-history":[{"count":0,"href":"https:\/\/redsemlac.com\/semmexico\/wp-json\/wp\/v2\/posts\/23139\/revisions"}],"wp:featuredmedia":[{"embeddable":true,"href":"https:\/\/redsemlac.com\/semmexico\/wp-json\/wp\/v2\/media\/23140"}],"wp:attachment":[{"href":"https:\/\/redsemlac.com\/semmexico\/wp-json\/wp\/v2\/media?parent=23139"}],"wp:term":[{"taxonomy":"category","embeddable":true,"href":"https:\/\/redsemlac.com\/semmexico\/wp-json\/wp\/v2\/categories?post=23139"},{"taxonomy":"post_tag","embeddable":true,"href":"https:\/\/redsemlac.com\/semmexico\/wp-json\/wp\/v2\/tags?post=23139"}],"curies":[{"name":"wp","href":"https:\/\/api.w.org\/{rel}","templated":true}]}}