{"id":23029,"date":"2020-07-13T22:02:31","date_gmt":"2020-07-13T22:02:31","guid":{"rendered":"https:\/\/redsemlac.com\/semmexico\/?p=23029"},"modified":"2023-07-21T16:25:51","modified_gmt":"2023-07-21T21:25:51","slug":"golpeador-de-mujeres-en-el-parque-hundido-de-cdmx-continua-impune","status":"publish","type":"post","link":"https:\/\/redsemlac.com\/semmexico\/golpeador-de-mujeres-en-el-parque-hundido-de-cdmx-continua-impune\/","title":{"rendered":"Golpeador de mujeres en el Parque Hundido de CDMX contin\u00faa impune"},"content":{"rendered":"\n<ul class=\"wp-block-list\"><li><strong>Un hombre se dedica a golpear mujeres en total impunidad porque asegura que la pista en el parque no es para mujeres.<\/strong><\/li><\/ul>\n\n\n\n<p class=\"wp-block-paragraph\"><strong>Redacci\u00f3n<\/strong><\/p>\n\n\n\n<p class=\"wp-block-paragraph\">SemM\u00e9xico\/Billie Parker Noticias. Ciudad de M\u00e9xico. 13 julio 2020.- Luego de que Claudia Sevilla visibilizara las agresiones a las que son sujetas las mujeres que corren en una pista en el Parque Hundido en la Ciudad de M\u00e9xico el tema fue atendido por las autoridades capitalinas.<\/p>\n\n\n\n<p class=\"wp-block-paragraph\">La procuradur\u00eda del Distrito federal invit\u00f3 a la mujer agredida a otorgar el perd\u00f3n al delincuente. Ella contundente afirma que otorgarlo ser\u00eda traicionar sus principios.<\/p>\n\n\n\n<p class=\"wp-block-paragraph\">A trav\u00e9s de redes sociales la mujer narr\u00f3 c\u00f3mo recibi\u00f3 un pu\u00f1etazo en el ojo izquierdo por un corredor sobre el cual ya pesa una denuncia tras el ataque en Parque Hundido, en la capital de M\u00e9xico.<\/p>\n\n\n\n<p class=\"wp-block-paragraph\">Claudia Revilla, quien narr\u00f3 c\u00f3mo el 10 de julio fue golpeada por un hombre con el que se cruz\u00f3 en el carril de corredores de dicho parque argumentando que las mujeres \u201cdebemos hacernos a un lado siempre\u201d.<\/p>\n\n\n\n<p class=\"wp-block-paragraph\">&nbsp;\u201cEl sujeto que hoy me agredi\u00f3, por fin logr\u00f3 quitarme a golpes del carril para correr, ya antes me hab\u00eda empujado (esa primera vez, pens\u00e9 que era un accidente)\u201d\u201d rese\u00f1\u00f3 al describir la agresi\u00f3n \u201csimplemente se me abalanz\u00f3 y me avent\u00f3 el pu\u00f1etazo\u201d.<\/p>\n\n\n\n<p class=\"wp-block-paragraph\">Muchos a\u00f1os trabaj\u00e9 q lado de mentes violentadas\u2026 hoy me toc\u00f3 a mi!!, &nbsp;dijo en redes sociales.<\/p>\n\n\n\n<p class=\"wp-block-paragraph\">La ex voluntaria social, una de las dos mujeres agredidas que se conocen, alert\u00f3 a mujeres corredoras del sujeto que corre ah\u00ed y que le molesta que las mujeres corran en la pista que se encuentra en el parque hundido.<\/p>\n\n\n\n<p class=\"wp-block-paragraph\">&nbsp;\u201cCuidado a las corredoras del Parque Hundido, el hombre que ven abajo va golpeando o empu\u00f1ando a las mujeres que nos cruzamos con \u00e9l en el carril de corredores\u2026<\/p>\n\n\n\n<p class=\"wp-block-paragraph\">Su argumento es que nosotras debemos siempre hacernos a un lado!!! No es la primera vez\u2026 hoy me toc\u00f3 a mi!!!<\/p>\n\n\n\n<p class=\"wp-block-paragraph\">No s\u00e9 el nombre d ella mujer que estuvo a mi lado y que tambi\u00e9n me defendi\u00f3\u2026 le agradezco infinitamente que me hiciera m\u00e1s fuerte!!! Si lo ven en el parque, no se acerquen a \u00e9l y avisen a la polic\u00eda que ya tiene denuncia!!!! Hay fotos y videos de su agresi\u00f3n\u201d, advirti\u00f3 Claudia<\/p>\n\n\n\n<p class=\"wp-block-paragraph\">Claudia Revilla lament\u00f3 que en \u201cUn acto m\u00e1s de cobard\u00eda en tiempos en los que pens\u00e9 que todos cambiar\u00edamos\u201d.<\/p>\n\n\n\n<p class=\"wp-block-paragraph\">M\u00e1s adelante poste\u00f3 en sus redes la denuncia que interpuso convencida que solo as\u00ed se podr\u00e1 erradicar la violencia de los agresores.<\/p>\n\n\n\n<p class=\"wp-block-paragraph\">&nbsp;\u201cYo si denuncio\u2026. A m\u00ed me cuidan!!! Porque ni una mujer se merece vivir una agresi\u00f3n, porque me quiero, porque las autoridades de la CDMX y la Alcald\u00eda me asesoraron y apoyaron de forma sensible y por las miles de brujas, corredoras, mujeres, hombres, amigas y amigos, por una madre guerrera y una familia combativa a la que adoro\u2026 no hab\u00eda forma de temer ni al coronavirus ni al miedo de salir y encontrarme con este hombre\u2026<\/p>\n\n\n\n<p class=\"wp-block-paragraph\">Fui acompa\u00f1ada hacer mi denuncia por todas y todos los que han compartido la publicaci\u00f3n y me han enviado su solidaridad-. A todas y todos, Gracias!!!<\/p>\n\n\n\n<p class=\"wp-block-paragraph\">SEM\/BPN<\/p>\n","protected":false},"excerpt":{"rendered":"<p>Un hombre se dedica a golpear mujeres en total impunidad porque asegura que la pista en el parque no es para mujeres.<\/p>\n","protected":false},"author":3,"featured_media":23030,"comment_status":"open","ping_status":"open","sticky":false,"template":"","format":"standard","meta":{"_monsterinsights_skip_tracking":false,"footnotes":""},"categories":[691,54],"tags":[],"class_list":["post-23029","post","type-post","status-publish","format-standard","has-post-thumbnail","category-691","category-mujeres"],"_links":{"self":[{"href":"https:\/\/redsemlac.com\/semmexico\/wp-json\/wp\/v2\/posts\/23029","targetHints":{"allow":["GET"]}}],"collection":[{"href":"https:\/\/redsemlac.com\/semmexico\/wp-json\/wp\/v2\/posts"}],"about":[{"href":"https:\/\/redsemlac.com\/semmexico\/wp-json\/wp\/v2\/types\/post"}],"author":[{"embeddable":true,"href":"https:\/\/redsemlac.com\/semmexico\/wp-json\/wp\/v2\/users\/3"}],"replies":[{"embeddable":true,"href":"https:\/\/redsemlac.com\/semmexico\/wp-json\/wp\/v2\/comments?post=23029"}],"version-history":[{"count":0,"href":"https:\/\/redsemlac.com\/semmexico\/wp-json\/wp\/v2\/posts\/23029\/revisions"}],"wp:featuredmedia":[{"embeddable":true,"href":"https:\/\/redsemlac.com\/semmexico\/wp-json\/wp\/v2\/media\/23030"}],"wp:attachment":[{"href":"https:\/\/redsemlac.com\/semmexico\/wp-json\/wp\/v2\/media?parent=23029"}],"wp:term":[{"taxonomy":"category","embeddable":true,"href":"https:\/\/redsemlac.com\/semmexico\/wp-json\/wp\/v2\/categories?post=23029"},{"taxonomy":"post_tag","embeddable":true,"href":"https:\/\/redsemlac.com\/semmexico\/wp-json\/wp\/v2\/tags?post=23029"}],"curies":[{"name":"wp","href":"https:\/\/api.w.org\/{rel}","templated":true}]}}