{"id":23021,"date":"2020-07-13T21:22:08","date_gmt":"2020-07-13T21:22:08","guid":{"rendered":"https:\/\/redsemlac.com\/semmexico\/?p=23021"},"modified":"2023-07-21T16:25:51","modified_gmt":"2023-07-21T21:25:51","slug":"cuba-marta-deus-una-emprendedora-que-se-reinventa","status":"publish","type":"post","link":"https:\/\/redsemlac.com\/semmexico\/cuba-marta-deus-una-emprendedora-que-se-reinventa\/","title":{"rendered":"Cuba: Marta Deus, una emprendedora que se reinventa"},"content":{"rendered":"\n<p class=\"wp-block-paragraph\"><strong>Redacci\u00f3n<\/strong><\/p>\n\n\n\n<p class=\"wp-block-paragraph\">SemM\u00e9xico\/SEMlac. Cuba. 13 de julio 2020.- Muchos negocios del sector privado en Cuba se han mantenido en una situaci\u00f3n de incertidumbre durante los \u00faltimos cuatro meses, en medio de la Covid-19, por la imposibilidad de continuar ofreciendo sus servicios. Otros, al contrario, encontraron en este per\u00edodo una v\u00eda oportuna para desarrollarse o ampliarse, en un escenario \u00fanico.<\/p>\n\n\n\n<p class=\"wp-block-paragraph\">Marta Deus Rodr\u00edguez es una de las mujeres que ha sabido guiar, durante el aislamiento, su negocio de servicio de mensajer\u00eda MANDAO Express. Con el env\u00edo de comida y vegetales de algunos restaurantes y fincas, MANDAO ha sido el alivio de muchas familias y, a la vez, una manera factible para que algunos restaurantes se hayan mantenido activos en La Habana.<\/p>\n\n\n\n<p class=\"wp-block-paragraph\">Con sus 32 a\u00f1os, Marta es, adem\u00e1s, fundadora de Deus Expertos Contables, empresa de gesti\u00f3n y asesoramiento financiero, y co-fundadora de la revista digital Negolution, enfocada en dar a conocer la actualidad del emprendimiento cubano.<\/p>\n\n\n\n<p class=\"wp-block-paragraph\">Vivi\u00f3 en Espa\u00f1a con sus padres desde que ten\u00eda 12 a\u00f1os y, siendo adolescente, trabaj\u00f3 como ni\u00f1era-acompa\u00f1ante y profesora de matem\u00e1ticas e ingl\u00e9s de otros ni\u00f1os, cuando no estaba en la escuela. Mientras fue creciendo, conoci\u00f3 la vida laboral en restaurantes, centros de llamadas (locutorios) y como dependienta en una secci\u00f3n de perfumer\u00eda, entre otros espacios que le ense\u00f1aron el valor de la constancia y el esfuerzo propio.<\/p>\n\n\n\n<p class=\"wp-block-paragraph\">\u00abMe gustaba ayudar a mis padres, porque ser emigrante siempre es dif\u00edcil, muy complicado. Hice todo ese tipo de trabajos hasta que entr\u00e9 a la universidad, donde me puse en contacto con un despacho de abogados, en el cual comenc\u00e9 como auxiliar contable. Ah\u00ed estuve hasta que, en los \u00faltimos a\u00f1os de la carrera de Direcci\u00f3n y Administraci\u00f3n de Empresas, trabaj\u00e9 con un profesor en su consultor\u00eda\u00bb.<\/p>\n\n\n\n<p class=\"wp-block-paragraph\">Cuando reinici\u00f3 en Cuba el sector privado, en 2010, para Deus se abri\u00f3 una nueva posibilidad. En 2013 viaj\u00f3 de Europa a La Habana y vio una oportunidad en la tenedur\u00eda de libros y asesor\u00eda de empresas, a trav\u00e9s de la contabilidad. \u00abAbr\u00ed una peque\u00f1a oficina en la que trabaj\u00e1bamos solo dos personas, inicialmente\u00bb, relata a SEMlac.<\/p>\n\n\n\n<p class=\"wp-block-paragraph\">Esta joven se considera una persona enfocada en lograr sus prop\u00f3sitos y para ello visualiza sus objetivos y traza las estrategias correspondientes para alcanzarlos.<\/p>\n\n\n\n<p class=\"wp-block-paragraph\">En el caso particular de los tres negocios que ha fundado, cuenta que analiz\u00f3 cada necesidad econ\u00f3mica, de infraestructura y recursos humanos para luego hacer tangibles sus ideas. La creaci\u00f3n de la empresa es el momento que m\u00e1s disfruta y le apasiona.<\/p>\n\n\n\n<p class=\"wp-block-paragraph\">En 2013 cre\u00f3 Deus Expertos Contables para brindar servicios profesionales orientados a la formaci\u00f3n e impulso del capital humano y empresarial. Especializado en la contabilidad, auditor\u00eda, fiscalidad y asesoramiento financiero y de negocios, el equipo trabaja principalmente con el sector privado y tiene como clientes desde restaurantes hasta cooperativas o artistas.<\/p>\n\n\n\n<p class=\"wp-block-paragraph\">Luego, por el inter\u00e9s constante del env\u00edo inmediato de documentos y paquetes, nace MANDAO Express.<\/p>\n\n\n\n<p class=\"wp-block-paragraph\">\u00abMANDAO surge como oportunidad de negocio que empieza siendo una necesidad de transportaci\u00f3n para m\u00ed, realmente, en un inicio de documentos, facturas, invitaciones\u0085 y ahora de comida, por lo rentable que resulta\u00bb.<\/p>\n\n\n\n<p class=\"wp-block-paragraph\">Negolution aparece en el panorama digital, en 2016, como una revista al servicio de las necesidades del sector privado y empresarial, tanto para informar sobre el mundo de los negocios en Cuba, como para crear una comunidad de emprendimiento con la cual compartir.<\/p>\n\n\n\n<p class=\"wp-block-paragraph\">\u00abLa experiencia ha sido positiva. Todos los emprendedores somos s\u00faper positivos. La gente tiene una energ\u00eda tremenda. Eso es una cosa que me encanta. Tienen ganas y fuerzas que te hacen seguir\u00bb, reconoce Deus.<\/p>\n\n\n\n<p class=\"wp-block-paragraph\">\u00abNo siempre ha sido f\u00e1cil, aqu\u00ed en Cuba, y hay muchos problemas para casi todo. Hay vac\u00edos legales o falta de dinero, pero en recursos humanos hay muy buenas personas, aunque no todo el mundo con una visi\u00f3n de negocios o una cultura en ese sentido. Por eso muchas veces me he sentido sola, hasta que el equipo ha logrado engranarse para ser socios como lo somos ahora\u00bb, relata.<\/p>\n\n\n\n<p class=\"wp-block-paragraph\">Marta Deus se siente orgullosa de c\u00f3mo est\u00e1 funcionando para las personas el sector privado en Cuba y la manera en que ha impactado en la vida de cuentapropistas y sus familiares. Piensa que el emprendedor pasa a ser alguien con nuevos horizontes, que visualiza un mejor futuro, con oportunidades para s\u00ed mismo y los suyos, dispuesto a cambiar, perfeccionarse y aliarse.<\/p>\n\n\n\n<p class=\"wp-block-paragraph\">\u00abHe visto c\u00f3mo tantos negocios han crecido y c\u00f3mo ha cambiado la din\u00e1mica de una ciudad como La Habana. La situaci\u00f3n del sector privado en este momento es muy compleja. Ya no era f\u00e1cil y el coronavirus vino a ponerle la guinda al pastel. Tenemos mucha incertidumbre y, siempre lo digo, la incertidumbre es el peor enemigo de los negocios y de hacer negocios, porque no te da seguridad\u00bb, valora la joven.<\/p>\n\n\n\n<p class=\"wp-block-paragraph\">Entre adversidades y riesgos, Deus valora el panorama actual. \u00abEn momentos as\u00ed, no tomas las mejores decisiones; las estrategias son muy vagas, endebles; no te deja ver bien el futuro, no te permite invertir, adem\u00e1s de las dificultades con los suministros, el turismo, situaciones econ\u00f3micas\u0085\u00bb<\/p>\n\n\n\n<p class=\"wp-block-paragraph\">El confinamiento en Cuba y la situaci\u00f3n epidemiol\u00f3gica mundial han tra\u00eddo consigo una serie de sentimientos encontrados en las personas, respecto al futuro y las \u00abnormalidades\u00bb pr\u00f3ximas que habr\u00e1 que adoptar. Los negocios particulares del pa\u00eds no escapan de este panorama y Deus considera que el pr\u00f3ximo paso a tener en cuenta, desde estas primeras fases, es la reinvenci\u00f3n.<\/p>\n\n\n\n<p class=\"wp-block-paragraph\">\u00abOportunidades siempre hay, si has logrado guardar dinero y ahorrar, sobre todo del tipo inmobiliarias, de negociaci\u00f3n, contratos. Por los muchos desaf\u00edos, hay que reinventarse, pensar en nuestros servicios, ajustarlos, mejorarlos, ser muy flexibles con los clientes, entenderlos, ser muy emp\u00e1ticos, porque la situaci\u00f3n no es la misma\u00bb, advierte.<\/p>\n\n\n\n<p class=\"wp-block-paragraph\">De cualquier modo, ella no se deja vencer y apuesta por estrategias de adaptabilidad, enfocada en el nuevo contexto.<\/p>\n\n\n\n<p class=\"wp-block-paragraph\">\u00abVamos a tener que repensar nuestro modelo de negocio y ajustarnos a la nueva realidad. Desventajas tenemos muchas. Los turistas, en el momento que entren, ser\u00e1n pocos para tantos negocios. Habr\u00e1 que ver c\u00f3mo se llega a ellos y qu\u00e9 servicio se les ofrece\u00bb, comenta.<\/p>\n\n\n\n<p class=\"wp-block-paragraph\">\u00abHay que enfocarse mucho en el marketing digital y el comercio electr\u00f3nico, especialmente para las personas que no quieren salir de casa; puede que sea un sector que podamos alcanzar. Realmente, ser\u00e1 un trabajo duro para mantenerse y lograr tener un &#8216;cachito&#8217; dentro del mercado peque\u00f1o que vamos a tener por mucho tiempo\u00bb.<\/p>\n","protected":false},"excerpt":{"rendered":"<p>El confinamiento en Cuba y la situaci\u00f3n epidemiol\u00f3gica mundial han tra\u00eddo consigo una serie de sentimientos encontrados en las personas, respecto al futuro y las \u00abnormalidades\u00bb pr\u00f3ximas que habr\u00e1 que adoptar.<\/p>\n","protected":false},"author":3,"featured_media":23022,"comment_status":"open","ping_status":"open","sticky":false,"template":"","format":"standard","meta":{"_monsterinsights_skip_tracking":false,"footnotes":""},"categories":[691,53],"tags":[],"class_list":["post-23021","post","type-post","status-publish","format-standard","has-post-thumbnail","category-691","category-internacional"],"_links":{"self":[{"href":"https:\/\/redsemlac.com\/semmexico\/wp-json\/wp\/v2\/posts\/23021","targetHints":{"allow":["GET"]}}],"collection":[{"href":"https:\/\/redsemlac.com\/semmexico\/wp-json\/wp\/v2\/posts"}],"about":[{"href":"https:\/\/redsemlac.com\/semmexico\/wp-json\/wp\/v2\/types\/post"}],"author":[{"embeddable":true,"href":"https:\/\/redsemlac.com\/semmexico\/wp-json\/wp\/v2\/users\/3"}],"replies":[{"embeddable":true,"href":"https:\/\/redsemlac.com\/semmexico\/wp-json\/wp\/v2\/comments?post=23021"}],"version-history":[{"count":0,"href":"https:\/\/redsemlac.com\/semmexico\/wp-json\/wp\/v2\/posts\/23021\/revisions"}],"wp:featuredmedia":[{"embeddable":true,"href":"https:\/\/redsemlac.com\/semmexico\/wp-json\/wp\/v2\/media\/23022"}],"wp:attachment":[{"href":"https:\/\/redsemlac.com\/semmexico\/wp-json\/wp\/v2\/media?parent=23021"}],"wp:term":[{"taxonomy":"category","embeddable":true,"href":"https:\/\/redsemlac.com\/semmexico\/wp-json\/wp\/v2\/categories?post=23021"},{"taxonomy":"post_tag","embeddable":true,"href":"https:\/\/redsemlac.com\/semmexico\/wp-json\/wp\/v2\/tags?post=23021"}],"curies":[{"name":"wp","href":"https:\/\/api.w.org\/{rel}","templated":true}]}}