{"id":23018,"date":"2020-07-13T21:14:09","date_gmt":"2020-07-13T21:14:09","guid":{"rendered":"https:\/\/redsemlac.com\/semmexico\/?p=23018"},"modified":"2023-07-21T16:25:51","modified_gmt":"2023-07-21T21:25:51","slug":"onu-propone-la-creacion-de-un-bono-contra-el-hambre-en-america-latina","status":"publish","type":"post","link":"https:\/\/redsemlac.com\/semmexico\/onu-propone-la-creacion-de-un-bono-contra-el-hambre-en-america-latina\/","title":{"rendered":"ONU propone la creaci\u00f3n de un \u201cbono contra el hambre\u201d en Am\u00e9rica Latina"},"content":{"rendered":"\n<ul class=\"wp-block-list\"><li><strong>Un nuevo informe de dos agencias de las Naciones Unidas propone un \u201cbono contra el Hambre\u201d adem\u00e1s de un ingreso m\u00ednimo de emergencia para evitar que la crisis sanitaria del COVID-19 se convierta en una crisis alimentaria que haga\u00a0retroceder a la regi\u00f3n 20 a\u00f1os de desarrollo y\u00a0empuje\u00a0a millones m\u00e1s al hambre y la pobreza.\u00a0<\/strong><\/li><\/ul>\n\n\n\n<p class=\"wp-block-paragraph\"><strong>Redacci\u00f3n<\/strong><\/p>\n\n\n\n<p class=\"wp-block-paragraph\">SemM\u00e9xico\/ ONU Noticias. 13 de julio 2020.- El esfuerzo de dos d\u00e9cadas para eliminar la pobreza extrema puede perderse en cuesti\u00f3n de meses y millones de personas m\u00e1s pasar\u00e1n hambre debido a la crisis del COVID-19, advierte un nuevo informe de la\u00a0<a href=\"https:\/\/www.cepal.org\/es\">Comisi\u00f3n Econ\u00f3mica para Am\u00e9rica Latina y el Caribe<\/a>\u00a0y la Organizaci\u00f3n para la Alimentaci\u00f3n y la Agricultura (FAO).<\/p>\n\n\n\n<p class=\"wp-block-paragraph\">De acuerdo con las agencias, Am\u00e9rica Latina necesita medidas urgentes para evitar que la actual crisis de salud causada por el coronavirus se transforme en una crisis alimentaria.<\/p>\n\n\n\n<p class=\"wp-block-paragraph\">Con la mayor ca\u00edda del PIB regional en un siglo,&nbsp;<strong>estimada en un -5.3%<\/strong>, aproximadamente 16 millones de latinoamericanos caer\u00e1n en la pobreza extrema hasta un total de 83,4 millones de personas, lo que har\u00e1 que muchos de ellos tengan dificultades para acceder a comida. Entre 2016 y 2018 ya hab\u00eda 53,7 millones de personas en inseguridad alimentaria severa en Am\u00e9rica Latina.<\/p>\n\n\n\n<p class=\"wp-block-paragraph\">La secretaria ejecutiva de la Comisi\u00f3n, Alicia B\u00e1rcena, y el director regional de la agencia de la ONU para la alimentaci\u00f3n, Julio Berdegu\u00e9, explicaron durante una conferencia de prensa que los efectos de la crisis ya son visibles en los sistemas alimentarios: la vulnerabilidad de los trabajadores ha crecido y los precios internos de los alimentos est\u00e1n subiendo m\u00e1s que el precio de otros productos de la canasta b\u00e1sica, seg\u00fan el \u00cdndice de precios al consumidor.<\/p>\n\n\n\n<p class=\"wp-block-paragraph\">Adem\u00e1s,&nbsp;<strong>debido al aumento del desempleo y la ca\u00edda en los ingresos<\/strong>, millones de personas no pueden comprar suficientes alimentos, y muchas otras est\u00e1n teniendo que optar por alimentos m\u00e1s baratos y de menor calidad nutricional.<\/p>\n\n\n\n<p class=\"wp-block-paragraph\">\u201cVemos que hay un aumento en la posibilidad de una crisis alimentaria. Nuestra regi\u00f3n acumula siete a\u00f1os de muy bajo crecimiento. A partir de 2014 ha aumentado la pobreza. Con esta crisis que ser\u00e1 la m\u00e1s grande en la historia de la regi\u00f3n, sin duda va a haber un aumento de la pobreza extrema y el hambre\u201d, explic\u00f3 B\u00e1rcenas.<\/p>\n\n\n\n<p class=\"wp-block-paragraph\">&nbsp;\u201cPodemos perder todo lo que hemos hecho en 20 a\u00f1os, y volver a donde est\u00e1bamos hace 20 a\u00f1os en un par de meses [\u2026]Millones de personas pueden caer en el hambre. Esa es la gravedad del problema actual\u201d, agreg\u00f3 el director de la FAO.<\/p>\n\n\n\n<p class=\"wp-block-paragraph\">El informe tambi\u00e9n expresa una fuerte preocupaci\u00f3n por sectores de alto valor intensivos en manos de obra como el caf\u00e9, las flores y las frutas, as\u00ed como un impacto sobre el empleo femenino en medio de la crisis. &nbsp;Tambi\u00e9n existe&nbsp;<strong>un impacto adicional de los fen\u00f3menos clim\u00e1ticos<\/strong>&nbsp;sobre la producci\u00f3n agropecuaria, en particular, los productores de subsistencia y los trabajadores agr\u00edcolas.<\/p>\n\n\n\n<p class=\"has-small-font-size wp-block-paragraph\"><img decoding=\"async\" width=\"100%\" height=\"\" src=\"https:\/\/global.unitednations.entermediadb.net\/assets\/mediadb\/services\/module\/asset\/downloads\/preset\/assets\/2016\/03\/23869\/image1170x530cropped.jpg\">FAO\/Ubirajara Machado. Los pa\u00edses de Am\u00e9rica Latina han implementado programas de almuerzos escolares para luchar contra el hambre. La pandemia de COVID-19 ha afetado enormemente a los beneficiarios de estos programas.<\/p>\n\n\n\n<h2 class=\"wp-block-heading\">Un bono contra el hambre para los m\u00e1s vulnerables<\/h2>\n\n\n\n<p class=\"wp-block-paragraph\">Para las agencias, la gran tarea es impedir que la crisis actual de la pandemia se convierta en una crisis alimentaria, algo que se puede alcanzar complementando un ingreso b\u00e1sico de emergencia con un bono contra el hambre.<\/p>\n\n\n\n<p class=\"wp-block-paragraph\">Seg\u00fan el informe,&nbsp;<strong>este bono podr\u00eda materializarse en la forma de transferencias monetarias<\/strong>, canastas o cupones de alimentos a toda la poblaci\u00f3n en situaci\u00f3n de pobreza extrema por un per\u00edodo de seis meses, equivalente al 70% de la l\u00ednea de pobreza extrema regional, que se sit\u00faa en el valor de 47 d\u00f3lares del a\u00f1o 2010.<\/p>\n\n\n\n<p class=\"wp-block-paragraph\">Su costo equivaldr\u00eda al 0,06% del PIB regional, si se entrega \u00fanicamente a la poblaci\u00f3n en pobreza extrema mayor de 65 a\u00f1os, o al 0,45% del PIB si se da cobertura a toda la poblaci\u00f3n en pobreza extrema. La CEPAL y la FAO recomiendan la segunda opci\u00f3n, lo que tendr\u00eda un costo estimado de 23.500 millones de d\u00f3lares.<\/p>\n\n\n\n<p class=\"wp-block-paragraph\">Adem\u00e1s, proponen un incremento de al menos un 20% de la cartera promedio de cr\u00e9ditos de los \u00faltimos tres a\u00f1os, que sumar\u00eda alrededor de 5500 millones de d\u00f3lares, para los productores del sistema alimentario. Adicionalmente, para las unidades agr\u00edcolas familiares m\u00e1s rezagadas, los expertos dicen que se necesita un kit b\u00e1sico de inversi\u00f3n de 250 d\u00f3lares con un costo de 1700 millones de d\u00f3lares en la escala regional.<\/p>\n\n\n\n<p class=\"wp-block-paragraph\">Los funcionarios hicieron un llamado a la cooperaci\u00f3n internacional para apoyar a los pa\u00edses en mayor situaci\u00f3n de vulnerabilidad.<\/p>\n\n\n\n<p class=\"has-small-font-size wp-block-paragraph\"><img decoding=\"async\" width=\"100%\" height=\"\" src=\"https:\/\/global.unitednations.entermediadb.net\/assets\/mediadb\/services\/module\/asset\/downloads\/preset\/Libraries\/Production+Library\/08-05-2020-FAO-Chile-COVID-19-03.jpg\/image1170x530cropped.jpg\">FAO\/Max Valencia. \u00c9l mercado de Lo Valledor en Chile contin\u00faa suministrando alimentos al p\u00fablico durante la pandemia de COVID-19 con todas las medidas de protecci\u00f3n. La situaci\u00f3n actual del coronavirus en Am\u00e9rica Central y del Sur es la \u201cm\u00e1s compleja\u201d.<\/p>\n\n\n\n<h2 class=\"wp-block-heading\">Riesgos de disrupci\u00f3n en el sistema alimentario<\/h2>\n\n\n\n<p class=\"wp-block-paragraph\">Julio Berdegu\u00e9 expuso que la actual crisis representa adem\u00e1s un riesgo de disrupciones en el sistema alimentario de la regi\u00f3n.<\/p>\n\n\n\n<p class=\"wp-block-paragraph\">Puso como ejemplo que, en Colombia,&nbsp;<strong>las cosechas de producci\u00f3n agr\u00edcola se est\u00e1n perdiendo porque no hay quien compre<\/strong>, mientras que, en Cuba, la producci\u00f3n est\u00e1 disminuyendo por menores ingresos y el cierre del sector turismo.<\/p>\n\n\n\n<p class=\"wp-block-paragraph\">Asimismo, en Brasil, el COVID-19 est\u00e1 causando una ca\u00edda del 9,6% en las ventas de mercados mayoristas en Sao Paulo, y en Per\u00fa caus\u00f3 el cierre del Gran Mercado Mayorista de Lima.<\/p>\n\n\n\n<p class=\"wp-block-paragraph\">\u201cEl sistema alimentario es complejo, sus actividades son esenciales y sus trabajadores son vulnerables. Facilitar el funcionamiento de las cadenas de suministro de alimentos es fundamental para garantizar la provisi\u00f3n y el acceso\u201d, afirm\u00f3 el experto.<\/p>\n\n\n\n<p class=\"has-small-font-size wp-block-paragraph\"><img decoding=\"async\" width=\"100%\" height=\"\" src=\"https:\/\/global.unitednations.entermediadb.net\/assets\/mediadb\/services\/module\/asset\/downloads\/preset\/Libraries\/Production+Library\/08-06-2020-UNDP-Guatemala.jpg\/image1170x530cropped.jpg\">UNDP Guatemala\/Caroline TrutmannMujeres agricultoras en Guatemala<\/p>\n\n\n\n<h2 class=\"wp-block-heading\">Recomendaciones<\/h2>\n\n\n\n<p class=\"wp-block-paragraph\">Las agencias proponen el bono contra el hambre como parte de un dec\u00e1logo de medidas para que todos los hogares accedan a una alimentaci\u00f3n suficiente y nutritiva, las empresas y actores del sistema alimentario puedan realizar sus tareas, y los pa\u00edses cuenten con suficientes alimentos para garantizar el abasto a precios razonables.<\/p>\n\n\n\n<p class=\"wp-block-paragraph\"><strong>Las otras medidas son:<\/strong><\/p>\n\n\n\n<ul class=\"wp-block-list\"><li>Reforzar los programas de alimentaci\u00f3n escolar para garantizar la alimentaci\u00f3n de ni\u00f1os, ni\u00f1as y adolescentes<\/li><li>Apoyar las iniciativas de asistencia alimentaria de las organizaciones de la sociedad civil<\/li><li>Apoyo financiero a trav\u00e9s de cr\u00e9ditos y subsidios productivos para las empresas agropecuarias, orientado principalmente a la agricultura familiar<\/li><li>Ajustar los protocolos de sanidad y salud en la producci\u00f3n y el transporte de alimentos y en los mercados mayoristas y minoristas<\/li><li>Expandir y garantizar el funcionamiento de los programas de apoyo a la producci\u00f3n de autoconsumo<\/li><li>Asegurar el financiamiento, la asistencia t\u00e9cnica y el acceso a insumos y mano de obra a los agricultores y pescadores artesanales<\/li><li>Establecer mecanismos \u00e1giles de consulta y coordinaci\u00f3n p\u00fablico-privada entre todos los actores del sistema alimentario<\/li><li>Impedir que los mercados mayoristas y minoristas y las agroindustrias se cierren o disminuyan sus operaciones<\/li><li>Continuar con las pol\u00edticas que han mantenido abierto el comercio mundial de alimentos, en particular evitando medidas proteccionistas que aumenten el precio de los alimentos<\/li><\/ul>\n\n\n\n<p class=\"wp-block-paragraph\">\u201cEsta crisis no es algo que va a pasar r\u00e1pido,\u00a0<strong>hay que entender que enfrentamos un 2020 malo y un 2021 muy d\u00e9bil<\/strong>. Es m\u00e1s dif\u00edcil resistir dos a\u00f1os que dos meses\u201d, asegur\u00f3 el director regional de la FAO, asegurando que las medidas recomendadas en el informe son muy necesarias para el bienestar de la poblaci\u00f3n latinoamericana.<\/p>\n\n\n\n<p class=\"has-small-font-size wp-block-paragraph\"><img decoding=\"async\" width=\"100%\" height=\"\" src=\"https:\/\/global.unitednations.entermediadb.net\/assets\/mediadb\/services\/module\/asset\/downloads\/preset\/Libraries\/Production+Library\/28-05-2020_WFP_Colombia.jpg\/image1170x530cropped.jpg\">PMA\/Mathias RoedEl PMA distribuye canastas con comida entre las poblaciones vulnerables en Colombia.<\/p>\n\n\n\n<h2 class=\"wp-block-heading\">Una pandemia de hambre<\/h2>\n\n\n\n<p class=\"wp-block-paragraph\">Este martes el&nbsp;<a href=\"http:\/\/es.wfp.org\/\">Programa Mundial de Alimentos<\/a>&nbsp;se hizo eco del llamado de la CEPAL y la FAO, y afirm\u00f3 que en realidad se necesitan medidas urgentes para la regi\u00f3n.<\/p>\n\n\n\n<p class=\"wp-block-paragraph\">La alerta se produce cuando las tasas de infecci\u00f3n por coronavirus contin\u00faan aumentando r\u00e1pidamente en la regi\u00f3n de Am\u00e9rica del Sur,<strong>&nbsp;y el n\u00famero de casos se duplic\u00f3 en las \u00faltimas tres semanas, a 1,6 millones.<\/strong><\/p>\n\n\n\n<p class=\"wp-block-paragraph\">Seg\u00fan el programa, el COVID-19 podr\u00eda empujar a 10 millones de personas adicionales en Am\u00e9rica Latina y el Caribe a una grave inseguridad alimentaria este a\u00f1o.<\/p>\n\n\n\n<p class=\"wp-block-paragraph\">&nbsp;El director regional del Programa, Miguel Barreto, dijo a los periodistas por videoconferencia que la advertencia se aplicaba a los pa\u00edses donde estaba presente la agencia, como Colombia, Honduras y Hait\u00ed. El Programa no opera en Argentina, Brasil, Chile, M\u00e9xico y Venezuela:<\/p>\n\n\n\n<p class=\"wp-block-paragraph\">&nbsp;\u201cNuestra proyecci\u00f3n pinta una imagen cruda. Nuestra regi\u00f3n ya tiene problemas relacionados con las crisis econ\u00f3micas y clim\u00e1ticas, as\u00ed como con la inseguridad y el desplazamiento. Otro problema es que entre el 50 y el 70% de los trabajadores lo hacen en el sector informal, lo que los hace m\u00e1s vulnerables porque no pueden acceder al trabajo debido al cierre en la mayor\u00eda de los pa\u00edses de la regi\u00f3n\u201d.<\/p>\n\n\n\n<p class=\"wp-block-paragraph\">\u00a0El funcionario hizo un llamado\u00a0<strong>a la solidaridad\u00a0<\/strong>de las instituciones financieras internacionales, los gobiernos, los organismos multilaterales \u00aby todos los sectores de la sociedad\u00bb para vencer al virus y proteger a los pa\u00edses y comunidades m\u00e1s vulnerables.<\/p>\n\n\n\n<p class=\"has-small-font-size wp-block-paragraph\"><img decoding=\"async\" width=\"100%\" height=\"\" src=\"https:\/\/global.unitednations.entermediadb.net\/assets\/mediadb\/services\/module\/asset\/downloads\/preset\/Libraries\/Production+Library\/16-06-2020_IOM_Brazil.jpg\/image1170x530cropped.jpg\">OIMLa OIM apoya a venezolanos y brasile\u00f1os en las \u00e1reas afectadas por la crisis de coronavirus en Brasil<\/p>\n\n\n\n<h2 class=\"wp-block-heading\">La asistencia social es clave<\/h2>\n\n\n\n<p class=\"wp-block-paragraph\">Varios pa\u00edses de la regi\u00f3n de Am\u00e9rica Latina y el Caribe ya han aumentado la asistencia social a millones de personas que viven en la pobreza\u201d, se\u00f1al\u00f3 Barreto.<\/p>\n\n\n\n<p class=\"wp-block-paragraph\">Esta ayuda adicional ha marcado \u00abtoda la diferencia\u00bb, dijo, al&nbsp;<strong>permitir que las personas que viven d\u00eda a d\u00eda satisfagan sus necesidades b\u00e1sicas sin tener que abandonar sus hogares y potencialmente entrar en contacto con el coronavirus.<\/strong><\/p>\n\n\n\n<p class=\"wp-block-paragraph\">\u00abRecomendamos que los Gobiernos ampl\u00eden sus programas para incluir a personas y grupos m\u00e1s vulnerables, como trabajadores informales y migrantes\u00bb, insisti\u00f3, antes de destacar un proyecto piloto entre el Gobierno de Colombia y el Programa en el departamento de Arauca que ayuda a 42.000 migrantes venezolanos y colombianos que est\u00e1n excluidos de cualquier protecci\u00f3n social o apoyo de emergencia.<\/p>\n\n\n\n<p class=\"wp-block-paragraph\">Barreto explic\u00f3 que el proyecto es lo que llaman \u201crespuesta de choque en la protecci\u00f3n social\u201d. La mayor\u00eda de los migrantes no pueden obtener apoyo del sistema nacional de apoyo a la protecci\u00f3n, por eso algunos de ellos ahora est\u00e1n regresando a Venezuela.<\/p>\n\n\n\n<p class=\"wp-block-paragraph\">\u201cEste piloto de Arauca, que b\u00e1sicamente significa que el PMA&nbsp;<strong>inyecta fondos al sistema nacional de protecci\u00f3n<\/strong>, busca soluciones duraderas\u201d, dijo.<\/p>\n\n\n\n<p class=\"wp-block-paragraph\">Asimismo, desde el centro humanitario regional en Panam\u00e1, esta agencia de la ONU ha enviado m\u00e1s de 68 toneladas de suministros a 27 pa\u00edses de la regi\u00f3n. En los pr\u00f3ximos d\u00edas, Barreto anunci\u00f3 que los vuelos de carga comenzar\u00e1n a llegar a la regi\u00f3n desde su centro internacional en China.<\/p>\n\n\n\n<p class=\"wp-block-paragraph\">El \u00abprimero de muchos vuelos\u00bb en la regi\u00f3n tambi\u00e9n traer\u00e1 suministros cr\u00edticos de salud a Ecuador de la&nbsp;<a href=\"http:\/\/www.who.int\/es\/\">Organizaci\u00f3n Mundial de la Salud<\/a>&nbsp;&nbsp;y la&nbsp;<a href=\"https:\/\/www.paho.org\/hq\/?lang=es\">Organizaci\u00f3n Panamericana de la Salud<\/a>, agreg\u00f3.<\/p>\n\n\n\n<p class=\"wp-block-paragraph\">\u00abEn un momento en que vemos que el virus devasta nuestra regi\u00f3n, este apoyo es absolutamente crucial para las personas en la primera l\u00ednea de la pandemia, y esperamos la llegada de m\u00e1s suministros en los pr\u00f3ximos d\u00edas y semanas\u00bb, dijo.<\/p>\n\n\n\n<p class=\"wp-block-paragraph\">El PMA tambi\u00e9n&nbsp;<strong>planea organizar vuelos de pasajeros a diferentes puntos de la regi\u00f3n para las comunidades humanitarias y de salud.<\/strong><\/p>\n\n\n\n<p class=\"wp-block-paragraph\">\u00abEstos servicios comunes se necesitan ahora m\u00e1s que nunca porque la pandemia, que ha aumentado las necesidades humanitarias ya elevadas, al mismo tiempo ha causado interrupciones en las l\u00edneas de suministro y reducciones en el transporte internacional en todo el mundo\u00bb, explic\u00f3 Barreto.<\/p>\n\n\n\n<p class=\"wp-block-paragraph\">El experto advirti\u00f3 que el hecho de que la regi\u00f3n no est\u00e1 en conflicto hace menos visible el impacto que est\u00e1 teniendo la crisis econ\u00f3mica y la migraci\u00f3n.<\/p>\n\n\n\n<p class=\"has-small-font-size wp-block-paragraph\"><img decoding=\"async\" width=\"100%\" height=\"\" src=\"https:\/\/global.unitednations.entermediadb.net\/assets\/mediadb\/services\/module\/asset\/downloads\/preset\/Libraries\/Production+Library\/11-06-2020-OCHA-Venezuela-2.jpg\/image1170x530cropped.jpg\">OCHA\/Gema CortesUn control de temperatura por el coronavirus en un albergue en Venezuela<\/p>\n\n\n\n<h2 class=\"wp-block-heading\">Negociaciones con Venezuela<\/h2>\n\n\n\n<p class=\"wp-block-paragraph\">El director regional del Programa inform\u00f3 respondiendo preguntas a periodistas que se encuentra en negociaciones con el Gobierno de Venezuela para que la agencia ingrese al pa\u00eds.<\/p>\n\n\n\n<p class=\"wp-block-paragraph\">\u201cHay muy buena voluntad de ambas partes y estamos sent\u00e1ndonos para ver como podemos colaborar en el pa\u00eds. Las negociaciones van bien como todos queremos, y es probable que el Programa Mundial de Alimentos entre a Venezuela este 2020, pero a\u00fan falta mucho por dialogar\u201d, dijo.<\/p>\n\n\n\n<p class=\"wp-block-paragraph\">El Programa no opera en el pa\u00eds suramerican<strong>o hace 45 a\u00f1os.<\/strong><\/p>\n","protected":false},"excerpt":{"rendered":"<p>De acuerdo con las agencias, Am\u00e9rica Latina necesita medidas urgentes para evitar que la actual crisis de salud causada por el coronavirus se transforme en una crisis alimentaria.<\/p>\n","protected":false},"author":3,"featured_media":23019,"comment_status":"open","ping_status":"open","sticky":false,"template":"","format":"standard","meta":{"_monsterinsights_skip_tracking":false,"footnotes":""},"categories":[691,135],"tags":[],"class_list":["post-23018","post","type-post","status-publish","format-standard","has-post-thumbnail","category-691","category-emergencia-sanitaria-covid-19"],"_links":{"self":[{"href":"https:\/\/redsemlac.com\/semmexico\/wp-json\/wp\/v2\/posts\/23018","targetHints":{"allow":["GET"]}}],"collection":[{"href":"https:\/\/redsemlac.com\/semmexico\/wp-json\/wp\/v2\/posts"}],"about":[{"href":"https:\/\/redsemlac.com\/semmexico\/wp-json\/wp\/v2\/types\/post"}],"author":[{"embeddable":true,"href":"https:\/\/redsemlac.com\/semmexico\/wp-json\/wp\/v2\/users\/3"}],"replies":[{"embeddable":true,"href":"https:\/\/redsemlac.com\/semmexico\/wp-json\/wp\/v2\/comments?post=23018"}],"version-history":[{"count":0,"href":"https:\/\/redsemlac.com\/semmexico\/wp-json\/wp\/v2\/posts\/23018\/revisions"}],"wp:featuredmedia":[{"embeddable":true,"href":"https:\/\/redsemlac.com\/semmexico\/wp-json\/wp\/v2\/media\/23019"}],"wp:attachment":[{"href":"https:\/\/redsemlac.com\/semmexico\/wp-json\/wp\/v2\/media?parent=23018"}],"wp:term":[{"taxonomy":"category","embeddable":true,"href":"https:\/\/redsemlac.com\/semmexico\/wp-json\/wp\/v2\/categories?post=23018"},{"taxonomy":"post_tag","embeddable":true,"href":"https:\/\/redsemlac.com\/semmexico\/wp-json\/wp\/v2\/tags?post=23018"}],"curies":[{"name":"wp","href":"https:\/\/api.w.org\/{rel}","templated":true}]}}